{"id":655520,"date":"2026-01-11T05:45:23","date_gmt":"2026-01-11T05:45:23","guid":{"rendered":"https:\/\/www.europesays.com\/fr\/655520\/"},"modified":"2026-01-11T05:45:23","modified_gmt":"2026-01-11T05:45:23","slug":"la-russie-a-atteint-un-nouveau-niveau-effroyable-de-crimes-de-guerre-lonu-se-reunit-en-urgence-sur-les-frappes-en-ukraine-ce-lundi","status":"publish","type":"post","link":"https:\/\/www.europesays.com\/fr\/655520\/","title":{"rendered":"\u00ab\u00a0La Russie a atteint un nouveau niveau effroyable de crimes de guerre\u00a0\u00bb\u00a0: l\u2019ONU se r\u00e9unit en urgence sur les frappes en Ukraine ce lundi"},"content":{"rendered":"<p>Le Conseil de s\u00e9curit\u00e9 de l\u2019ONU se r\u00e9unira, ce lundi, \u00e0 la demande de <a href=\"https:\/\/www.letelegramme.fr\/monde\/guerre-ukraine-russie\/\" target=\"_blank\" rel=\"noopener\">l\u2019Ukraine<\/a>, apr\u00e8s de nouvelles frappes russes massives et l\u2019utilisation par Moscou de son missile de derni\u00e8re g\u00e9n\u00e9ration Orechnik, selon le programme modifi\u00e9 du Conseil publi\u00e9 vendredi soir.<\/p>\n<p>\u00ab La Russie a atteint un nouveau niveau effroyable de crimes de guerre et de crimes contre l\u2019humanit\u00e9 dans ses attaques contre les civils et infrastructures civiles en Ukraine \u00bb, d\u00e9nonce l\u2019ambassadeur d\u2019Ukraine \u00e0 l\u2019ONU Andri\u00ef Melnyk dans sa lettre demandant la r\u00e9union, vue par l\u2019AFP.<\/p>\n<p>\u00ab Une menace grave et sans pr\u00e9c\u00e9dent \u00bb<\/p>\n<p><a href=\"https:\/\/www.letelegramme.fr\/monde\/guerre-ukraine-russie\/infrastructures-energetiques-et-drones-vises-en-ukraine-la-russie-intensifie-ses-frappes-avec-le-missile-orechnik-6959152.php\" target=\"_blank\" rel=\"noopener\">De nouvelles frappes russes<\/a> dans la nuit de jeudi \u00e0 vendredi ont priv\u00e9 de chauffage la moiti\u00e9 des immeubles r\u00e9sidentiels de Kiev, poussant le maire de la capitale ukrainienne \u00e0 appeler vendredi la population \u00e0 \u00e9vacuer \u00ab temporairement \u00bb la ville.<\/p>\n<p>Cette nouvelle nuit de bombardements a, d\u2019autre part, vu l\u2019utilisation, pour la deuxi\u00e8me fois depuis le d\u00e9but de la guerre en f\u00e9vrier 2022, du missile balistique russe de derni\u00e8re g\u00e9n\u00e9ration <a href=\"https:\/\/www.letelegramme.fr\/monde\/guerre-ukraine-russie\/orechnik-ce-que-lon-sait-du-missile-russe-hypersonique-qui-a-de-nouveau-frappe-lukraine-6959308.php\" target=\"_blank\" rel=\"noopener\">Orechnik<\/a>, dans l\u2019ouest de l\u2019Ukraine.<\/p>\n<p>\u00ab Aujourd\u2019hui, la f\u00e9d\u00e9ration de Russie a officiellement revendiqu\u00e9 l\u2019utilisation du missile balistique de port\u00e9e interm\u00e9diaire appel\u00e9 Orechnik, dans la r\u00e9gion de Lviv. Une telle frappe repr\u00e9sente une menace grave et sans pr\u00e9c\u00e9dent pour la s\u00e9curit\u00e9 du continent europ\u00e9en, sapant la stabilit\u00e9 r\u00e9gionale et pr\u00e9sentant des risques s\u00e9rieux pour la paix et la s\u00e9curit\u00e9 internationale de mani\u00e8re plus large \u00bb, a comment\u00e9 l\u2019ambassadeur ukrainien dans sa lettre au Conseil.<\/p>\n<p>La requ\u00eate de l\u2019Ukraine a \u00e9t\u00e9 appuy\u00e9e par six membres du Conseil (France, Royaume-Uni, Lettonie, Danemark, Gr\u00e8ce et Lib\u00e9ria), ont pr\u00e9cis\u00e9 des sources diplomatiques \u00e0 l\u2019AFP.<\/p>\n","protected":false},"excerpt":{"rendered":"Le Conseil de s\u00e9curit\u00e9 de l\u2019ONU se r\u00e9unira, ce lundi, \u00e0 la demande de l\u2019Ukraine, apr\u00e8s de nouvelles&hellip;\n","protected":false},"author":2,"featured_media":655521,"comment_status":"","ping_status":"","sticky":false,"template":"","format":"standard","meta":{"footnotes":""},"categories":[1590],"tags":[11,765,1777,674,131,2069,74,12,132,220,364],"class_list":{"0":"post-655520","1":"post","2":"type-post","3":"status-publish","4":"format-standard","5":"has-post-thumbnail","7":"category-ukraine","8":"tag-actualites","9":"tag-en-continu","10":"tag-eu","11":"tag-europe","12":"tag-guerre-en-ukraine","13":"tag-guerre-ukraine-russie","14":"tag-monde","15":"tag-news","16":"tag-russie","17":"tag-ukraine","18":"tag-union-europeenne"},"share_on_mastodon":{"url":"https:\/\/pubeurope.com\/@fr\/115874884695938083","error":""},"_links":{"self":[{"href":"https:\/\/www.europesays.com\/fr\/wp-json\/wp\/v2\/posts\/655520","targetHints":{"allow":["GET"]}}],"collection":[{"href":"https:\/\/www.europesays.com\/fr\/wp-json\/wp\/v2\/posts"}],"about":[{"href":"https:\/\/www.europesays.com\/fr\/wp-json\/wp\/v2\/types\/post"}],"author":[{"embeddable":true,"href":"https:\/\/www.europesays.com\/fr\/wp-json\/wp\/v2\/users\/2"}],"replies":[{"embeddable":true,"href":"https:\/\/www.europesays.com\/fr\/wp-json\/wp\/v2\/comments?post=655520"}],"version-history":[{"count":0,"href":"https:\/\/www.europesays.com\/fr\/wp-json\/wp\/v2\/posts\/655520\/revisions"}],"wp:featuredmedia":[{"embeddable":true,"href":"https:\/\/www.europesays.com\/fr\/wp-json\/wp\/v2\/media\/655521"}],"wp:attachment":[{"href":"https:\/\/www.europesays.com\/fr\/wp-json\/wp\/v2\/media?parent=655520"}],"wp:term":[{"taxonomy":"category","embeddable":true,"href":"https:\/\/www.europesays.com\/fr\/wp-json\/wp\/v2\/categories?post=655520"},{"taxonomy":"post_tag","embeddable":true,"href":"https:\/\/www.europesays.com\/fr\/wp-json\/wp\/v2\/tags?post=655520"}],"curies":[{"name":"wp","href":"https:\/\/api.w.org\/{rel}","templated":true}]}}