{"id":655522,"date":"2026-01-11T05:46:20","date_gmt":"2026-01-11T05:46:20","guid":{"rendered":"https:\/\/www.europesays.com\/fr\/655522\/"},"modified":"2026-01-11T05:46:20","modified_gmt":"2026-01-11T05:46:20","slug":"ghana-ken-ofori-atta-place-en-detention-aux-usa-lunion-ga","status":"publish","type":"post","link":"https:\/\/www.europesays.com\/fr\/655522\/","title":{"rendered":"Ghana : Ken Ofori-Atta plac\u00e9 en d\u00e9tention aux USA | Lunion.ga"},"content":{"rendered":"<p>\u00ab\u00a0Hier, l&rsquo;ICE a arr\u00eat\u00e9 l&rsquo;ancien ministre des Finances, M. Ken Ofori-Atta, en raison de son statut de s\u00e9jour aux \u00c9tats-Unis\u00a0\u00bb, indique le communiqu\u00e9.<\/p>\n<p>Ken Ofori-Atta, 66 ans, se trouve aux \u00c9tats-Unis depuis janvier 2025 pour y suivre un traitement m\u00e9dical, notamment une op\u00e9ration du cancer de la prostate.<\/p>\n<p>L&rsquo;ancien ministre, sous le coup d&rsquo;une enqu\u00eate de la justice de son pays depuis un an, avait \u00e9t\u00e9 d\u00e9clar\u00e9 en fuite et officiellement accus\u00e9 de corruption en novembre dernier. Il est soup\u00e7onn\u00e9 d\u2019avoir caus\u00e9 de lourdes pertes financi\u00e8res \u00e0 l&rsquo;\u00c9tat via d\u2019importantes transactions de fonds publics jug\u00e9es suspectes. Ses avocats ont d\u00e9clar\u00e9 que l&rsquo;ancien ministre avait d\u00e9pos\u00e9 une demande d&rsquo;ajustement de statut, ce qui, en vertu de la l\u00e9gislation am\u00e9ricaine, permet \u00e0 un demandeur de rester l\u00e9galement dans le pays au-del\u00e0 de la validit\u00e9 de son visa.<\/p>\n<p>\u00ab\u00a0Son \u00e9quipe juridique am\u00e9ricaine est en contact avec l&rsquo;ICE et s&rsquo;attend \u00e0 ce que l&rsquo;affaire soit r\u00e9solue rapidement\u00a0\u00bb, ont ajout\u00e9 ses avocats, soulignant que M. Ofori-Atta coop\u00e9rait pleinement avec les autorit\u00e9s d&rsquo;immigration. Le localisateur de d\u00e9tenus en ligne de l&rsquo;ICE indiquait mercredi que M. Ofori-Atta \u00e9tait d\u00e9tenu au centre de d\u00e9tention de Caroline, dans l&rsquo;\u00c9tat am\u00e9ricain de Virginie (est).<\/p>\n","protected":false},"excerpt":{"rendered":"\u00ab\u00a0Hier, l&rsquo;ICE a arr\u00eat\u00e9 l&rsquo;ancien ministre des Finances, M. Ken Ofori-Atta, en raison de son statut de s\u00e9jour&hellip;\n","protected":false},"author":2,"featured_media":655523,"comment_status":"","ping_status":"","sticky":false,"template":"","format":"standard","meta":{"footnotes":""},"categories":[1589],"tags":[11,73,1866,12,1864,1865,1863,308],"class_list":{"0":"post-655522","1":"post","2":"type-post","3":"status-publish","4":"format-standard","5":"has-post-thumbnail","7":"category-etats-unis","8":"tag-actualites","9":"tag-etats-unis","10":"tag-etats-unis-damerique","11":"tag-news","12":"tag-united-states","13":"tag-united-states-of-america","14":"tag-us","15":"tag-usa"},"share_on_mastodon":{"url":"https:\/\/pubeurope.com\/@fr\/115874888619426647","error":""},"_links":{"self":[{"href":"https:\/\/www.europesays.com\/fr\/wp-json\/wp\/v2\/posts\/655522","targetHints":{"allow":["GET"]}}],"collection":[{"href":"https:\/\/www.europesays.com\/fr\/wp-json\/wp\/v2\/posts"}],"about":[{"href":"https:\/\/www.europesays.com\/fr\/wp-json\/wp\/v2\/types\/post"}],"author":[{"embeddable":true,"href":"https:\/\/www.europesays.com\/fr\/wp-json\/wp\/v2\/users\/2"}],"replies":[{"embeddable":true,"href":"https:\/\/www.europesays.com\/fr\/wp-json\/wp\/v2\/comments?post=655522"}],"version-history":[{"count":0,"href":"https:\/\/www.europesays.com\/fr\/wp-json\/wp\/v2\/posts\/655522\/revisions"}],"wp:featuredmedia":[{"embeddable":true,"href":"https:\/\/www.europesays.com\/fr\/wp-json\/wp\/v2\/media\/655523"}],"wp:attachment":[{"href":"https:\/\/www.europesays.com\/fr\/wp-json\/wp\/v2\/media?parent=655522"}],"wp:term":[{"taxonomy":"category","embeddable":true,"href":"https:\/\/www.europesays.com\/fr\/wp-json\/wp\/v2\/categories?post=655522"},{"taxonomy":"post_tag","embeddable":true,"href":"https:\/\/www.europesays.com\/fr\/wp-json\/wp\/v2\/tags?post=655522"}],"curies":[{"name":"wp","href":"https:\/\/api.w.org\/{rel}","templated":true}]}}