{"id":655526,"date":"2026-01-11T05:48:38","date_gmt":"2026-01-11T05:48:38","guid":{"rendered":"https:\/\/www.europesays.com\/fr\/655526\/"},"modified":"2026-01-11T05:48:38","modified_gmt":"2026-01-11T05:48:38","slug":"allemagne-baisse-surprise-des-exportations-en-novembre-09-01-2026-a-0858","status":"publish","type":"post","link":"https:\/\/www.europesays.com\/fr\/655526\/","title":{"rendered":"Allemagne: Baisse surprise des exportations en novembre &#8211; 09\/01\/2026 \u00e0 08:58"},"content":{"rendered":"<p>        <img decoding=\"async\" src=\"https:\/\/www.europesays.com\/fr\/wp-content\/uploads\/2026\/01\/8eb9df4a0f2424c505b5dfe42ac93ec6-760x494.jpg\" alt=\"Viticulteur allemand de Riesling \u00e0 Zeltingen\" loading=\"eager\" fetchpriority=\"high\" width=\"760\" height=\"494\" style=\"max-width: 100%!important; height: auto;\"\/><\/p>\n<p class=\"c-image-news__legend\">Viticulteur allemand de Riesling \u00e0 Zeltingen<\/p>\n<p>\n Les exportations allemandes ont \u200dbaiss\u00e9 de 2,5% en novembre par \u200crapport au mois pr\u00e9c\u00e9dent, un \u200brepli inattendu, selon \u2060les donn\u00e9es de l&rsquo;Office f\u00e9d\u00e9ral de \u2060la \u200dstatistique publi\u00e9es vendredi.\n<\/p>\n<p>\n Les \u2060\u00e9conomistes interrog\u00e9s par Reuters tablaient \u200bsur une stabilit\u00e9 des exportations (0,0%), apr\u00e8s +0,3% (r\u00e9vis\u00e9 de +0,1%) \u2060en octobre.\n<\/p>\n<p>\n Les \u200bimportations ont quant \u200b\u00e0 elles \u200baugment\u00e9 de 0,8% \u200bsur \u2060un mois en novembre, apr\u00e8s -1,5% le mois pr\u00e9c\u00e9dent (r\u00e9vis\u00e9 \u200cde -1,2%) tandis que les \u00e9conomistes tablaient sur +0,2%.\n<\/p>\n<p>\n (R\u00e9dig\u00e9 par Elena Smirnova, \u00e9dit\u00e9 par Augustin \u200cTurpin)<\/p>\n","protected":false},"excerpt":{"rendered":"Viticulteur allemand de Riesling \u00e0 Zeltingen Les exportations allemandes ont \u200dbaiss\u00e9 de 2,5% en novembre par \u200crapport au&hellip;\n","protected":false},"author":2,"featured_media":655527,"comment_status":"","ping_status":"","sticky":false,"template":"","format":"standard","meta":{"footnotes":""},"categories":[1587],"tags":[400,11,672,398,408,1804,405,1805,1803,1777,674,1801,403,402,399,404,12,1802,401,406,407],"class_list":{"0":"post-655526","1":"post","2":"type-post","3":"status-publish","4":"format-standard","5":"has-post-thumbnail","7":"category-allemagne","8":"tag-action-cac-40","9":"tag-actualites","10":"tag-allemagne","11":"tag-bourse-de-paris","12":"tag-boursorama","13":"tag-bundesrepublik-deutschland","14":"tag-cotations","15":"tag-de","16":"tag-deutschland","17":"tag-eu","18":"tag-europe","19":"tag-germany","20":"tag-indices-devises","21":"tag-investir","22":"tag-investissement","23":"tag-marche-boursier","24":"tag-news","25":"tag-republique-federale-dallemagne","26":"tag-sicav","27":"tag-trackers","28":"tag-warrants"},"share_on_mastodon":{"url":"https:\/\/pubeurope.com\/@fr\/115874896613882308","error":""},"_links":{"self":[{"href":"https:\/\/www.europesays.com\/fr\/wp-json\/wp\/v2\/posts\/655526","targetHints":{"allow":["GET"]}}],"collection":[{"href":"https:\/\/www.europesays.com\/fr\/wp-json\/wp\/v2\/posts"}],"about":[{"href":"https:\/\/www.europesays.com\/fr\/wp-json\/wp\/v2\/types\/post"}],"author":[{"embeddable":true,"href":"https:\/\/www.europesays.com\/fr\/wp-json\/wp\/v2\/users\/2"}],"replies":[{"embeddable":true,"href":"https:\/\/www.europesays.com\/fr\/wp-json\/wp\/v2\/comments?post=655526"}],"version-history":[{"count":0,"href":"https:\/\/www.europesays.com\/fr\/wp-json\/wp\/v2\/posts\/655526\/revisions"}],"wp:featuredmedia":[{"embeddable":true,"href":"https:\/\/www.europesays.com\/fr\/wp-json\/wp\/v2\/media\/655527"}],"wp:attachment":[{"href":"https:\/\/www.europesays.com\/fr\/wp-json\/wp\/v2\/media?parent=655526"}],"wp:term":[{"taxonomy":"category","embeddable":true,"href":"https:\/\/www.europesays.com\/fr\/wp-json\/wp\/v2\/categories?post=655526"},{"taxonomy":"post_tag","embeddable":true,"href":"https:\/\/www.europesays.com\/fr\/wp-json\/wp\/v2\/tags?post=655526"}],"curies":[{"name":"wp","href":"https:\/\/api.w.org\/{rel}","templated":true}]}}