{"id":655528,"date":"2026-01-11T05:49:19","date_gmt":"2026-01-11T05:49:19","guid":{"rendered":"https:\/\/www.europesays.com\/fr\/655528\/"},"modified":"2026-01-11T05:49:19","modified_gmt":"2026-01-11T05:49:19","slug":"bourg-en-bresse-la-maison-de-leurope-et-des-europeens-de-lain-labellisee-pour-la-qualite-de-ses-actions","status":"publish","type":"post","link":"https:\/\/www.europesays.com\/fr\/655528\/","title":{"rendered":"Bourg-en-Bresse. La maison de l\u2019Europe et des Europ\u00e9ens de l\u2019Ain labellis\u00e9e pour la qualit\u00e9 de ses actions"},"content":{"rendered":"<p>Vendredi 9\u00a0janvier, Marc Chatelain, le pr\u00e9sident de la Maison de l\u2019Europe et des Europ\u00e9ens (MEE 01), avait invit\u00e9 des \u00e9lus, des repr\u00e9sentants de la d\u00e9l\u00e9gation d\u00e9partementale et r\u00e9gionale acad\u00e9mique \u00e0 la jeunesse, \u00e0 l\u2019engagement et aux sports, du service d\u00e9partemental \u00e0 la jeunesse, \u00e0 l\u2019engagement et aux sports des membres de l\u2019\u00c9ducation Nationale et des personnalit\u00e9s repr\u00e9sentant des associations partenaires telles que ABCDE (Association bressane citoyenne de d\u00e9bats et d\u2019\u00e9changes) et la F\u00e9d\u00e9ration de l\u2019Ain des Maisons familiales rurales pour f\u00eater l\u2019attribution du label ED (Europe Direct) sur le territoire Ain &#8211; Genevois fran\u00e7ais pour la p\u00e9riode 2026-2030.<\/p>\n<p>  La meilleure note de la r\u00e9gion<\/p>\n<p>Ce label, d\u00e9cern\u00e9 par la Commission europ\u00e9enne, r\u00e9compense la meilleure note attribu\u00e9e sur la r\u00e9gion Auvergne-Rh\u00f4ne-Alpes pour les actions entreprises par la <a href=\"https:\/\/www.leprogres.fr\/culture-loisirs\/2024\/09\/03\/changement-de-dimension-pour-la-maison-de-l-europe-et-des-europeens-de-l-ain\" target=\"_blank\" rel=\"noopener\">MEE 01<\/a> comme, notamment, les animations du \u201cJoli mois de l\u2019Europe\u201d, la signature de conventions de partenariat avec la Mission locale jeunes Bresse-Dombes-C\u00f4ti\u00e8re et la F\u00e9d\u00e9ration d\u00e9partementale des Maisons familiales rurales ou l\u2019accueil d\u2019Eva Yang, jeune volontaire allemande en Service civique europ\u00e9en pour huit mois.<\/p>\n<p>Paul-Henri Floquet, pr\u00e9sident de l\u2019Union r\u00e9gionale des acteurs locaux de l\u2019Europe a pr\u00e9sent\u00e9 les missions qui incombent aux b\u00e9n\u00e9ficiaires de ce label en France. Elles sont un interm\u00e9diaire entre les citoyens et les institutions de l\u2019Union Europ\u00e9enne. L\u2019objectif est de construire un dialogue avec les citoyens et une adh\u00e9sion au projet europ\u00e9en. Les centres Europe Direct sont amen\u00e9s \u00e0 r\u00e9pondre aux questions du quotidien sur les droits des citoyens li\u00e9s par exemple \u00e0 la mobilit\u00e9 ou la consommation.<\/p>\n<p>  Une aide de 40\u00a0000\u00a0euros<\/p>\n<p>Ils sont des interlocuteurs privil\u00e9gi\u00e9s des \u00e9lus et des collectivit\u00e9s locales pour toutes les questions relatives \u00e0 l\u2019Union europ\u00e9enne parfois tr\u00e8s m\u00e9connue. Dans l\u2019autre sens, les centres ED sont le relais de la parole des acteurs du territoire et des citoyens pour fournir des informations permettant l\u2019adaptation des politiques europ\u00e9ennes.<\/p>\n<p>L\u2019attribution du label engendre une aide de 40\u00a0000\u00a0\u20ac par an. Elle va permettre de consolider le salaire du charg\u00e9 de projets, Timur Arakhov sans qui le niveau d\u2019activit\u00e9s de la <a href=\"https:\/\/www.leprogres.fr\/elections\/2024\/04\/01\/la-maison-de-l-europe-et-des-europeens-de-l-ain-se-mobilise-pour-les-elections-europeennes\" target=\"_blank\" rel=\"noopener\">MEE 01<\/a> n\u2019aurait jamais \u00e9t\u00e9 possible. Cette ann\u00e9e, il va falloir donner corps \u00e0 un ambitieux programme d\u2019actions qui implique, notamment, un essaimage des animations sur l\u2019ensemble du territoire d\u2019intervention. La reconduction des Journ\u00e9es Schuman\u00a0est d\u00e9j\u00e0 pr\u00e9vue.<\/p>\n","protected":false},"excerpt":{"rendered":"Vendredi 9\u00a0janvier, Marc Chatelain, le pr\u00e9sident de la Maison de l\u2019Europe et des Europ\u00e9ens (MEE 01), avait invit\u00e9&hellip;\n","protected":false},"author":2,"featured_media":655529,"comment_status":"","ping_status":"","sticky":false,"template":"","format":"standard","meta":{"footnotes":""},"categories":[1586],"tags":[11,2738,6749,6750,6751,1777,674,1011,27,12,25,104,1631],"class_list":{"0":"post-655528","1":"post","2":"type-post","3":"status-publish","4":"format-standard","5":"has-post-thumbnail","7":"category-europe","8":"tag-actualites","9":"tag-ain","10":"tag-bourg-en-bresse","11":"tag-bourg-en-bresse-ville","12":"tag-edition-ain-ouest","13":"tag-eu","14":"tag-europe","15":"tag-fr","16":"tag-france","17":"tag-news","18":"tag-republique-francaise","19":"tag-societe","20":"tag-vie-associative"},"share_on_mastodon":{"url":"https:\/\/pubeurope.com\/@fr\/115874900466272435","error":""},"_links":{"self":[{"href":"https:\/\/www.europesays.com\/fr\/wp-json\/wp\/v2\/posts\/655528","targetHints":{"allow":["GET"]}}],"collection":[{"href":"https:\/\/www.europesays.com\/fr\/wp-json\/wp\/v2\/posts"}],"about":[{"href":"https:\/\/www.europesays.com\/fr\/wp-json\/wp\/v2\/types\/post"}],"author":[{"embeddable":true,"href":"https:\/\/www.europesays.com\/fr\/wp-json\/wp\/v2\/users\/2"}],"replies":[{"embeddable":true,"href":"https:\/\/www.europesays.com\/fr\/wp-json\/wp\/v2\/comments?post=655528"}],"version-history":[{"count":0,"href":"https:\/\/www.europesays.com\/fr\/wp-json\/wp\/v2\/posts\/655528\/revisions"}],"wp:featuredmedia":[{"embeddable":true,"href":"https:\/\/www.europesays.com\/fr\/wp-json\/wp\/v2\/media\/655529"}],"wp:attachment":[{"href":"https:\/\/www.europesays.com\/fr\/wp-json\/wp\/v2\/media?parent=655528"}],"wp:term":[{"taxonomy":"category","embeddable":true,"href":"https:\/\/www.europesays.com\/fr\/wp-json\/wp\/v2\/categories?post=655528"},{"taxonomy":"post_tag","embeddable":true,"href":"https:\/\/www.europesays.com\/fr\/wp-json\/wp\/v2\/tags?post=655528"}],"curies":[{"name":"wp","href":"https:\/\/api.w.org\/{rel}","templated":true}]}}