{"id":655530,"date":"2026-01-11T05:50:13","date_gmt":"2026-01-11T05:50:13","guid":{"rendered":"https:\/\/www.europesays.com\/fr\/655530\/"},"modified":"2026-01-11T05:50:13","modified_gmt":"2026-01-11T05:50:13","slug":"video-algerie-nigeria-les-debordements-ayant-eu-lieu-apres-le-coup-de-sifflet-final-du-match","status":"publish","type":"post","link":"https:\/\/www.europesays.com\/fr\/655530\/","title":{"rendered":"VID\u00c9O Alg\u00e9rie &#8211; Nigeria. Les d\u00e9bordements ayant eu lieu apr\u00e8s le coup de sifflet final du match"},"content":{"rendered":"<p>La d\u00e9ception fut immense pour les Fennecs, ce samedi 10\u00a0janvier, \u00e0 l\u2019issue de <a href=\"https:\/\/www.ouest-france.fr\/sport\/football\/coupe-d-afrique-des-nations\/direct\/direct-algerie-nigeria-suivez-le-quart-de-finale-de-la-can-en-live-83e6ed30-9dc4-460b-90aa-04291b52463e\" target=\"_self\" rel=\"noopener\">leur d\u00e9faite contre le Nigeria (0-2)<\/a> en quart de finale contre la CAN. Et les r\u00e9actions explosives de certains joueurs, journalistes ou m\u00eame supporters en t\u00e9moignent parfaitement. \u00c0 l\u2019issue du coup de sifflet final, les esprits se sont \u00e9chauff\u00e9s sur la pelouse du stade de Marrakech (Maroc).<\/p>\n<p>Des tensions \u00e0 tous les \u00e9tages<\/p>\n<p>Enrag\u00e9, Luca Zidane est all\u00e9 s\u2019en prendre \u00e0\u00a0Raphael Onyedika, tandis que le Nig\u00e9rian s\u2019est lui d\u00e9fendu en repoussant violemment le gardien alg\u00e9rien. Un d\u00e9but d\u2019\u00e9chauffour\u00e9e qui a rameut\u00e9 une bonne partie des autres joueurs de chaque \u00e9quipe. Au m\u00eame moment, Issa Sy, l\u2019arbitre de la rencontre, \u00e0 qui des joueurs alg\u00e9riens reprochent des erreurs durant le match, a \u00e9t\u00e9 escort\u00e9 vers les vestiaires.<\/p>\n<blockquote class=\"instagram-media\" data-instgrm-captioned=\"\" data-instgrm-permalink=\"https:\/\/www.instagram.com\/reel\/DTVyNw-E1L7\/?utm_source=ig_embed&amp;utm_campaign=loading\" data-instgrm-version=\"14\" style=\" background:#FFF; border:0; border-radius:3px; box-shadow:0 0 1px 0 rgba(0,0,0,0.5),0 1px 10px 0 rgba(0,0,0,0.15); margin: 1px; max-width:540px; min-width:326px; padding:0; width:99.375%; width:-webkit-calc(100% - 2px); width:calc(100% - 2px);\" wp_automatic_readability=\"-0.20588235294118\"\/>\n<p>\n                Nous avons bloqu\u00e9 l\u2019affichage de ce contenu pour respecter vos choix en mati\u00e8re de cookies.<br \/>En cliquant sur \u00abConsulter\u00bb, vous acceptez le d\u00e9p\u00f4t de cookies par des services de r\u00e9seaux sociaux tels que Twitter.<br \/>\n                Consulter\n            <\/p>\n<blockquote class=\"twitter-tweet\" wp_automatic_readability=\"4.4050632911392\">\n<p lang=\"fr\" dir=\"ltr\">Ambiance \u00e9lectrique en zone mixte apr\u00e8s la d\u00e9faite de l\u2019Alg\u00e9rie face au Nigeria ???????? <a href=\"https:\/\/t.co\/uK5w4Fkxho\">pic.twitter.com\/uK5w4Fkxho<\/a><\/p>\n<p>\u2014 Le360 (@Le360fr) <a href=\"https:\/\/twitter.com\/Le360fr\/status\/2010059652789313607?ref_src=twsrc%5Etfw\" target=\"_blank\" rel=\"noopener\">January 10, 2026<\/a><\/p><\/blockquote>\n<p>\n                Nous avons bloqu\u00e9 l\u2019affichage de ce contenu pour respecter vos choix en mati\u00e8re de cookies.<br \/>En cliquant sur \u00abConsulter\u00bb, vous acceptez le d\u00e9p\u00f4t de cookies par des services de r\u00e9seaux sociaux tels que Twitter.<br \/>\n                Consulter\n            <\/p>\n<blockquote class=\"twitter-tweet\" wp_automatic_readability=\"4.6304347826087\">\n<p lang=\"fr\" dir=\"ltr\">Grosses \u00e9chauffour\u00e9es en tribunes entre supporters et membres de la s\u00e9curit\u00e9 du stade de Marrakech. ?? <a href=\"https:\/\/t.co\/M7Jch2Qusr\">pic.twitter.com\/M7Jch2Qusr<\/a><\/p>\n<p>\u2014 Instant Foot ?? (@lnstantFoot) <a href=\"https:\/\/twitter.com\/lnstantFoot\/status\/2010050337013674390?ref_src=twsrc%5Etfw\" target=\"_blank\" rel=\"noopener\">January 10, 2026<\/a><\/p><\/blockquote>\n<p>Des joueurs comme\u00a0Rafik Belghali, notamment, ou encore\u00a0Rayan A\u00eft-Nouri, ont d\u00fb \u00eatre stopp\u00e9s dans le tunnel par des intervenants. Du c\u00f4t\u00e9 des tribunes, rien de plus r\u00e9jouissants. Des vid\u00e9os montrent que certains supporters ont tent\u00e9 de faire irruption sur la pelouse. Dans la zone mixte, l\u00e0 encore, l\u2019ambiance \u00e9tait \u00e9lectrique, plusieurs personnes en sont venues aux mains.<\/p>\n<p>\u00a0<\/p>\n<p>\t\t<script async src=\"https:\/\/platform.twitter.com\/widgets.js\" charset=\"utf-8\"><\/script><script async src=\"\/\/www.instagram.com\/embed.js\"><\/script><\/p>\n","protected":false},"excerpt":{"rendered":"La d\u00e9ception fut immense pour les Fennecs, ce samedi 10\u00a0janvier, \u00e0 l\u2019issue de leur d\u00e9faite contre le Nigeria&hellip;\n","protected":false},"author":2,"featured_media":655531,"comment_status":"","ping_status":"","sticky":false,"template":"","format":"standard","meta":{"footnotes":""},"categories":[1586],"tags":[1111,11,2063,1777,674,1779,1011,27,4044,1922,1393,2487,12,1404,25,2923,4251,853,1778,364],"class_list":{"0":"post-655530","1":"post","2":"type-post","3":"status-publish","4":"format-standard","5":"has-post-thumbnail","7":"category-europe","8":"tag-actu","9":"tag-actualites","10":"tag-annonces","11":"tag-eu","12":"tag-europe","13":"tag-european-union","14":"tag-fr","15":"tag-france","16":"tag-guingamp","17":"tag-info","18":"tag-loisirs","19":"tag-meteo","20":"tag-news","21":"tag-quotidien","22":"tag-republique-francaise","23":"tag-restaurants","24":"tag-sortir","25":"tag-spectacles","26":"tag-ue","27":"tag-union-europeenne"},"share_on_mastodon":{"url":"https:\/\/pubeurope.com\/@fr\/115874904354036642","error":""},"_links":{"self":[{"href":"https:\/\/www.europesays.com\/fr\/wp-json\/wp\/v2\/posts\/655530","targetHints":{"allow":["GET"]}}],"collection":[{"href":"https:\/\/www.europesays.com\/fr\/wp-json\/wp\/v2\/posts"}],"about":[{"href":"https:\/\/www.europesays.com\/fr\/wp-json\/wp\/v2\/types\/post"}],"author":[{"embeddable":true,"href":"https:\/\/www.europesays.com\/fr\/wp-json\/wp\/v2\/users\/2"}],"replies":[{"embeddable":true,"href":"https:\/\/www.europesays.com\/fr\/wp-json\/wp\/v2\/comments?post=655530"}],"version-history":[{"count":0,"href":"https:\/\/www.europesays.com\/fr\/wp-json\/wp\/v2\/posts\/655530\/revisions"}],"wp:featuredmedia":[{"embeddable":true,"href":"https:\/\/www.europesays.com\/fr\/wp-json\/wp\/v2\/media\/655531"}],"wp:attachment":[{"href":"https:\/\/www.europesays.com\/fr\/wp-json\/wp\/v2\/media?parent=655530"}],"wp:term":[{"taxonomy":"category","embeddable":true,"href":"https:\/\/www.europesays.com\/fr\/wp-json\/wp\/v2\/categories?post=655530"},{"taxonomy":"post_tag","embeddable":true,"href":"https:\/\/www.europesays.com\/fr\/wp-json\/wp\/v2\/tags?post=655530"}],"curies":[{"name":"wp","href":"https:\/\/api.w.org\/{rel}","templated":true}]}}