{"id":655536,"date":"2026-01-11T05:53:10","date_gmt":"2026-01-11T05:53:10","guid":{"rendered":"https:\/\/www.europesays.com\/fr\/655536\/"},"modified":"2026-01-11T05:53:10","modified_gmt":"2026-01-11T05:53:10","slug":"le-varl-reve-dun-nouvel-exploit-en-coupe-de-france","status":"publish","type":"post","link":"https:\/\/www.europesays.com\/fr\/655536\/","title":{"rendered":"Le VARL r\u00eave d\u2019un nouvel exploit en coupe de France"},"content":{"rendered":"<p>\n                                                                    l&rsquo;essentiel<br \/>\n                                                                Coupe Lord Derby \u2013 Quarts de finale. Villegailhenc-Aragon va tout donner pour tenter de cr\u00e9er la surprise des quarts de finale.\n                            <\/p>\n<p>Comme souvent depuis quelques ann\u00e9es, Villegailhenc-Aragon est le seul qualifi\u00e9 qui n\u2019est pas issu du Super XIII, ce qui est une grande satisfaction pour le club, comme se d\u00e9lecte Marc Bourrel, le manager : \u00ab\u00a0C\u2019est devenu une habitude pour le VARL, et c\u2019\u00e9tait encore le cas la saison derni\u00e8re. Cela est valoris\u00e9 par le fait qu\u2019on est la seule \u00e9quipe d\u2019Elite 2 \u00e0 \u00eatre dans ces quarts\u00a0\u00bb. \u00c0 ce niveau, les Audois ont toujours \u00e9t\u00e9 confront\u00e9s \u00e0 des \u00e9quipes de haut niveau, comme L\u00e9zignan ou Albi.<\/p>\n<p>Avignon, l\u2019adversaire du jour, est dans le carr\u00e9 de t\u00eate du Super XIII, une \u00e9quipe r\u00e9f\u00e9rence qui a \u00e9pingl\u00e9 en championnat L\u00e9zignan au Moulin et, surtout, Albi le champion de France. \u00ab\u00a0Les Proven\u00e7aux ont domin\u00e9 leur cat\u00e9gorie en d\u00e9but du championnat. Ils ont une \u00e9quipe solide qui met beaucoup de rythme\u00a0\u00bb. Malgr\u00e9 tout, pour cette difficile r\u00e9ception, le VARL n\u2019a pas chang\u00e9 son programme. \u00ab\u00a0Les joueurs ont \u00e9t\u00e9 mis au repos le 20 d\u00e9cembre avec un programme individuel pr\u00e9par\u00e9 par Ga\u00e9tan Lopez, le pr\u00e9parateur physique. On a vu lors de la reprise en d\u00e9but de semaine qu\u2019ils avaient respect\u00e9 ces consignes\u00a0\u00bb.<\/p>\n<p>Deux \u00e9quipes au jeu similaire<\/p>\n<p>La semaine a aussi eu sa s\u00e9ance de vid\u00e9o pour tenter de trouver des failles chez les Vauclusiens. \u00a0\u00bb Tous les staffs font de m\u00eame et c\u2019est un v\u00e9ritable atout. Mais ce qui reste primordial, ce sera le terrain, la d\u00e9termination et l\u2019envie de se surpasser\u00a0\u00bb, affirme avec conviction Marc Bourrel. Les Avignonnais ont un jeu qui ressemble en partie \u00e0 celui de Villegailhenc, bas\u00e9 sur la vitesse. \u00ab\u00a0Nous nous appuierons sur notre jeu qui, depuis la saison, a fait ses preuves, explique le manager audois, mais pour exister, il faudra surtout r\u00e9sister au bloc du milieu et essayer de contr\u00f4ler leurs demis\u00a0\u00bb. Une chose est certaine, le VARL, petit Poucet de la Coupe, va jouer cr\u00e2nement sa chance. \u00ab\u00a0Cela va reposer sur notre capacit\u00e9 \u00e0 prendre encore plus de risque en attaque et en n\u2019h\u00e9sitant pas \u00e0 se faire toujours plus de passes\u00a0\u00bb , conclut le manager.<\/p>\n<p>Malgr\u00e9 quelques absents, comme Rodriguez, suspendu, Delarosa, Alexandre Bourrel, Maxime Banquet, bless\u00e9s, le VARL pr\u00e9sente une \u00e9quipe solide avec les retours de Borras et de Delgado. Dans le pass\u00e9, les Audois ont d\u00e9j\u00e0 fait tomber des \u00e9quipes de Super XII, I comme Toulouse ou St-Gaudens, alors peu importe le groupe, les Aragonais sont pr\u00eats \u00e0 d\u00e9fendre cr\u00e2nement leurs chances pour tenter de faire l\u2019exploit et d\u00e9crocher une place en demi-finale.<\/p>\n","protected":false},"excerpt":{"rendered":"l&rsquo;essentiel Coupe Lord Derby \u2013 Quarts de finale. Villegailhenc-Aragon va tout donner pour tenter de cr\u00e9er la surprise&hellip;\n","protected":false},"author":2,"featured_media":655537,"comment_status":"","ping_status":"","sticky":false,"template":"","format":"standard","meta":{"footnotes":""},"categories":[4],"tags":[11,1011,27,12,25,69131,517],"class_list":{"0":"post-655536","1":"post","2":"type-post","3":"status-publish","4":"format-standard","5":"has-post-thumbnail","7":"category-france","8":"tag-actualites","9":"tag-fr","10":"tag-france","11":"tag-news","12":"tag-republique-francaise","13":"tag-rugby-u00e0-xiii","14":"tag-sport"},"share_on_mastodon":{"url":"https:\/\/pubeurope.com\/@fr\/115874916088579337","error":""},"_links":{"self":[{"href":"https:\/\/www.europesays.com\/fr\/wp-json\/wp\/v2\/posts\/655536","targetHints":{"allow":["GET"]}}],"collection":[{"href":"https:\/\/www.europesays.com\/fr\/wp-json\/wp\/v2\/posts"}],"about":[{"href":"https:\/\/www.europesays.com\/fr\/wp-json\/wp\/v2\/types\/post"}],"author":[{"embeddable":true,"href":"https:\/\/www.europesays.com\/fr\/wp-json\/wp\/v2\/users\/2"}],"replies":[{"embeddable":true,"href":"https:\/\/www.europesays.com\/fr\/wp-json\/wp\/v2\/comments?post=655536"}],"version-history":[{"count":0,"href":"https:\/\/www.europesays.com\/fr\/wp-json\/wp\/v2\/posts\/655536\/revisions"}],"wp:featuredmedia":[{"embeddable":true,"href":"https:\/\/www.europesays.com\/fr\/wp-json\/wp\/v2\/media\/655537"}],"wp:attachment":[{"href":"https:\/\/www.europesays.com\/fr\/wp-json\/wp\/v2\/media?parent=655536"}],"wp:term":[{"taxonomy":"category","embeddable":true,"href":"https:\/\/www.europesays.com\/fr\/wp-json\/wp\/v2\/categories?post=655536"},{"taxonomy":"post_tag","embeddable":true,"href":"https:\/\/www.europesays.com\/fr\/wp-json\/wp\/v2\/tags?post=655536"}],"curies":[{"name":"wp","href":"https:\/\/api.w.org\/{rel}","templated":true}]}}