{"id":655542,"date":"2026-01-11T06:01:15","date_gmt":"2026-01-11T06:01:15","guid":{"rendered":"https:\/\/www.europesays.com\/fr\/655542\/"},"modified":"2026-01-11T06:01:15","modified_gmt":"2026-01-11T06:01:15","slug":"son-statut-doutsider-son-avis-sur-le-favori-nys-et-sa-preparation-pour-la-route-le-prometteur-verstrynge-se-livre-avant-le-championnat-de-belgique","status":"publish","type":"post","link":"https:\/\/www.europesays.com\/fr\/655542\/","title":{"rendered":"Son statut d&rsquo;outsider, son avis sur le favori Nys et sa pr\u00e9paration pour la route\u00a0: le prometteur Verstrynge se livre avant le championnat de Belgique"},"content":{"rendered":"<blockquote class=\"ap-StoryQuote ap-StoryQuote--pullquote\"><p>guillement<\/p>\n<p class=\"ap-StoryQuote-text\">Ce championnat de Belgique s&rsquo;annonce exigeant, avec son parcours que j&rsquo;appr\u00e9cie, et les conditions m\u00e9t\u00e9os actuelles.<\/p>\n<\/blockquote>\n<p class=\"ap-StoryElement ap-StoryElement--mb ap-StoryText\">Avant d&rsquo;y finir cinqui\u00e8me cette saison. Depuis le rendez-vous wallon, Emiel Verstrynge a cumul\u00e9 les places d&rsquo;honneur : 3e \u00e0 Anvers, 5e \u00e0 Gavere, 4e \u00e0 Termonde, 2e \u00e0 Baal et 3e dimanche dernier \u00e0 Zonhoven. \u00ab\u00a0Cela me semble donc logique de viser au moins le podium sur ce championnat de Belgique qui s&rsquo;annonce exigeant, avec son parcours que j&rsquo;appr\u00e9cie, et les conditions m\u00e9t\u00e9o actuelles. La victoire sera l&rsquo;objectif.\u00a0\u00bb<\/p>\n<p class=\"ap-StoryElement ap-StoryElement--mb ap-StoryText\">Mais m\u00eame s&rsquo;il rentre chez lui dimanche soir muni du maillot de champion de Belgique, il ne changera pas ses plans et mettra un terme \u00e0 sa saison de cyclo-cross pour se consacrer \u00e0 sa pr\u00e9paration \u00e0 la route.<\/p>\n<p class=\"ap-StoryElement ap-StoryElement--mb ap-StoryText\">Une discipline sur laquelle il a \u00e9pat\u00e9, pour ses d\u00e9buts, en 2025, avec notamment <a href=\"https:\/\/www.dhnet.be\/sports\/cyclisme\/classiques\/2025\/04\/27\/lemotion-demiel-verstrynge-apres-sa-14e-place-a-liege-son-premier-monument-que-dire-F4VIVPW7CRARPANLVA56IG7PWU\/\" target=\"_self\" rel=\"noopener\">une int\u00e9ressante quatorzi\u00e8me place \u00e0 Li\u00e8ge-Bastogne-Li\u00e8ge<\/a> et une participation remarqu\u00e9e \u00e0 son premier Tour de France. \u00c0 l&rsquo;image de ses mod\u00e8les Mathieu van der Poel (son co\u00e9quipier chez Alpecin-Premier Tech alors qu&rsquo;il roule en hiver dans les labour\u00e9s pour le compte de Crelan-Corendon) et Wout van Aert, il accorde de plus en plus d&rsquo;importance \u00e0 la route. Et se r\u00e9jouit de retourner au d\u00e9but du mois de mars sur les Strade Bianche.<\/p>\n<p class=\"ap-StoryElement ap-StoryElement--mb ap-StoryText\">Mais avant de pr\u00e9parer les \u00ab\u00a0routes blanches\u00a0\u00bb, il va batailler dimanche sur les\u2026 sentiers blancs (si la neige et le givre restent pr\u00e9sents) de Beringen, pour ce championnat de Belgique qui, avec l&rsquo;absence de Wout van Aert, Laurens Sweeck ou d&rsquo;<a href=\"https:\/\/www.dhnet.be\/sports\/cyclisme\/cyclo-cross\/2026\/01\/08\/eli-iserbyt-raccroche-son-velo-de-cyclocross-a-28-ans-G56L65GWJZDFDOX6Z6ZKWPFHAY\/\" target=\"_self\" rel=\"noopener\">Eli Iserbyt (qui a mis un terme \u00e0 sa carri\u00e8re) <\/a>s&rsquo;annonce tr\u00e8s ouvert.<\/p>\n<p><a href=\"https:\/\/www.dhnet.be\/sports\/cyclisme\/2026\/01\/08\/soudal-quick-step-ouvre-lere-post-evenepoel-le-depart-de-remco-cest-une-perte-mais-aussi-une-vraie-chance-pour-lequipe-ZUA5XLIZR5FHPNEV2K6IJKHAMM\/\" target=\"_self\" class=\"ap-StoryInterstitialLink ap-StoryElement ap-StoryElement--mb\" rel=\"noopener\">Soudal Quick-Step ouvre l&rsquo;\u00e8re post-Evenepoel : \u00ab\u00a0Le d\u00e9part de Remco, c&rsquo;est une perte mais aussi une vraie chance pour l&rsquo;\u00e9quipe\u00a0\u00bb<\/a><\/p>\n","protected":false},"excerpt":{"rendered":"guillement Ce championnat de Belgique s&rsquo;annonce exigeant, avec son parcours que j&rsquo;appr\u00e9cie, et les conditions m\u00e9t\u00e9os actuelles. Avant&hellip;\n","protected":false},"author":2,"featured_media":655543,"comment_status":"","ping_status":"","sticky":false,"template":"","format":"standard","meta":{"footnotes":""},"categories":[1411],"tags":[75838,3233,1154,207,59294,75837,1011,27,60,75836],"class_list":{"0":"post-655542","1":"post","2":"type-post","3":"status-publish","4":"format-standard","5":"has-post-thumbnail","7":"category-cyclisme","8":"tag-beringen","9":"tag-championnat","10":"tag-cycling","11":"tag-cyclisme","12":"tag-cyclo-cross","13":"tag-emiel-verstrynge","14":"tag-fr","15":"tag-france","16":"tag-sports","17":"tag-thibau-nys"},"share_on_mastodon":{"url":"https:\/\/pubeurope.com\/@fr\/115874947569953193","error":""},"_links":{"self":[{"href":"https:\/\/www.europesays.com\/fr\/wp-json\/wp\/v2\/posts\/655542","targetHints":{"allow":["GET"]}}],"collection":[{"href":"https:\/\/www.europesays.com\/fr\/wp-json\/wp\/v2\/posts"}],"about":[{"href":"https:\/\/www.europesays.com\/fr\/wp-json\/wp\/v2\/types\/post"}],"author":[{"embeddable":true,"href":"https:\/\/www.europesays.com\/fr\/wp-json\/wp\/v2\/users\/2"}],"replies":[{"embeddable":true,"href":"https:\/\/www.europesays.com\/fr\/wp-json\/wp\/v2\/comments?post=655542"}],"version-history":[{"count":0,"href":"https:\/\/www.europesays.com\/fr\/wp-json\/wp\/v2\/posts\/655542\/revisions"}],"wp:featuredmedia":[{"embeddable":true,"href":"https:\/\/www.europesays.com\/fr\/wp-json\/wp\/v2\/media\/655543"}],"wp:attachment":[{"href":"https:\/\/www.europesays.com\/fr\/wp-json\/wp\/v2\/media?parent=655542"}],"wp:term":[{"taxonomy":"category","embeddable":true,"href":"https:\/\/www.europesays.com\/fr\/wp-json\/wp\/v2\/categories?post=655542"},{"taxonomy":"post_tag","embeddable":true,"href":"https:\/\/www.europesays.com\/fr\/wp-json\/wp\/v2\/tags?post=655542"}],"curies":[{"name":"wp","href":"https:\/\/api.w.org\/{rel}","templated":true}]}}