{"id":655548,"date":"2026-01-11T06:06:27","date_gmt":"2026-01-11T06:06:27","guid":{"rendered":"https:\/\/www.europesays.com\/fr\/655548\/"},"modified":"2026-01-11T06:06:27","modified_gmt":"2026-01-11T06:06:27","slug":"invites-patrice-duhamel-gautier-battistella-perico-legasse-en-replay-c-a-vous","status":"publish","type":"post","link":"https:\/\/www.europesays.com\/fr\/655548\/","title":{"rendered":"Invit\u00e9s : Patrice Duhamel, Gautier Battistella, P\u00e9rico Legasse en replay &#8211; C \u00e0 vous"},"content":{"rendered":"<p class=\"kPgwkc gYsEFt\">Sant\u00e9 des Pr\u00e9sidents, un \u00e9ternel tabou\u00a0?<\/p>\n<p class=\"kPgwkc gYsEFt\">&#8211; Patrice Duhamel, \u00e9ditorialiste politique<\/p>\n<p class=\"kPgwkc gYsEFt\">\n<p>Livre\u00a0: \u00ab\u00a0La<br \/>\n photo. P\u00e9tain-Mitterrand : l\u2019histoire secr\u00e8te du document qui aurait pu<br \/>\n bouleverser la V\u00e8me R\u00e9publique\u00a0\u00bb, disponible aux \u00e9ditions de<br \/>\nL\u2019Observatoire<br \/>\n\u00a0\n<\/p>\n<p class=\"kPgwkc gYsEFt\">Paul Bocuse, un cuisinier de l\u00e9gendes<\/p>\n<p class=\"kPgwkc gYsEFt\">&#8211; Gautier Battistella, journaliste et romancier<\/p>\n<p class=\"kPgwkc gYsEFt\">\nLivre\u00a0: \u00ab\u00a0Bocuse\u00a0\u00bb, disponible depuis le 7 janvier aux \u00e9ditions Grasset<\/p>\n<p class=\"kPgwkc gYsEFt\">&#8211; P\u00e9rico Legasse, ami de Paul Bocuse et animateur de l\u2019\u00e9mission \u00ab\u00a0La France dans tous ses \u00e9tats\u00a0\u00bb, du lundi au vendredi de 12h \u00e0 14h sur Sud Radio<\/p>\n<p class=\"kPgwkc gYsEFt\">Livre\u00a0: \u00ab\u00a0Du panier \u00e0 l&rsquo;assiette\u00a0\u00bb, co-\u00e9crit avec Serge Papin, ancien dirigeant<br \/>\n du groupement coop\u00e9ratif Syst\u00e8me U et actuel ministre du Commerce,<br \/>\ndisponible aux \u00e9ditions Solar<\/p>\n","protected":false},"excerpt":{"rendered":"Sant\u00e9 des Pr\u00e9sidents, un \u00e9ternel tabou\u00a0? &#8211; Patrice Duhamel, \u00e9ditorialiste politique Livre\u00a0: \u00ab\u00a0La photo. P\u00e9tain-Mitterrand : l\u2019histoire secr\u00e8te&hellip;\n","protected":false},"author":2,"featured_media":655549,"comment_status":"","ping_status":"","sticky":false,"template":"","format":"standard","meta":{"footnotes":""},"categories":[1356],"tags":[58,59,1011,27,252,1364],"class_list":{"0":"post-655548","1":"post","2":"type-post","3":"status-publish","4":"format-standard","5":"has-post-thumbnail","7":"category-television","8":"tag-divertissement","9":"tag-entertainment","10":"tag-fr","11":"tag-france","12":"tag-television","13":"tag-tv"},"share_on_mastodon":{"url":"https:\/\/pubeurope.com\/@fr\/115874967327614100","error":""},"_links":{"self":[{"href":"https:\/\/www.europesays.com\/fr\/wp-json\/wp\/v2\/posts\/655548","targetHints":{"allow":["GET"]}}],"collection":[{"href":"https:\/\/www.europesays.com\/fr\/wp-json\/wp\/v2\/posts"}],"about":[{"href":"https:\/\/www.europesays.com\/fr\/wp-json\/wp\/v2\/types\/post"}],"author":[{"embeddable":true,"href":"https:\/\/www.europesays.com\/fr\/wp-json\/wp\/v2\/users\/2"}],"replies":[{"embeddable":true,"href":"https:\/\/www.europesays.com\/fr\/wp-json\/wp\/v2\/comments?post=655548"}],"version-history":[{"count":0,"href":"https:\/\/www.europesays.com\/fr\/wp-json\/wp\/v2\/posts\/655548\/revisions"}],"wp:featuredmedia":[{"embeddable":true,"href":"https:\/\/www.europesays.com\/fr\/wp-json\/wp\/v2\/media\/655549"}],"wp:attachment":[{"href":"https:\/\/www.europesays.com\/fr\/wp-json\/wp\/v2\/media?parent=655548"}],"wp:term":[{"taxonomy":"category","embeddable":true,"href":"https:\/\/www.europesays.com\/fr\/wp-json\/wp\/v2\/categories?post=655548"},{"taxonomy":"post_tag","embeddable":true,"href":"https:\/\/www.europesays.com\/fr\/wp-json\/wp\/v2\/tags?post=655548"}],"curies":[{"name":"wp","href":"https:\/\/api.w.org\/{rel}","templated":true}]}}