{"id":655550,"date":"2026-01-11T06:07:18","date_gmt":"2026-01-11T06:07:18","guid":{"rendered":"https:\/\/www.europesays.com\/fr\/655550\/"},"modified":"2026-01-11T06:07:18","modified_gmt":"2026-01-11T06:07:18","slug":"les-confidences-de-benoit-poher-chanteur-de-kyo","status":"publish","type":"post","link":"https:\/\/www.europesays.com\/fr\/655550\/","title":{"rendered":"les confidences de Beno\u00eet Poher, chanteur de Kyo"},"content":{"rendered":"<p>Il y a ceux que la c\u00e9l\u00e9brit\u00e9 transforme et d\u2019autres, anim\u00e9s uniquement par leur passion, qui restent int\u00e8gres jusqu\u2019au bout du micro et dont l\u2019humilit\u00e9 est intacte. C\u2019est le cas de Beno\u00eet Poher. Le chanteur de Kyo sort tout juste d\u2019une autre interview, au moment de nous rencontrer \u00e0 Paris, et c\u2019est confortablement install\u00e9 dans un canap\u00e9, sweat sur les \u00e9paules, caf\u00e9 \u00e0 la main et sourire aux l\u00e8vres, qu\u2019il nous accueille. Tranquille, pas press\u00e9, simple. Sans jamais faire sentir le foss\u00e9 qui existe parfois entre les artistes et le reste du monde.<\/p>\n<p>Pourtant le chanteur et son groupe auraient de quoi fanfaronner\u00a0: sept albums \u00e0 leur actif \u2013 dont le dernier, <a target=\"_blank\" href=\"https:\/\/kyomusic.com\/news\/ultraviolent-nouvel-album-maintenant-disponible\/\" rel=\"noopener\">Ultraviolent<\/a>, est sorti le 31\u00a0octobre 2025\u00a0\u2013, plus de vingt ans de carri\u00e8re, une pluie de r\u00e9compenses aux Victoires de la musique, aux NRJ Music Awards ou encore aux\u00a0MTV Europe Music Awards, et plus de 2,5\u00a0millions d\u2019albums vendus (1,5\u00a0million juste pour Le Chemin, sorti en 2003).<\/p>\n<p name=\"citation\" class=\"BlockCitation_citation__j4IP6 \">La magie op\u00e8re et quand l\u2019album est termin\u00e9, on a l\u2019impression d\u2019avoir repouss\u00e9 nos limites<\/p>\n<p><strong>Beno\u00eet Poher, Kyo<\/strong><\/p>\n<p>\u00ab\u00a0\u00c0 chaque nouvel album, notre volont\u00e9, c\u2019est de marquer une v\u00e9ritable \u00e9volution, tout en restant coh\u00e9rent. Avec une libert\u00e9 totale, quitte \u00e0 se planter\u00a0\u00bb, nous explique Beno\u00eet Poher. \u00ab\u00a0Moi, j\u2019aime bien les \u201c\u00a0accidents\u00a0\u201d, ces morceaux qui semblent tellement loin de nous. Et puis, la magie op\u00e8re et quand l\u2019album est termin\u00e9, on a l\u2019impression d\u2019avoir repouss\u00e9 nos limites&#8230;. <\/p>\n<p>    Cet article a \u00e9t\u00e9 tronqu\u00e9. Abonnez-vous pour lire l&rsquo;article complet sur notre site.<\/p>\n<p>\u00a0\u00bb<\/p>\n<p style=\"margin: 0 !important; padding: 0 !important; font-size: 12px !important;\">Cet article a \u00e9t\u00e9 tronqu\u00e9. Abonnez-vous pour lire l&rsquo;article complet.<\/p>\n<p>    <a href=\"https:\/\/www.lanouvellerepublique.fr\/abonnements\" style=\"display: inline-block; margin-top: 5px !important; padding: 6px 12px !important; background: #cb1c27; color: white; text-decoration: none; border-radius: 4px; font-size: 12px !important;\" target=\"_blank\" rel=\"noopener\"><br \/>\n      S&rsquo;abonner<br \/>\n    <\/a><\/p>\n","protected":false},"excerpt":{"rendered":"Il y a ceux que la c\u00e9l\u00e9brit\u00e9 transforme et d\u2019autres, anim\u00e9s uniquement par leur passion, qui restent int\u00e8gres&hellip;\n","protected":false},"author":2,"featured_media":655551,"comment_status":"","ping_status":"","sticky":false,"template":"","format":"standard","meta":{"footnotes":""},"categories":[1355],"tags":[328,1695,4156,58,59,1011,27,329,43033,1393,1361,873,1698],"class_list":{"0":"post-655550","1":"post","2":"type-post","3":"status-publish","4":"format-standard","5":"has-post-thumbnail","7":"category-musique","8":"tag-a-la-une","9":"tag-chanson","10":"tag-concerts","11":"tag-divertissement","12":"tag-entertainment","13":"tag-fr","14":"tag-france","15":"tag-france-monde","16":"tag-linvite-du-samedi","17":"tag-loisirs","18":"tag-music","19":"tag-musique","20":"tag-musiques"},"share_on_mastodon":{"url":"https:\/\/pubeurope.com\/@fr\/115874971156046327","error":""},"_links":{"self":[{"href":"https:\/\/www.europesays.com\/fr\/wp-json\/wp\/v2\/posts\/655550","targetHints":{"allow":["GET"]}}],"collection":[{"href":"https:\/\/www.europesays.com\/fr\/wp-json\/wp\/v2\/posts"}],"about":[{"href":"https:\/\/www.europesays.com\/fr\/wp-json\/wp\/v2\/types\/post"}],"author":[{"embeddable":true,"href":"https:\/\/www.europesays.com\/fr\/wp-json\/wp\/v2\/users\/2"}],"replies":[{"embeddable":true,"href":"https:\/\/www.europesays.com\/fr\/wp-json\/wp\/v2\/comments?post=655550"}],"version-history":[{"count":0,"href":"https:\/\/www.europesays.com\/fr\/wp-json\/wp\/v2\/posts\/655550\/revisions"}],"wp:featuredmedia":[{"embeddable":true,"href":"https:\/\/www.europesays.com\/fr\/wp-json\/wp\/v2\/media\/655551"}],"wp:attachment":[{"href":"https:\/\/www.europesays.com\/fr\/wp-json\/wp\/v2\/media?parent=655550"}],"wp:term":[{"taxonomy":"category","embeddable":true,"href":"https:\/\/www.europesays.com\/fr\/wp-json\/wp\/v2\/categories?post=655550"},{"taxonomy":"post_tag","embeddable":true,"href":"https:\/\/www.europesays.com\/fr\/wp-json\/wp\/v2\/tags?post=655550"}],"curies":[{"name":"wp","href":"https:\/\/api.w.org\/{rel}","templated":true}]}}