{"id":655553,"date":"2026-01-11T06:10:11","date_gmt":"2026-01-11T06:10:11","guid":{"rendered":"https:\/\/www.europesays.com\/fr\/655553\/"},"modified":"2026-01-11T06:10:11","modified_gmt":"2026-01-11T06:10:11","slug":"ce-que-jimmy-mohamed-recommande-vraiment-pour-aller-mieux","status":"publish","type":"post","link":"https:\/\/www.europesays.com\/fr\/655553\/","title":{"rendered":"ce que Jimmy Mohamed recommande vraiment pour aller mieux"},"content":{"rendered":"<p>Il suffit parfois d\u2019un <a href=\"https:\/\/www.melty.fr\/divers\/changement-dheure-2025-voici-la-date-exacte-du-passage-a-lheure-dete-2222723.html\" target=\"_blank\" rel=\"noopener\"><br \/>\nchangement d\u2019heure<\/a> ou de quelques jours gris pour voir le moral<br \/>\ndescendre en fl\u00e8che. Chaque ann\u00e9e, l\u2019hiver marque le retour de ce<br \/>\nque les m\u00e9decins appellent le <strong>trouble affectif<br \/>\nsaisonnier<\/strong>, plus connu sous le nom de <strong>d\u00e9pression<br \/>\nsaisonni\u00e8re<\/strong>. Le docteur <strong>Jimmy Mohamed<\/strong>,<br \/>\n<a href=\"https:\/\/www.melty.fr\/divers\/cest-contre-productif-le-dr-jimmy-mohamed-alerte-sur-le-coca-en-cas-de-gastro-2281652.html\" target=\"_blank\" rel=\"noopener\"><br \/>\nconnu pour ses chroniques sant\u00e9<\/a>, a pris la parole dans une<br \/>\nvid\u00e9o publi\u00e9e d\u00e9but janvier pour alerter sur trois erreurs que nous<br \/>\nfaisons tous et qui aggravent notre \u00e9tat.<\/p>\n<p>D\u00e9pression saisonni\u00e8re : ce que vous faites sans le savoir peut<br \/>\nl\u2019aggraver<\/p>\n<p>Premier r\u00e9flexe qui empire la situation : <strong>fuir le froid<br \/>\nen restant sous la couette<\/strong> toute la journ\u00e9e. Pour<br \/>\n<strong>Jimmy Mohamed<\/strong>, c\u2019est tout l\u2019inverse qu\u2019il faudrait<br \/>\nfaire. S\u2019exposer \u00e0 la lumi\u00e8re du jour, m\u00eame glaciale, permettrait<br \/>\nde contrer la <strong>baisse naturelle de la s\u00e9rotonine<\/strong>,<br \/>\nhormone cl\u00e9 du bien-\u00eatre. M\u00eame en janvier, sortir marcher 20<br \/>\nminutes \u00e0 la lumi\u00e8re peut faire la diff\u00e9rence.<\/p>\n<p>Autre coupable souvent ignor\u00e9 : <strong>le manque de<br \/>\nsommeil<\/strong>. Selon le m\u00e9decin, un quart des Fran\u00e7ais dorment<br \/>\nmoins de six heures par nuit. Un d\u00e9ficit qui n\u2019\u00e9pargne personne. Il<br \/>\nalerte : \u00ab\u00a0a de multiples cons\u00e9quences sur la sant\u00e9 physique.<br \/>\nPlus de cancers, diab\u00e8tes, d\u00a0\u00bbhypertension, mais \u00e9galement de<br \/>\ntroubles mentaux\u00a0\u00bb. Et d\u2019ajouter : \u00ab\u00a0Lorsqu&rsquo;on ne dort pas,<br \/>\non augmente le risque de troubles anxieux et de d\u00e9pression. C&rsquo;est<br \/>\nvalable \u00e0 la fois chez les adultes, mais aussi chez les enfants et<br \/>\nles adolescents !\u00a0\u00bb<\/p>\n<p>Les conseils concrets de Jimmy Mohamed pour retrouver le<br \/>\nmoral<\/p>\n<p>Plut\u00f4t que de subir, Jimmy Mohamed propose, selon <a href=\"https:\/\/www.closermag.fr\/psycho_sexo\/depression-saisonniere-un-truc-quon-fait-tous-jimmy-mohamed-met-les-pieds-dans-le-plat-3610293\" target=\"_blank\" rel=\"noopener\">Closer<\/a>, des leviers<br \/>\nsimples \u00e0 activer. La priorit\u00e9 : <strong>exposer son corps et ses<br \/>\nyeux \u00e0 la lumi\u00e8re naturelle<\/strong>, d\u00e8s le matin si possible. En<br \/>\nparall\u00e8le, il recommande de <strong>surveiller son hygi\u00e8ne de<br \/>\nsommeil<\/strong> : <strong>\u00e9viter les \u00e9crans le soir<\/strong>,<br \/>\n<strong>garder des horaires fixes<\/strong>, et <strong>viser au<br \/>\nmoins 7 heures de repos<\/strong> par nuit.<\/p>\n<p>L\u2019alimentation joue aussi un r\u00f4le cl\u00e9 dans la r\u00e9gulation de<br \/>\nl\u2019humeur. Exit les plats ultra-transform\u00e9s et la junk food, qui<br \/>\nperturbent le microbiote intestinal. \u00c0 la place, le m\u00e9decin sugg\u00e8re<br \/>\nd\u2019opter pour des <strong>aliments riches en om\u00e9ga-3<\/strong>, comme<br \/>\nles poissons gras ou les noix, et de v\u00e9rifier ses apports en<br \/>\n<strong>vitamine D<\/strong>, souvent d\u00e9ficitaires en hiver.<\/p>\n<p>Sommeil, lumi\u00e8re, alimentation : les<br \/>\ngestes simples \u00e0 adopter<\/p>\n<p>En r\u00e9sum\u00e9, Jimmy Mohamed propose une approche globale mais<br \/>\npragmatique : <strong>bouger<\/strong>, <strong>bien dormir<\/strong><br \/>\net <strong>bien manger<\/strong>. Trois piliers souvent n\u00e9glig\u00e9s<br \/>\nqui, selon lui, peuvent faire toute la diff\u00e9rence quand les jours<br \/>\nraccourcissent.<\/p>\n<p>Alors avant de c\u00e9der \u00e0 la morosit\u00e9 hivernale, il peut \u00eatre utile<br \/>\nde revoir ses habitudes quotidiennes. Une promenade dans le froid,<br \/>\nune soupe de courges maison et une heure de coucher r\u00e9guli\u00e8re :<br \/>\nautant d\u2019alli\u00e9s insoup\u00e7onn\u00e9s contre le blues de l\u2019hiver.<\/p>\n","protected":false},"excerpt":{"rendered":"Il suffit parfois d\u2019un changement d\u2019heure ou de quelques jours gris pour voir le moral descendre en fl\u00e8che.&hellip;\n","protected":false},"author":2,"featured_media":655554,"comment_status":"","ping_status":"","sticky":false,"template":"","format":"standard","meta":{"footnotes":""},"categories":[10],"tags":[1011,27,72,65629,71,65861],"class_list":{"0":"post-655553","1":"post","2":"type-post","3":"status-publish","4":"format-standard","5":"has-post-thumbnail","7":"category-sante","8":"tag-fr","9":"tag-france","10":"tag-health","11":"tag-jimmy-mohamed","12":"tag-sante","13":"tag-trend"},"share_on_mastodon":{"url":"https:\/\/pubeurope.com\/@fr\/115874983016679671","error":""},"_links":{"self":[{"href":"https:\/\/www.europesays.com\/fr\/wp-json\/wp\/v2\/posts\/655553","targetHints":{"allow":["GET"]}}],"collection":[{"href":"https:\/\/www.europesays.com\/fr\/wp-json\/wp\/v2\/posts"}],"about":[{"href":"https:\/\/www.europesays.com\/fr\/wp-json\/wp\/v2\/types\/post"}],"author":[{"embeddable":true,"href":"https:\/\/www.europesays.com\/fr\/wp-json\/wp\/v2\/users\/2"}],"replies":[{"embeddable":true,"href":"https:\/\/www.europesays.com\/fr\/wp-json\/wp\/v2\/comments?post=655553"}],"version-history":[{"count":0,"href":"https:\/\/www.europesays.com\/fr\/wp-json\/wp\/v2\/posts\/655553\/revisions"}],"wp:featuredmedia":[{"embeddable":true,"href":"https:\/\/www.europesays.com\/fr\/wp-json\/wp\/v2\/media\/655554"}],"wp:attachment":[{"href":"https:\/\/www.europesays.com\/fr\/wp-json\/wp\/v2\/media?parent=655553"}],"wp:term":[{"taxonomy":"category","embeddable":true,"href":"https:\/\/www.europesays.com\/fr\/wp-json\/wp\/v2\/categories?post=655553"},{"taxonomy":"post_tag","embeddable":true,"href":"https:\/\/www.europesays.com\/fr\/wp-json\/wp\/v2\/tags?post=655553"}],"curies":[{"name":"wp","href":"https:\/\/api.w.org\/{rel}","templated":true}]}}