{"id":655564,"date":"2026-01-11T06:16:16","date_gmt":"2026-01-11T06:16:16","guid":{"rendered":"https:\/\/www.europesays.com\/fr\/655564\/"},"modified":"2026-01-11T06:16:16","modified_gmt":"2026-01-11T06:16:16","slug":"brest-un-incendie-maitrise-sur-le-site-de-thales-dimportants-degats-materiels","status":"publish","type":"post","link":"https:\/\/www.europesays.com\/fr\/655564\/","title":{"rendered":"Brest\u00a0: un incendie ma\u00eetris\u00e9 sur le site de Thales, d&rsquo;importants d\u00e9g\u00e2ts mat\u00e9riels"},"content":{"rendered":"<p>Un incendie s&rsquo;est d\u00e9clar\u00e9 samedi 10 janvier 2026 peu avant 10h \u00e0 l&rsquo;usine Thales de Brest. Le feu a pris dans le b\u00e2timent principal du site. Les d\u00e9g\u00e2ts sont importants mais aucun salari\u00e9 de l\u2019entreprise ne se trouvait \u00e0 l\u2019int\u00e9rieur. L&rsquo;incendie est d\u00e9sormais \u00e9teint.<\/p>\n<p>Le feu a fait d&rsquo;importants d\u00e9g\u00e2ts \u00e0 l&rsquo;usine Thales de Brest. <strong>Un incendie s&rsquo;est d\u00e9clar\u00e9 peu avant 10h samedi 10 janvier 2026 dans le b\u00e2timent principal du site, qui abrite les activit\u00e9s li\u00e9es aux syst\u00e8mes sous-marins et aux sonars.<\/strong><\/p>\n<p>Aucun des 1800 salari\u00e9s de Thales n&rsquo;\u00e9tait pr\u00e9sent au moment de l&rsquo;incendie, ce sont les agents de s\u00e9curit\u00e9 qui ont pr\u00e9venu les pompiers.<\/p>\n<p>D&rsquo;\u00e9paisses fum\u00e9es \u00e9taient\u00a0<strong>visibles \u00e0 des centaines de m\u00e8tres<\/strong> aux alentours.<\/p>\n<p>Un important dispositif de secours<\/p>\n<p>Le feu a \u00e9t\u00e9 rapidement \u00e9teint mais \u00e0 midi, <strong>une cinquantaine de pompiers et une douzaine de v\u00e9hicules \u00e9taient toujours pr\u00e9sents sur les lieux<\/strong> pour aider les \u00e9quipes de l&rsquo;usine \u00e0 prot\u00e9ger le mat\u00e9riel.<\/p>\n<p>L&rsquo;origine de l&rsquo;incendie semble \u00eatre <strong>accidentelle<\/strong>, il n&rsquo;y a aucun signe d&rsquo;intrusion.<\/p>\n<p>Avec 1 800 salari\u00e9s bas\u00e9s dans le Finist\u00e8re, Thales est un pilier de l\u2019\u00e9lectronique de pointe et des syst\u00e8mes de d\u00e9fense.<\/p>\n","protected":false},"excerpt":{"rendered":"Un incendie s&rsquo;est d\u00e9clar\u00e9 samedi 10 janvier 2026 peu avant 10h \u00e0 l&rsquo;usine Thales de Brest. Le feu&hellip;\n","protected":false},"author":2,"featured_media":655565,"comment_status":"","ping_status":"","sticky":false,"template":"","format":"standard","meta":{"footnotes":""},"categories":[4],"tags":[11,1011,27,12,25],"class_list":{"0":"post-655564","1":"post","2":"type-post","3":"status-publish","4":"format-standard","5":"has-post-thumbnail","7":"category-france","8":"tag-actualites","9":"tag-fr","10":"tag-france","11":"tag-news","12":"tag-republique-francaise"},"share_on_mastodon":{"url":"https:\/\/pubeurope.com\/@fr\/115875006636611041","error":""},"_links":{"self":[{"href":"https:\/\/www.europesays.com\/fr\/wp-json\/wp\/v2\/posts\/655564","targetHints":{"allow":["GET"]}}],"collection":[{"href":"https:\/\/www.europesays.com\/fr\/wp-json\/wp\/v2\/posts"}],"about":[{"href":"https:\/\/www.europesays.com\/fr\/wp-json\/wp\/v2\/types\/post"}],"author":[{"embeddable":true,"href":"https:\/\/www.europesays.com\/fr\/wp-json\/wp\/v2\/users\/2"}],"replies":[{"embeddable":true,"href":"https:\/\/www.europesays.com\/fr\/wp-json\/wp\/v2\/comments?post=655564"}],"version-history":[{"count":0,"href":"https:\/\/www.europesays.com\/fr\/wp-json\/wp\/v2\/posts\/655564\/revisions"}],"wp:featuredmedia":[{"embeddable":true,"href":"https:\/\/www.europesays.com\/fr\/wp-json\/wp\/v2\/media\/655565"}],"wp:attachment":[{"href":"https:\/\/www.europesays.com\/fr\/wp-json\/wp\/v2\/media?parent=655564"}],"wp:term":[{"taxonomy":"category","embeddable":true,"href":"https:\/\/www.europesays.com\/fr\/wp-json\/wp\/v2\/categories?post=655564"},{"taxonomy":"post_tag","embeddable":true,"href":"https:\/\/www.europesays.com\/fr\/wp-json\/wp\/v2\/tags?post=655564"}],"curies":[{"name":"wp","href":"https:\/\/api.w.org\/{rel}","templated":true}]}}