{"id":655566,"date":"2026-01-11T06:17:14","date_gmt":"2026-01-11T06:17:14","guid":{"rendered":"https:\/\/www.europesays.com\/fr\/655566\/"},"modified":"2026-01-11T06:17:14","modified_gmt":"2026-01-11T06:17:14","slug":"etre-algerien-ca-se-celebre-malgre-lelimination-de-la-can-les-supporters-des-fennecs-enflamment-barbes","status":"publish","type":"post","link":"https:\/\/www.europesays.com\/fr\/655566\/","title":{"rendered":"\u00ab\u00a0\u00catre Alg\u00e9rien, \u00e7a se c\u00e9l\u00e8bre\u00a0\u00bb\u00a0: malgr\u00e9 l\u2019\u00e9limination de la CAN, les supporters des Fennecs enflamment Barb\u00e8s"},"content":{"rendered":"<p class=\"paragraph text_align_left lp-f-body-02\">Depuis le boulevard de La Chapelle (XVIIIe arrondissement de Paris), il est impossible de deviner ce qui se passe sur le terrain \u00e0 2 000 km de l\u00e0, dans le Grand stade de Marrakech qui accueille, ce samedi, le quart de finale de la Coupe d\u2019Afrique des nations <a href=\"https:\/\/www.leparisien.fr\/sports\/football\/coupe-d-afrique-des-nations\/algerie-nigeria-0-2-febrilite-buts-encaisses-et-embrouille-en-fin-de-match-la-soiree-difficile-de-luca-zidane-en-quarts-de-la-can-10-01-2026-CFHVLFVNURFRTGVJC3O4B5BC44.php\" target=\"_blank\" rel=\"noreferrer noopener\">entre l\u2019Alg\u00e9rie et le Nigeria.<\/a> Alors que les Fennecs encaissent leur deuxi\u00e8me but, devant le fast-food de sp\u00e9cialit\u00e9s alg\u00e9riennes Hbabna, les supporters, drapeau vert et blanc sur les \u00e9paules, allument des fumig\u00e8nes.<\/p>\n<p class=\"\">\u00ab Rien que le fait d\u2019\u00eatre Alg\u00e9rien, \u00e7a se c\u00e9l\u00e8bre \u00bb, \u00e9claire Ryan, 19 ans, install\u00e9 sur le trottoir avec ses copains. D\u2019ici, le petit groupe voit \u00e0 peine un morceau de la t\u00e9l\u00e9 install\u00e9e de l\u2019autre c\u00f4t\u00e9 de la rue des Islettes, \u00e0 l\u2019int\u00e9rieur du restaurant sp\u00e9cialis\u00e9 dans les grillades. Qu\u2019importe, ils peuvent regarder sur le t\u00e9l\u00e9phone d\u2019Enzo, le plus jeune de la bande, et sont surtout l\u00e0 pour l\u2019ambiance.<\/p>\n<p class=\"\">Autour d\u2019eux, les chants de supporters s\u2019\u00e9l\u00e8vent en arabe. Alors que les chances d\u2019\u00e9galiser s\u2019\u00e9loignent, quelques feux d\u2019artifice s\u2019\u00e9l\u00e8vent dans la rue, face au m\u00e9tro a\u00e9rien. R\u00e9guli\u00e8rement, le cort\u00e8ge doit s\u2019\u00e9carter bon gr\u00e9 mal gr\u00e9 pour laisser passer les forces de l\u2019ordre qui veillent au grain. Plus r\u00e9guli\u00e8rement encore, le fameux \u00ab one, two, three, viva l\u2019Alg\u00e9rie \u00bb est scand\u00e9.<\/p>\n<p class=\"\">C\u2019est pour cette f\u00eate improvis\u00e9e que Solange, jeune quinquag\u00e9naire, a fait le trajet depuis Beauvais (Oise). De sa place sur le trottoir, elle ne voit rien du match qui approche de la fin. Elle profite simplement de l\u2019atmosph\u00e8re et d\u2019un esprit de communion \u00ab propre au foot \u00bb. \u00ab Voil\u00e0 ce que je suis venue chercher \u00bb, sourit-elle alors que de nouveaux fumig\u00e8nes \u00e9clairent la rue d\u2019une vive lumi\u00e8re rouge.<\/p>\n<p>Petites tensions avec la police<\/p>\n<p class=\"\">\u00c0 19 heures, <a href=\"https:\/\/www.leparisien.fr\/sports\/football\/coupe-d-afrique-des-nations\/algerie-nigeria-0-2-lexplication-musclee-entre-luca-zidane-et-un-joueur-nigerian-a-la-fin-du-match-10-01-2026-LBTGRXJYOND5NOWCD55246HAE4.php\" target=\"_blank\" rel=\"noreferrer noopener\">avec le coup de sifflet final<\/a> s\u2019ach\u00e8ve l\u2019aventure alg\u00e9rienne dans le tournoi continental. Derri\u00e8re la d\u00e9ception, la fiert\u00e9 semble prendre le dessus chez les supporters. \u00ab On partait de loin \u00bb, rappelle Abdallah, franco-alg\u00e9rien, dont l\u2019\u00e9quipe ne s\u2019\u00e9tait pas qualifi\u00e9e pour des <a href=\"https:\/\/www.leparisien.fr\/sports\/football\/coupe-d-afrique-des-nations\/algerie-nigeria-0-2-les-super-eagles-dominent-de-timides-fennecs-et-rejoignent-le-maroc-en-demi-finale-de-la-can-10-01-2026-2VUSAFBFJREBRGBPJPFY5I75EA.php\" target=\"_blank\" rel=\"noreferrer noopener\">quarts de finale de la CAN<\/a> depuis 2019. Le jeune majeur vante le parcours des Fennecs et reconna\u00eet que le Nigeria est \u00ab une grande \u00e9quipe \u00bb.<\/p>\n<p><img decoding=\"async\" class=\"image \" loading=\"lazy\" src=\"https:\/\/www.europesays.com\/fr\/wp-content\/uploads\/2026\/01\/I5ESGKPB65FRBJWTMEUAXHV3UE.jpg\" alt=\"L'ambiance s'est tendue juste apr\u00e8s la fin du match. LP\/Arnaud Dumontier\" align=\"\" data-rubrique-principale=\"\" data-article-type=\"\" fetchpriority=\"auto\"\/>L&rsquo;ambiance s&rsquo;est tendue juste apr\u00e8s la fin du match. LP\/Arnaud Dumontier <\/p>\n<p class=\"\">De leur c\u00f4t\u00e9, Enzo et Ryan regrettent surtout d\u2019\u00eatre pass\u00e9s \u00e0 c\u00f4t\u00e9 de la demi-finale contre le Maroc, \u00ab la meilleure affiche \u00bb entre \u00ab deux belles nations \u00bb.<\/p>\n<p class=\"\">Rapidement apr\u00e8s le coup de sifflet final, alors que les CRS \u00e9taient plac\u00e9s le long du boulevard la Chapelle depuis plusieurs minutes, les premi\u00e8res insultes fusent, une bouteille est lanc\u00e9e. Les forces de l\u2019ordre r\u00e9pliquent avec une grenade lacrymog\u00e8ne. La foule se disperse rapidement puis revient en petites grappes. La vie reprend rapidement son cours dans le quartier. Il n\u2019est pas 20 heures et la f\u00eate est d\u00e9j\u00e0 finie.<\/p>\n","protected":false},"excerpt":{"rendered":"Depuis le boulevard de La Chapelle (XVIIIe arrondissement de Paris), il est impossible de deviner ce qui se&hellip;\n","protected":false},"author":2,"featured_media":655567,"comment_status":"","ping_status":"","sticky":false,"template":"","format":"standard","meta":{"footnotes":""},"categories":[2],"tags":[11,71594,63,1011,27,12,60],"class_list":{"0":"post-655566","1":"post","2":"type-post","3":"status-publish","4":"format-standard","5":"has-post-thumbnail","7":"category-actualites","8":"tag-actualites","9":"tag-can","10":"tag-football","11":"tag-fr","12":"tag-france","13":"tag-news","14":"tag-sports"},"share_on_mastodon":{"url":"https:\/\/pubeurope.com\/@fr\/115875010606140202","error":""},"_links":{"self":[{"href":"https:\/\/www.europesays.com\/fr\/wp-json\/wp\/v2\/posts\/655566","targetHints":{"allow":["GET"]}}],"collection":[{"href":"https:\/\/www.europesays.com\/fr\/wp-json\/wp\/v2\/posts"}],"about":[{"href":"https:\/\/www.europesays.com\/fr\/wp-json\/wp\/v2\/types\/post"}],"author":[{"embeddable":true,"href":"https:\/\/www.europesays.com\/fr\/wp-json\/wp\/v2\/users\/2"}],"replies":[{"embeddable":true,"href":"https:\/\/www.europesays.com\/fr\/wp-json\/wp\/v2\/comments?post=655566"}],"version-history":[{"count":0,"href":"https:\/\/www.europesays.com\/fr\/wp-json\/wp\/v2\/posts\/655566\/revisions"}],"wp:featuredmedia":[{"embeddable":true,"href":"https:\/\/www.europesays.com\/fr\/wp-json\/wp\/v2\/media\/655567"}],"wp:attachment":[{"href":"https:\/\/www.europesays.com\/fr\/wp-json\/wp\/v2\/media?parent=655566"}],"wp:term":[{"taxonomy":"category","embeddable":true,"href":"https:\/\/www.europesays.com\/fr\/wp-json\/wp\/v2\/categories?post=655566"},{"taxonomy":"post_tag","embeddable":true,"href":"https:\/\/www.europesays.com\/fr\/wp-json\/wp\/v2\/tags?post=655566"}],"curies":[{"name":"wp","href":"https:\/\/api.w.org\/{rel}","templated":true}]}}