{"id":655568,"date":"2026-01-11T06:18:11","date_gmt":"2026-01-11T06:18:11","guid":{"rendered":"https:\/\/www.europesays.com\/fr\/655568\/"},"modified":"2026-01-11T06:18:11","modified_gmt":"2026-01-11T06:18:11","slug":"ondaine-quand-la-croix-rouge-fait-130-km-pour-aider-les-personnes-isolees-dans-les-villages-du-haut-forez","status":"publish","type":"post","link":"https:\/\/www.europesays.com\/fr\/655568\/","title":{"rendered":"Ondaine. Quand La Croix-Rouge fait 130\u00a0km pour aider les personnes isol\u00e9es dans les villages du Haut-Forez"},"content":{"rendered":"<p>Tout au long de l\u2019ann\u00e9e, except\u00e9 au mois d\u2019ao\u00fbt, Gilberte, Antonio, Christophe, Christian et Jacques se relaient, par \u00e9quipe de deux pour apporter une aide alimentaire \u00e0 des personnes \u00e9loign\u00e9es et isol\u00e9es, r\u00e9sidant sur les hauts plateaux du Forez. Nous avons choisi de les suivre, \u00e0 bord du camion de la Croix-Rouge durant leur premi\u00e8re sortie de l\u2019ann\u00e9e 2026. Pour Jacques et Christian, la journ\u00e9e a d\u00e9but\u00e9 par un voyage \u00e0 Saint-\u00c9tienne (dans le quartier de Montplaisir) pour y r\u00e9cup\u00e9rer le camion au bord duquel va s\u2019effectuer la tourn\u00e9e.<\/p>\n<p>Dix-sept familles, soit 27 personnes dont 4 enfants, vont recevoir leur panier<\/p>\n<p>Nous nous retrouvons \u00e0 Firminy<a href=\"https:\/\/www.leprogres.fr\/societe\/2025\/10\/02\/la-demande-d-aide-en-hausse-constante-a-la-croix-rouge-francaise\" target=\"_blank\" rel=\"noopener\">, au centre de distribution alimentaire<\/a>, o\u00f9 ils vont charger la nourriture r\u00e9cup\u00e9r\u00e9e \u00e0 la banque alimentaire ou lors des diff\u00e9rentes ramasses effectu\u00e9es par les b\u00e9n\u00e9voles aupr\u00e8s des grandes surfaces de l\u2019Ondaine ou aupr\u00e8s de quelques commer\u00e7ants appelous.<\/p>\n","protected":false},"excerpt":{"rendered":"Tout au long de l\u2019ann\u00e9e, except\u00e9 au mois d\u2019ao\u00fbt, Gilberte, Antonio, Christophe, Christian et Jacques se relaient, par&hellip;\n","protected":false},"author":2,"featured_media":655569,"comment_status":"","ping_status":"","sticky":false,"template":"","format":"standard","meta":{"footnotes":""},"categories":[9653],"tags":[1111,11,2430,7359,7539,1777,674,10282,10283,1011,27,12,25,4001,801,104,1631],"class_list":{"0":"post-655568","1":"post","2":"type-post","3":"status-publish","4":"format-standard","5":"has-post-thumbnail","7":"category-saint-etienne","8":"tag-actu","9":"tag-actualites","10":"tag-auvergne-rhone-alpes","11":"tag-edition-loire-centre","12":"tag-edition-loire-sud","13":"tag-eu","14":"tag-europe","15":"tag-firminy","16":"tag-firminy-ville","17":"tag-fr","18":"tag-france","19":"tag-news","20":"tag-republique-francaise","21":"tag-saint-etienne","22":"tag-social","23":"tag-societe","24":"tag-vie-associative"},"share_on_mastodon":{"url":"https:\/\/pubeurope.com\/@fr\/115875014444621245","error":""},"_links":{"self":[{"href":"https:\/\/www.europesays.com\/fr\/wp-json\/wp\/v2\/posts\/655568","targetHints":{"allow":["GET"]}}],"collection":[{"href":"https:\/\/www.europesays.com\/fr\/wp-json\/wp\/v2\/posts"}],"about":[{"href":"https:\/\/www.europesays.com\/fr\/wp-json\/wp\/v2\/types\/post"}],"author":[{"embeddable":true,"href":"https:\/\/www.europesays.com\/fr\/wp-json\/wp\/v2\/users\/2"}],"replies":[{"embeddable":true,"href":"https:\/\/www.europesays.com\/fr\/wp-json\/wp\/v2\/comments?post=655568"}],"version-history":[{"count":0,"href":"https:\/\/www.europesays.com\/fr\/wp-json\/wp\/v2\/posts\/655568\/revisions"}],"wp:featuredmedia":[{"embeddable":true,"href":"https:\/\/www.europesays.com\/fr\/wp-json\/wp\/v2\/media\/655569"}],"wp:attachment":[{"href":"https:\/\/www.europesays.com\/fr\/wp-json\/wp\/v2\/media?parent=655568"}],"wp:term":[{"taxonomy":"category","embeddable":true,"href":"https:\/\/www.europesays.com\/fr\/wp-json\/wp\/v2\/categories?post=655568"},{"taxonomy":"post_tag","embeddable":true,"href":"https:\/\/www.europesays.com\/fr\/wp-json\/wp\/v2\/tags?post=655568"}],"curies":[{"name":"wp","href":"https:\/\/api.w.org\/{rel}","templated":true}]}}