{"id":655570,"date":"2026-01-11T06:19:11","date_gmt":"2026-01-11T06:19:11","guid":{"rendered":"https:\/\/www.europesays.com\/fr\/655570\/"},"modified":"2026-01-11T06:19:11","modified_gmt":"2026-01-11T06:19:11","slug":"le-centre-de-soins-de-la-clinique-mutualiste-de-bellevue-a-flux-tendu","status":"publish","type":"post","link":"https:\/\/www.europesays.com\/fr\/655570\/","title":{"rendered":"le centre de soins de la clinique mutualiste de Bellevue \u00e0 flux tendu"},"content":{"rendered":"<p>\u00ab\u00a0On est compl\u00e8tement d\u00e9bord\u00e9s, on fonctionne au maximum de notre capacit\u00e9. On a de la chance d\u2019avoir deux secr\u00e9taires pour nous \u00e9pauler.\u00a0\u00bb Le Dr. Florent Crouzet exerce au sein du centre de soins imm\u00e9diats (CMSI 42). Il explique ce pic d\u2019affluence par la convergence de divers facteurs\u00a0: \u00ab\u00a0Tout arrive en m\u00eame temps, la grippe est virulente cette ann\u00e9e, on est en pleine p\u00e9riode des gastro-ent\u00e9rites, le verglas sur les trottoirs a provoqu\u00e9 un grand nombre de chutes, et nos confr\u00e8res lib\u00e9raux sont en gr\u00e8ve.\u00a0\u00bb<\/p>\n<p>Une hausse de 30\u00a0% de la fr\u00e9quentation<\/p>\n<p>Depuis lundi, le centre de soins enregistre une hausse de 30\u00a0% de sa fr\u00e9quentation. Cet afflux exceptionnel au CMSI rend le parcours de soins des patients assez \u00e9prouvant. En plus&#8230;<\/p>\n","protected":false},"excerpt":{"rendered":"\u00ab\u00a0On est compl\u00e8tement d\u00e9bord\u00e9s, on fonctionne au maximum de notre capacit\u00e9. On a de la chance d\u2019avoir deux&hellip;\n","protected":false},"author":2,"featured_media":655571,"comment_status":"","ping_status":"","sticky":false,"template":"","format":"standard","meta":{"footnotes":""},"categories":[9653],"tags":[1111,11,2430,9671,7539,1777,674,107,1011,27,3367,12,25,4001,7538,71,801,104],"class_list":{"0":"post-655570","1":"post","2":"type-post","3":"status-publish","4":"format-standard","5":"has-post-thumbnail","7":"category-saint-etienne","8":"tag-actu","9":"tag-actualites","10":"tag-auvergne-rhone-alpes","11":"tag-conflit-social","12":"tag-edition-loire-sud","13":"tag-eu","14":"tag-europe","15":"tag-fil-info","16":"tag-fr","17":"tag-france","18":"tag-loire","19":"tag-news","20":"tag-republique-francaise","21":"tag-saint-etienne","22":"tag-saint-etienne-ville","23":"tag-sante","24":"tag-social","25":"tag-societe"},"share_on_mastodon":{"url":"https:\/\/pubeurope.com\/@fr\/115875018336939609","error":""},"_links":{"self":[{"href":"https:\/\/www.europesays.com\/fr\/wp-json\/wp\/v2\/posts\/655570","targetHints":{"allow":["GET"]}}],"collection":[{"href":"https:\/\/www.europesays.com\/fr\/wp-json\/wp\/v2\/posts"}],"about":[{"href":"https:\/\/www.europesays.com\/fr\/wp-json\/wp\/v2\/types\/post"}],"author":[{"embeddable":true,"href":"https:\/\/www.europesays.com\/fr\/wp-json\/wp\/v2\/users\/2"}],"replies":[{"embeddable":true,"href":"https:\/\/www.europesays.com\/fr\/wp-json\/wp\/v2\/comments?post=655570"}],"version-history":[{"count":0,"href":"https:\/\/www.europesays.com\/fr\/wp-json\/wp\/v2\/posts\/655570\/revisions"}],"wp:featuredmedia":[{"embeddable":true,"href":"https:\/\/www.europesays.com\/fr\/wp-json\/wp\/v2\/media\/655571"}],"wp:attachment":[{"href":"https:\/\/www.europesays.com\/fr\/wp-json\/wp\/v2\/media?parent=655570"}],"wp:term":[{"taxonomy":"category","embeddable":true,"href":"https:\/\/www.europesays.com\/fr\/wp-json\/wp\/v2\/categories?post=655570"},{"taxonomy":"post_tag","embeddable":true,"href":"https:\/\/www.europesays.com\/fr\/wp-json\/wp\/v2\/tags?post=655570"}],"curies":[{"name":"wp","href":"https:\/\/api.w.org\/{rel}","templated":true}]}}