{"id":655578,"date":"2026-01-11T06:31:13","date_gmt":"2026-01-11T06:31:13","guid":{"rendered":"https:\/\/www.europesays.com\/fr\/655578\/"},"modified":"2026-01-11T06:31:13","modified_gmt":"2026-01-11T06:31:13","slug":"actualite-et-agenda-rouen-fr","status":"publish","type":"post","link":"https:\/\/www.europesays.com\/fr\/655578\/","title":{"rendered":"Actualit\u00e9 et agenda | Rouen.fr"},"content":{"rendered":"\n<p>        Bonne ann\u00e9e 2026 !  <\/p>\n<p>             Nicolas Mayer-Rossignol, maire de Rouen et pr\u00e9sident de la M\u00e9tropole Rouen Normandie, le Conseil municipal de la Ville de Rouen, le Conseil m\u00e9tropolitain ainsi que les services municipaux et m\u00e9trop               <a href=\"https:\/\/rouen.fr\/evenement\/2025\/12\/bonne-annee-2026\" target=\"_blank\" rel=\"noopener\">Lire Bonne ann\u00e9e 2026 !<\/a>               <a href=\"https:\/\/rouen.fr\/evenement\/2025\/12\/bonne-annee-2026\" target=\"_blank\" rel=\"noopener\"><img loading=\"lazy\" decoding=\"async\" typeof=\"foaf:Image\" src=\"https:\/\/www.europesays.com\/fr\/wp-content\/uploads\/2026\/01\/home_1920x1080_voeux_26.jpg\" width=\"640\" height=\"360\" alt=\"\"\/><\/a>                              <\/p>\n<p>        Le trois-m\u00e2ts Le Fran\u00e7ais attend le public  <\/p>\n<p>             Le fameux trois-m\u00e2ts Le Fran\u00e7ais fait escale \u00e0 Rouen jusqu&rsquo;au 4 f\u00e9vrier 2026 : il a largu\u00e9 les amarres pr\u00e8s du Pavillon des transitions pour se r\u00e9v\u00e9ler au public \u00e0 travers deux week-ends de visites               <a href=\"https:\/\/rouen.fr\/evenement\/2026\/01\/trois-mats-francais-attend-public\" target=\"_blank\" rel=\"noopener\">Lire Le trois-m\u00e2ts Le Fran\u00e7ais attend le public<\/a>               <a href=\"https:\/\/rouen.fr\/evenement\/2026\/01\/trois-mats-francais-attend-public\" target=\"_blank\" rel=\"noopener\"><img loading=\"lazy\" decoding=\"async\" typeof=\"foaf:Image\" src=\"https:\/\/www.europesays.com\/fr\/wp-content\/uploads\/2026\/01\/611856262_1274523554712751_335507336522764345_n.jpg\" width=\"640\" height=\"537\" alt=\"\" title=\"Le Fran\u00e7ais a jet\u00e9 l'ancre \u00e0 Rouen a peu pr\u00e8s au moment o\u00f9 la capitale normande s'est par\u00e9e d'un manteau blanc\"\/><\/a>                  <\/p>\n","protected":false},"excerpt":{"rendered":"Bonne ann\u00e9e 2026 ! Nicolas Mayer-Rossignol, maire de Rouen et pr\u00e9sident de la M\u00e9tropole Rouen Normandie, le Conseil&hellip;\n","protected":false},"author":2,"featured_media":636243,"comment_status":"","ping_status":"","sticky":false,"template":"","format":"standard","meta":{"footnotes":""},"categories":[9587],"tags":[1111,11,1777,674,1011,27,12,5161,25,9590],"class_list":{"0":"post-655578","1":"post","2":"type-post","3":"status-publish","4":"format-standard","5":"has-post-thumbnail","7":"category-rouen","8":"tag-actu","9":"tag-actualites","10":"tag-eu","11":"tag-europe","12":"tag-fr","13":"tag-france","14":"tag-news","15":"tag-normandie","16":"tag-republique-francaise","17":"tag-rouen"},"share_on_mastodon":{"url":"https:\/\/pubeurope.com\/@fr\/115875065588049466","error":""},"_links":{"self":[{"href":"https:\/\/www.europesays.com\/fr\/wp-json\/wp\/v2\/posts\/655578","targetHints":{"allow":["GET"]}}],"collection":[{"href":"https:\/\/www.europesays.com\/fr\/wp-json\/wp\/v2\/posts"}],"about":[{"href":"https:\/\/www.europesays.com\/fr\/wp-json\/wp\/v2\/types\/post"}],"author":[{"embeddable":true,"href":"https:\/\/www.europesays.com\/fr\/wp-json\/wp\/v2\/users\/2"}],"replies":[{"embeddable":true,"href":"https:\/\/www.europesays.com\/fr\/wp-json\/wp\/v2\/comments?post=655578"}],"version-history":[{"count":0,"href":"https:\/\/www.europesays.com\/fr\/wp-json\/wp\/v2\/posts\/655578\/revisions"}],"wp:featuredmedia":[{"embeddable":true,"href":"https:\/\/www.europesays.com\/fr\/wp-json\/wp\/v2\/media\/636243"}],"wp:attachment":[{"href":"https:\/\/www.europesays.com\/fr\/wp-json\/wp\/v2\/media?parent=655578"}],"wp:term":[{"taxonomy":"category","embeddable":true,"href":"https:\/\/www.europesays.com\/fr\/wp-json\/wp\/v2\/categories?post=655578"},{"taxonomy":"post_tag","embeddable":true,"href":"https:\/\/www.europesays.com\/fr\/wp-json\/wp\/v2\/tags?post=655578"}],"curies":[{"name":"wp","href":"https:\/\/api.w.org\/{rel}","templated":true}]}}