{"id":655579,"date":"2026-01-11T06:33:16","date_gmt":"2026-01-11T06:33:16","guid":{"rendered":"https:\/\/www.europesays.com\/fr\/655579\/"},"modified":"2026-01-11T06:33:16","modified_gmt":"2026-01-11T06:33:16","slug":"colomiers-frappe-fort-grenoble-secroule","status":"publish","type":"post","link":"https:\/\/www.europesays.com\/fr\/655579\/","title":{"rendered":"Colomiers frappe fort, Grenoble s\u2019\u00e9croule"},"content":{"rendered":"<p>\n                                                                    l&rsquo;essentiel<br \/>\n                                                                Prochain adversaire du SU Agen, Grenoble a conc\u00e9d\u00e9 une tr\u00e8s lourde d\u00e9faite, \u00e0 Provence Rugby, jeudi soir.\n                            <\/p>\n<p>Vannes confirme plus que jamais son statut de patron incontest\u00e9 de la Pro D2.<\/p>\n<p>D\u00e9j\u00e0 solide leader, le RCV a remis les pendules \u00e0 l\u2019heure en corrigeant Mont-de-Marsan (47 \u2013 29) avec le bonus offensif, inscrivant sept essais et reprenant ses distances en t\u00eate. La veille, Provence Rugby s\u2019\u00e9tait pourtant rapproch\u00e9 \u00e0 trois longueurs gr\u00e2ce \u00e0 une d\u00e9monstration contre Grenoble (45 \u2013 15), mais les Bretons comptent d\u00e9sormais huit points d\u2019avance.<\/p>\n<p>Brive reprend place dans le bon wagon<\/p>\n<p>Mont-de-Marsan, avant-dernier, continue de s\u2019enfoncer, juste devant Carcassonne, balay\u00e9 \u00e0 Oyonnax (33 \u2013 7). Derri\u00e8re Vannes, la lutte est dense : Colomiers s\u2019est arrach\u00e9 pour s\u2019imposer d\u2019un rien \u00e0 Aurillac (15 \u2013 14, bonus d\u00e9fensif pour les Cantaliens), tandis que Valence-Romans a domin\u00e9 B\u00e9ziers dans un match verrouill\u00e9 (8 \u2013 0). Brive, de son c\u00f4t\u00e9, a r\u00e9alis\u00e9 la d\u00e9monstration de la soir\u00e9e en humiliant Biarritz (61 \u2013 22), avec neuf essais inscrits, et remonte ainsi dans le Top 6.<\/p>\n<p>Soyaux-Angoul\u00eame a \u00e9galement d\u00e9croch\u00e9 un succ\u00e8s bonifi\u00e9 contre Nevers (27 \u2013 3), tandis que Dax a domin\u00e9 Agen (20 \u2013 14). Au classement, Vannes caracole donc en t\u00eate (59 pts), devant Colomiers, Provence Rugby et Valence-Romans, tous \u00e0 51 points.<\/p>\n<p>Brive r\u00e9int\u00e8gre la zone des barrages. En bas de tableau, Biarritz, B\u00e9ziers, Dax, Mont-de-Marsan et Carcassonne jouent leur survie, certains d\u00e9j\u00e0 lourdement p\u00e9nalis\u00e9s par des retraits de points administratifs. Les enjeux restent immenses : qualification directe pour les demi-finales, barrage pour l\u2019accession en Top 14, lutte pour \u00e9viter la rel\u00e9gation ou le barrage contre la Nationale\u2026<\/p>\n<p>La deuxi\u00e8me partie de saison s\u2019annonce br\u00fblante, et le suspense demeure entier.<\/p>\n","protected":false},"excerpt":{"rendered":"l&rsquo;essentiel Prochain adversaire du SU Agen, Grenoble a conc\u00e9d\u00e9 une tr\u00e8s lourde d\u00e9faite, \u00e0 Provence Rugby, jeudi soir.&hellip;\n","protected":false},"author":2,"featured_media":655580,"comment_status":"","ping_status":"","sticky":false,"template":"","format":"standard","meta":{"footnotes":""},"categories":[9566],"tags":[1111,11,2430,1777,674,1011,27,2731,8838,12,2308,25,68796,517],"class_list":{"0":"post-655579","1":"post","2":"type-post","3":"status-publish","4":"format-standard","5":"has-post-thumbnail","7":"category-grenoble","8":"tag-actu","9":"tag-actualites","10":"tag-auvergne-rhone-alpes","11":"tag-eu","12":"tag-europe","13":"tag-fr","14":"tag-france","15":"tag-grenoble","16":"tag-lot-et-garonne","17":"tag-news","18":"tag-pro-d2","19":"tag-republique-francaise","20":"tag-rugby-u00e0-xv","21":"tag-sport"},"share_on_mastodon":{"url":"https:\/\/pubeurope.com\/@fr\/115875073404942262","error":""},"_links":{"self":[{"href":"https:\/\/www.europesays.com\/fr\/wp-json\/wp\/v2\/posts\/655579","targetHints":{"allow":["GET"]}}],"collection":[{"href":"https:\/\/www.europesays.com\/fr\/wp-json\/wp\/v2\/posts"}],"about":[{"href":"https:\/\/www.europesays.com\/fr\/wp-json\/wp\/v2\/types\/post"}],"author":[{"embeddable":true,"href":"https:\/\/www.europesays.com\/fr\/wp-json\/wp\/v2\/users\/2"}],"replies":[{"embeddable":true,"href":"https:\/\/www.europesays.com\/fr\/wp-json\/wp\/v2\/comments?post=655579"}],"version-history":[{"count":0,"href":"https:\/\/www.europesays.com\/fr\/wp-json\/wp\/v2\/posts\/655579\/revisions"}],"wp:featuredmedia":[{"embeddable":true,"href":"https:\/\/www.europesays.com\/fr\/wp-json\/wp\/v2\/media\/655580"}],"wp:attachment":[{"href":"https:\/\/www.europesays.com\/fr\/wp-json\/wp\/v2\/media?parent=655579"}],"wp:term":[{"taxonomy":"category","embeddable":true,"href":"https:\/\/www.europesays.com\/fr\/wp-json\/wp\/v2\/categories?post=655579"},{"taxonomy":"post_tag","embeddable":true,"href":"https:\/\/www.europesays.com\/fr\/wp-json\/wp\/v2\/tags?post=655579"}],"curies":[{"name":"wp","href":"https:\/\/api.w.org\/{rel}","templated":true}]}}