{"id":655583,"date":"2026-01-11T06:37:12","date_gmt":"2026-01-11T06:37:12","guid":{"rendered":"https:\/\/www.europesays.com\/fr\/655583\/"},"modified":"2026-01-11T06:37:12","modified_gmt":"2026-01-11T06:37:12","slug":"politique-liens-supposes-entre-lfi-et-islamistes-la-polemique-sinvite-a-strasbourg","status":"publish","type":"post","link":"https:\/\/www.europesays.com\/fr\/655583\/","title":{"rendered":"Politique. Liens suppos\u00e9s entre\u00a0LFI\u00a0et\u00a0islamistes\u00a0: la pol\u00e9mique\u00a0s\u2019invite\u00a0\u00e0\u00a0Strasbourg"},"content":{"rendered":"<p>Invit\u00e9 par le Crif Alsace, l\u2019auteur franco-syrien Omar Youssouf Souleimane donnera une conf\u00e9rence dans les murs de la Collectivit\u00e9 europ\u00e9enne d\u2019Alsace (CEA) ce jeudi 15\u00a0janvier (*), autour de son livre Les Complices du mal  (\u00e9ditions Plon) \u2013 un ouvrage dont les cadres dirigeants de La France insoumise (LFI) se sont suffisamment inqui\u00e9t\u00e9s en amont pour avoir tent\u00e9 d\u2019en prendre connaissance avant sa parution le 2\u00a0octobre dernier, sans succ\u00e8s.<\/p>\n<p>  \u00ab\u00a0Les islamistes utilisent LFI comme un cheval de Troie\u00a0\u00bb<\/p>\n<p>Journaliste de formation, l\u2019auteur revendique par son ouvrage pousser un \u00ab\u00a0cri d\u2019alerte\u00a0\u00bb. Un \u00ab\u00a0cri\u00a0\u00bb \u00e9tay\u00e9 par ses observations au sein des nombreuses manifestations propalestiniennes auxquelles il a assist\u00e9 incognito, au milieu des slogans pro-Hamas ou pro-Hezbollah et des slogans antis\u00e9mites \u2013 le tout sans g\u00eane apparente chez les \u00e9lus LFI pr\u00e9sents.<\/p>\n<p>Dans son viseur, donc, cette \u00ab\u00a0gauche halal\u00a0\u00bb \u00e0 qui il reproche \u00ab\u00a0d\u2019instrumentaliser les islamistes pour des raisons \u00e9lectorales\u00a0\u00bb. \u00ab\u00a0Les islamistes utilisent LFI comme un cheval de Troie\u00a0\u00bb, assure-t-il en miroir. \u00ab\u00a0Insoumis et islamistes menacent la d\u00e9mocratie et plus encore la la\u00efcit\u00e9, compl\u00e8te-t-il de vive voix. Ils font expr\u00e8s de conflictualiser la soci\u00e9t\u00e9 fran\u00e7aise, dans le but d\u2019y cr\u00e9er un chaos social, puis de prendre le pouvoir. \u00bb<\/p>\n<p>Exemple embl\u00e9matique \u00e0 ses yeux (il lui fait m\u00eame \u00ab\u00a0les honneurs\u00a0\u00bb de la couverture du livre)\u00a0: <a href=\"https:\/\/www.dna.fr\/faits-divers-justice\/2025\/12\/10\/pernelle-richardot-versus-rima-hassan-les-delicates-limites-de-la-liberte-d-expression\" target=\"_blank\" rel=\"nofollow noopener\">Rima Hassan<\/a> , elle aussi annonc\u00e9e \u00e0 Strasbourg la semaine prochaine, non pas dans le cadre de son mandat d\u2019eurod\u00e9put\u00e9e LFI, mais pour prendre part au meeting municipal que <a href=\"https:\/\/www.dna.fr\/elections\/2025\/10\/14\/strasbourg-florian-kobryn-designe-tete-de-liste-pour-la-france-insoumise\" target=\"_blank\" rel=\"nofollow noopener\">Florian Kobryn<\/a> , t\u00eate de liste insoumis, doit donner le 20\u00a0janvier au soir dans les locaux de Kaleidoscoop (l\u2019eurod\u00e9put\u00e9e <a href=\"https:\/\/www.dna.fr\/elections\/2024\/04\/23\/manon-aubry-veut-demacroniser-l-europe\" target=\"_blank\" rel=\"nofollow noopener\">Manon Aubry<\/a> et le d\u00e9put\u00e9 <a href=\"https:\/\/www.dna.fr\/faits-divers-justice\/2025\/10\/13\/emmanuel-fernandes-en-soutien-a-la-famille-d-enzo-weiss-ce-complement-d-enquete-doit-aboutir-a-la-verite\" target=\"_blank\" rel=\"nofollow noopener\">Emmanuel Fernandes<\/a> y seront \u00e9galement pr\u00e9sents).<\/p>\n<p>  \u00c9lucubrations et fantasmes\u00a0?<\/p>\n<p>\u00ab\u00a0<a href=\"https:\/\/www.dna.fr\/p\/rima-hassan\" target=\"_blank\" rel=\"noopener\">Rima Hassan<\/a> incarne la haine de la France, par son discours s\u00e9paratiste et ses d\u00e9clarations antis\u00e9mites, mart\u00e8le l\u2019auteur par t\u00e9l\u00e9phone. Elle se concentre d\u00e9lib\u00e9r\u00e9ment sur les jeunes, soit en excitant davantage ceux qui d\u00e9testent d\u00e9j\u00e0 le pays, soit en en culpabilisant d\u2019autres, \u00e0 qui elle pr\u00e9sente la France comme complice d\u2019un g\u00e9nocide en cours en Palestine. \u00bb<\/p>\n<p>Rima Hassan, pour sa part, a d\u00e9j\u00e0 dit tout le mal qu\u2019elle pense des \u00ab\u00a0manipulations\u00a0\u00bb commises par M. Souleimane, en particulier via son compte X (ex-Twitter) \u2013 quant \u00e0 <a href=\"https:\/\/www.dna.fr\/p\/florian-kobryn\" target=\"_blank\" rel=\"noopener\">Florian Kobryn<\/a>, qui se trouve \u00eatre l\u2019unique \u00e9lu LFI de la CEA, il n\u2019oublie pas d\u2019en cibler le pr\u00e9sident\u00a0: \u00ab\u00a0En accueillant cette conf\u00e9rence, <a href=\"https:\/\/www.dna.fr\/p\/frederic-bierry\" target=\"_blank\" rel=\"noopener\">Fr\u00e9d\u00e9ric Bierry<\/a> participe \u00e0 la confusion du d\u00e9bat public. \u00bb \u00ab\u00a0Une commission d\u2019enqu\u00eate parlementaire a d\u00e9montr\u00e9 qu\u2019il n\u2019y avait aucun lien, de quelque mani\u00e8re que ce soit, entre LFI et les r\u00e9seaux islamistes, insiste encore M. Kobryn. Le livre dont il sera question dans cette conf\u00e9rence n\u2019est en rien une enqu\u00eate argument\u00e9e et \u00e9tay\u00e9e. Ce n\u2019est qu\u2019une juxtaposition d\u2019\u00e9v\u00e9nements, d\u2019histoires, de personnalit\u00e9s sans liens, \u00e9rig\u00e9s en pseudo-arguments avanc\u00e9s pour alimenter les \u00e9lucubrations de l\u2019auteur et ses fantasmes. \u00bb La pol\u00e9mique n\u2019est pas pr\u00e8s de s\u2019\u00e9teindre.<\/p>\n","protected":false},"excerpt":{"rendered":"Invit\u00e9 par le Crif Alsace, l\u2019auteur franco-syrien Omar Youssouf Souleimane donnera une conf\u00e9rence dans les murs de la&hellip;\n","protected":false},"author":2,"featured_media":655584,"comment_status":"","ping_status":"","sticky":false,"template":"","format":"standard","meta":{"footnotes":""},"categories":[2820],"tags":[1111,11,2389,15107,3677,1777,674,107,1011,27,775,2338,12,316,25,640],"class_list":{"0":"post-655583","1":"post","2":"type-post","3":"status-publish","4":"format-standard","5":"has-post-thumbnail","7":"category-strasbourg","8":"tag-actu","9":"tag-actualites","10":"tag-alsace","11":"tag-chuchotements","12":"tag-collectivite-europeenne-dalsace","13":"tag-eu","14":"tag-europe","15":"tag-fil-info","16":"tag-fr","17":"tag-france","18":"tag-grand-est","19":"tag-la-france-insoumise","20":"tag-news","21":"tag-politique","22":"tag-republique-francaise","23":"tag-strasbourg"},"share_on_mastodon":{"url":"https:\/\/pubeurope.com\/@fr\/115875089127894746","error":""},"_links":{"self":[{"href":"https:\/\/www.europesays.com\/fr\/wp-json\/wp\/v2\/posts\/655583","targetHints":{"allow":["GET"]}}],"collection":[{"href":"https:\/\/www.europesays.com\/fr\/wp-json\/wp\/v2\/posts"}],"about":[{"href":"https:\/\/www.europesays.com\/fr\/wp-json\/wp\/v2\/types\/post"}],"author":[{"embeddable":true,"href":"https:\/\/www.europesays.com\/fr\/wp-json\/wp\/v2\/users\/2"}],"replies":[{"embeddable":true,"href":"https:\/\/www.europesays.com\/fr\/wp-json\/wp\/v2\/comments?post=655583"}],"version-history":[{"count":0,"href":"https:\/\/www.europesays.com\/fr\/wp-json\/wp\/v2\/posts\/655583\/revisions"}],"wp:featuredmedia":[{"embeddable":true,"href":"https:\/\/www.europesays.com\/fr\/wp-json\/wp\/v2\/media\/655584"}],"wp:attachment":[{"href":"https:\/\/www.europesays.com\/fr\/wp-json\/wp\/v2\/media?parent=655583"}],"wp:term":[{"taxonomy":"category","embeddable":true,"href":"https:\/\/www.europesays.com\/fr\/wp-json\/wp\/v2\/categories?post=655583"},{"taxonomy":"post_tag","embeddable":true,"href":"https:\/\/www.europesays.com\/fr\/wp-json\/wp\/v2\/tags?post=655583"}],"curies":[{"name":"wp","href":"https:\/\/api.w.org\/{rel}","templated":true}]}}