{"id":655599,"date":"2026-01-11T06:48:15","date_gmt":"2026-01-11T06:48:15","guid":{"rendered":"https:\/\/www.europesays.com\/fr\/655599\/"},"modified":"2026-01-11T06:48:15","modified_gmt":"2026-01-11T06:48:15","slug":"le-chu-de-lille-devant-le-tribunal","status":"publish","type":"post","link":"https:\/\/www.europesays.com\/fr\/655599\/","title":{"rendered":"le CHU de Lille devant le tribunal"},"content":{"rendered":"<p>                    Par<br \/>\n        <strong><br \/>\n            <a href=\"https:\/\/actu.fr\/auteur\/nicolas-demollien\" title=\"Consulter tous les articles de Nicolas Demollien\" target=\"_blank\" rel=\"noopener\">Nicolas Demollien<\/a><br \/>\n                    <\/strong><\/p>\n<p>        Publi\u00e9 le<\/p>\n<p>            11 janv. 2026 \u00e0 6h02        <\/p>\n<p>Le <b>tribunal administratif<\/b> de <a href=\"https:\/\/actu.fr\/hauts-de-france\/lille_59350\" target=\"_blank\" rel=\"noopener\">Lille<\/a> a mis hors de cause le <a href=\"https:\/\/actu.fr\/tag\/chu-de-lille\" target=\"_blank\" rel=\"noopener\">centre hospitalier universitaire (CHU) de Lille<\/a> (Nord) dans le <b>d\u00e9c\u00e8s d\u2019une patiente<\/b> \u00ab\u00a0ob\u00e8se\u00a0\u00bb et \u00ab\u00a0atteinte de cirrhose\u00a0\u00bb qui \u00e9tait <b>morte d\u2019une infection nosocomiale<\/b> contract\u00e9e lors de son <b>hospitalisation<\/b>.<\/p>\n<p>Une femme de 67 ans meurt d\u2019une infection nosocomiale au CHU de Lille<\/p>\n<p class=\" wall-content\">Entre f\u00e9vrier 2019 et janvier 2020, cette <b>femme alors \u00e2g\u00e9e de 67 ans<\/b> avait \u00e9t\u00e9 prise en charge \u00e0 t<b>rois reprises\u00a0par les urgences<\/b> du CHRU de Lille\u00a0en raison d\u2019une \u00ab\u00a0an\u00e9mie\u00a0\u00bb, d\u2019une \u00ab\u00a0surinfection bronchique\u00a0\u00bb, d\u2019une \u00ab\u00a0dyspn\u00e9e\u00a0\u00bb puis d\u2019une \u00ab\u00a0pneumopathie avec des \u0153d\u00e8mes\u00a0\u00bb.<\/p>\n<p class=\" wall-content\">En mars 2020, elle s\u2019\u00e9tait une nouvelle fois rendue aux urgences pour une \u00ab\u00a0dyspn\u00e9e\u00a0\u00bb et avait\u00a0\u00e9t\u00e9 <b>hospitalis\u00e9e en m\u00e9decine polyvalente<\/b> o\u00f9 elle avait b\u00e9n\u00e9fici\u00e9 d\u2019une perfusion et re\u00e7u par voie veineuse \u00ab\u00a0des antibiotiques et trois culots globulaires\u00a0\u00bb.\u00a0Mais elle avait ensuite souffert\u00a0d\u2019une <b>\u00ab\u00a0h\u00e9morragie digestive\u00a0\u00bb et d\u2019une \u00ab\u00a0d\u00e9compensation oed\u00e9mato-ascitique<\/b>\u00ab\u00a0.<\/p>\n<p class=\" wall-content\">Le 12 avril 2020, elle avait pr\u00e9sent\u00e9 cette fois-ci \u00ab\u00a0une fi\u00e8vre\u00a0\u00bb puis \u00ab\u00a0une d\u00e9compensation avec\u00a0d\u00e9tresse\u00a0respiratoire aigu\u00eb\u00a0\u00bb et une \u00ab\u00a0d\u00e9faillance multi visc\u00e9rale sur le plan r\u00e9nal, respiratoire et neurologique\u00a0\u00bb.\u00a0Elle \u00e9tait finalement <b>d\u00e9c\u00e9d\u00e9e<\/b> le lendemain, le 13 avril 2020 : des analyses avaient permis de r\u00e9v\u00e9ler la pr\u00e9sence d\u2019un <b>\u00ab\u00a0staphylocoque dor\u00e9\u00a0\u00bb<\/b>.<\/p>\n<p class=\" wall-content\">Saisie par la famille de la d\u00e9funte, la commission de conciliation et d\u2019indemnisation (CCI) avait conclu que la patiente avait \u00e9t\u00e9 <b>\u00ab\u00a0victime d\u2019une infection nosocomiale\u00a0\u00bb<\/b>. Toujours selon les experts, l\u2019h\u00f4pital aurait en fait commis une \u00ab\u00a0faute (\u2026) dans la prise en charge de l\u2019infection, en ne proc\u00e9dant pas \u00e0 l\u2019ablation de la voie veineuse, origine probable de l\u2019infection, et un d\u00e9faut de surveillance rapproch\u00e9e de cette voie\u00a0\u00bb.<\/p>\n<p>Un \u00e9tat de sant\u00e9 \u00ab\u00a0tr\u00e8s fragile\u00a0\u00bb mais \u00ab\u00a0sans influence\u00a0\u00bb<\/p>\n<p class=\" wall-content\">\u00ab\u00a0La <b>r\u00e9paration des pr\u00e9judices li\u00e9s au d\u00e9c\u00e8s<\/b> de [la patiente, ndlr] incombait pour 70 % \u00e0\u00a0l\u2019Office national d\u2019indemnisation des <b>accidents m\u00e9dicaux<\/b>, des affections iatrog\u00e8nes et des infections nosocomiales (ONIAM)\u00a0et \u00e0 hauteur de 30 % \u00e0 l\u2019assureur du CHRU de Lille\u00a0\u00bb, en concluait la CCI.<\/p>\n<p>Votre r\u00e9gion, votre actu !<\/p>\n<p>Recevez chaque jour les infos qui comptent pour vous.<\/p>\n<p>\t<a href=\"https:\/\/actu.fr\/newsletter\" class=\"ac-btn ac-btn--corner ac-btn--medium ac-btn--blue800\" target=\"_blank\" rel=\"noopener\">S&rsquo;incrire<\/a><\/p>\n<p class=\" wall-content\">Le 20 janvier 2023, l\u2019ONIAM avait donc indemnis\u00e9\u00a0les enfants et petits-enfants de la sexag\u00e9naire et s\u2019\u00e9tait retourn\u00e9 contre Relyens, l\u2019assureur du centre hospitalier r\u00e9gional universitaire de Lille, pour \u00eatre rembours\u00e9 en partie.<\/p>\n<p class=\" wall-content\">Mais l\u2019ancienne Soci\u00e9t\u00e9 hospitali\u00e8re d\u2019Assurance mutuelle (SHAM) avait refus\u00e9 de payer les 18.000 \u20ac r\u00e9clam\u00e9s : le <b>CHRU\u00a0\u00ab\u00a0n\u2019a commis aucune faute \u00e0 l\u2019origine de l\u2019infection nosocomiale\u00a0\u00bb<\/b>. La patiente \u00e9tait en effet d\u00e9j\u00e0 atteinte d\u2019une \u00ab\u00a0ob\u00e9sit\u00e9 compliqu\u00e9e d\u2019un syndrome d\u2019apn\u00e9e du sommeil\u00a0\u00bb, d\u2019une <b>\u00ab\u00a0cirrhose \u00e0 l\u2019origine d\u2019une h\u00e9morragie digestive\u00a0\u00bb<\/b> et d\u2019une \u00ab\u00a0insuffisance surr\u00e9nale avec cardiopathie rythmique\u00a0\u00bb avant son hospitalisation.<\/p>\n<p class=\" wall-content\">\u00ab\u00a0Il n\u2019est pas contest\u00e9 que Mme XXX a \u00e9t\u00e9 victime d\u2019une infection nosocomiale\u00a0\u00bb,\u00a0commence par d\u00e9miner le tribunal administratif de Lille dans un jugement du 1er octobre 2025 qui vient d\u2019\u00eatre rendu public.\u00a0\u00ab\u00a0La circonstance qu\u2019elle avait un <b>\u00e9tat de sant\u00e9 tr\u00e8s fragile (\u2026) est sans influence<\/b>, d\u00e8s lors que son d\u00e9c\u00e8s n\u2019a \u00e9t\u00e9 provoqu\u00e9 que par l\u2019infection nosocomiale.\u00a0\u00bb<\/p>\n<p class=\" wall-content\">L\u2019Office national d\u2019indemnisation des accidents m\u00e9dicaux maintenait n\u00e9anmoins que les m\u00e9decins lillois avaient commis une \u00ab\u00a0faute\u00a0\u00bb en ne proc\u00e9dant pas \u00e0 \u00ab\u00a0l\u2019ablation de la voie veineuse\u00a0\u00bb par laquelle avaient \u00e9t\u00e9 administr\u00e9s des antibiotiques et des culots globulaires \u00e0 leur patiente : c\u2019\u00e9tait \u00ab\u00a0l\u2019origine probable\u00a0\u00bb de l\u2019infection nosocomiale. Un \u00ab\u00a0d\u00e9faut de surveillance rapproch\u00e9e\u00a0\u00bb pouvait aussi \u00eatre reproch\u00e9 aux personnels soignants du CHRU de Lille, jugeait l\u2019ONIAM.<\/p>\n<p class=\" wall-content\">\u00ab\u00a0Toutefois, le <b>retrait de la voie veineuse n\u2019est pr\u00e9conis\u00e9 (\u2026) qu\u2019en cas d\u2019obstruction ou d\u2019infection\u00a0\u00bb<\/b>, fait observer le tribunal administratif de Lille. \u00ab\u00a0L\u2019infection (\u2026) n\u2019a r\u00e9ellement \u00e9t\u00e9 mise en \u00e9vidence non pas le 7 avril 2020 comme le soutient l\u2019ONIAM, (\u2026) mais seulement \u00e0 compter du 12 avril 2020, date d\u2019apparition de la fi\u00e8vre. (\u2026) Bien que l\u2019absence de surveillance rapproch\u00e9e (\u2026) de Mme XXX\u00a0puisse \u00eatre reproch\u00e9e au centre hospitalier, il n\u2019est pas d\u00e9montr\u00e9 que cette absence ait pu avoir des cons\u00e9quences sur sa prise en charge alors qu\u2019elle b\u00e9n\u00e9ficiait d\u00e9j\u00e0 d\u2019un traitement antibiotique.\u00a0\u00bb<\/p>\n<p class=\" wall-content\">Les \u00ab\u00a0manquements\u00a0\u00bb du CHRU de Lille ne sont donc \u00ab\u00a0soit pas \u00e9tablis, soit n\u2019ont pas eu de cons\u00e9quence\u00a0\u00bb en conclut le tribunal. Dans ces conditions, l\u2019assureur de l\u2019h\u00f4pital n\u2019aura pas \u00e0 d\u00e9dommager l\u2019ONIAM.<\/p>\n<p class=\" wall-content\"><b>MJ et GF (PressPepper)<\/b><\/p>\n<p class=\" wall-content\">Personnalisez votre actualit\u00e9 en ajoutant vos villes et m\u00e9dias en favori avec <a href=\"https:\/\/moncompte.actu.fr\" title=\"D\u00e9couvez Mon Actu\" rel=\"nofollow noopener\" data-trk=\"{&quot;cta&quot;:{&quot;action&quot;:&quot;https:\\\/\\\/moncompte.actu.fr&quot;,&quot;category&quot;:&quot;mon compte&quot;,&quot;from&quot;:&quot;article footer&quot;,&quot;name&quot;:&quot;Mon actu&quot;,&quot;type&quot;:&quot;cta&quot;}}\" target=\"_blank\">Mon Actu<\/a>.<\/p>\n","protected":false},"excerpt":{"rendered":"Par Nicolas Demollien Publi\u00e9 le 11 janv. 2026 \u00e0 6h02 Le tribunal administratif de Lille a mis hors&hellip;\n","protected":false},"author":2,"featured_media":655600,"comment_status":"","ping_status":"","sticky":false,"template":"","format":"standard","meta":{"footnotes":""},"categories":[2815],"tags":[1111,11,25689,1777,674,1011,27,811,303,1307,12,25,71,104],"class_list":{"0":"post-655599","1":"post","2":"type-post","3":"status-publish","4":"format-standard","5":"has-post-thumbnail","7":"category-lille","8":"tag-actu","9":"tag-actualites","10":"tag-chu-de-lille","11":"tag-eu","12":"tag-europe","13":"tag-fr","14":"tag-france","15":"tag-hauts-de-france","16":"tag-justice","17":"tag-lille","18":"tag-news","19":"tag-republique-francaise","20":"tag-sante","21":"tag-societe"},"share_on_mastodon":{"url":"https:\/\/pubeurope.com\/@fr\/115875132416969650","error":""},"_links":{"self":[{"href":"https:\/\/www.europesays.com\/fr\/wp-json\/wp\/v2\/posts\/655599","targetHints":{"allow":["GET"]}}],"collection":[{"href":"https:\/\/www.europesays.com\/fr\/wp-json\/wp\/v2\/posts"}],"about":[{"href":"https:\/\/www.europesays.com\/fr\/wp-json\/wp\/v2\/types\/post"}],"author":[{"embeddable":true,"href":"https:\/\/www.europesays.com\/fr\/wp-json\/wp\/v2\/users\/2"}],"replies":[{"embeddable":true,"href":"https:\/\/www.europesays.com\/fr\/wp-json\/wp\/v2\/comments?post=655599"}],"version-history":[{"count":0,"href":"https:\/\/www.europesays.com\/fr\/wp-json\/wp\/v2\/posts\/655599\/revisions"}],"wp:featuredmedia":[{"embeddable":true,"href":"https:\/\/www.europesays.com\/fr\/wp-json\/wp\/v2\/media\/655600"}],"wp:attachment":[{"href":"https:\/\/www.europesays.com\/fr\/wp-json\/wp\/v2\/media?parent=655599"}],"wp:term":[{"taxonomy":"category","embeddable":true,"href":"https:\/\/www.europesays.com\/fr\/wp-json\/wp\/v2\/categories?post=655599"},{"taxonomy":"post_tag","embeddable":true,"href":"https:\/\/www.europesays.com\/fr\/wp-json\/wp\/v2\/tags?post=655599"}],"curies":[{"name":"wp","href":"https:\/\/api.w.org\/{rel}","templated":true}]}}