{"id":655603,"date":"2026-01-11T06:50:11","date_gmt":"2026-01-11T06:50:11","guid":{"rendered":"https:\/\/www.europesays.com\/fr\/655603\/"},"modified":"2026-01-11T06:50:11","modified_gmt":"2026-01-11T06:50:11","slug":"marseille-nice-toulon-ces-25-villes-que-cible-le-rn-pour-les-municipales","status":"publish","type":"post","link":"https:\/\/www.europesays.com\/fr\/655603\/","title":{"rendered":"Marseille, Nice, Toulon&#8230; Ces 25 villes que cible le RN pour les municipales"},"content":{"rendered":"<p>\u00c0 l\u2019ext\u00e9rieur, les dirigeants du Rassemblement national la jouent modeste. Inutile de rouler des m\u00e9caniques avant les \u00e9lections municipales dans un contexte si favorable \u00e0 Marine Le\u202fPen et <a href=\"https:\/\/www.latribune.fr\/article\/la-tribune-dimanche\/politique\/4447646435712514\/jordan-bardella-peut-gagner-a-ma-place-marine-le-pen-limminence-dun-destin\" target=\"_blank\" rel=\"noopener\">Jordan Bardella<\/a>.<\/p>\n<p>C\u2019est le meilleur moyen d\u2019\u00e9viter la d\u00e9sillusion. Le RN se souvient du m\u00eame scrutin en 2020, des r\u00e9gionales de 2021, mais aussi des l\u00e9gislatives de 2024, fructueuses en nombre de si\u00e8ges gagn\u00e9s mais min\u00e9es par les pol\u00e9miques autour de candidats racistes, antis\u00e9mites ou incomp\u00e9tents. En priv\u00e9, le proche conseiller lep\u00e9niste Renaud Labaye note toutefois\u2009: sur le terrain, les Fran\u00e7ais ont \u00ab\u202fenvie de voter\u202f\u00bb.<\/p>\n<p>Dans combien de villes de plus de 10.000 habitants cela se traduira-t-il par des victoires pour le parti \u00e0 la flamme\u2009? C\u2019est la question que se posent les observateurs politiques, habitu\u00e9s \u00e0 ce que les \u00e9lecteurs d\u00e9corr\u00e8lent le local du national. Les zones de force du frontisme \u2013\u202fHauts-de-France, Grand-Est, Provence-Alpes-C\u00f4te d\u2019Azur\u202f\u2013 pourraient \u00eatre le th\u00e9\u00e2tre de plusieurs conqu\u00eates, dop\u00e9es par l\u2019<a href=\"https:\/\/www.latribune.fr\/article\/la-tribune-dimanche\/municipales\/10254342762073\/sondage-exclusif-la-securite-premier-sujet-de-preoccupation-des-francais-pour-les-municipales\" target=\"_blank\" rel=\"noopener\">ins\u00e9curit\u00e9<\/a> et <a href=\"https:\/\/www.latribune.fr\/economie\/france\/legislatives-2024\/legislatives-l-immigration-n-est-pas-une-menace-pour-l-economie-jean-christophe-dumont-ocde-1001479.html\" target=\"_blank\" rel=\"noopener\">le rejet de l\u2019immigration<\/a>. Faire \u00e9lire des conseillers municipaux qui, quelques mois plus tard, voteront aux s\u00e9natoriales est une chose\u2009; planter des drapeaux symboliques en est une autre.<\/p>\n","protected":false},"excerpt":{"rendered":"\u00c0 l\u2019ext\u00e9rieur, les dirigeants du Rassemblement national la jouent modeste. Inutile de rouler des m\u00e9caniques avant les \u00e9lections&hellip;\n","protected":false},"author":2,"featured_media":655604,"comment_status":"","ping_status":"","sticky":false,"template":"","format":"standard","meta":{"footnotes":""},"categories":[2814],"tags":[5734,13204,1111,11,9122,48090,1777,674,1011,27,3102,884,3554,12,2401,882,25,2848,2310,6316],"class_list":{"0":"post-655603","1":"post","2":"type-post","3":"status-publish","4":"format-standard","5":"has-post-thumbnail","7":"category-marseille","8":"tag-5734","9":"tag-13204","10":"tag-actu","11":"tag-actualites","12":"tag-ces","13":"tag-cible","14":"tag-eu","15":"tag-europe","16":"tag-fr","17":"tag-france","18":"tag-la-tribune-dimanche","19":"tag-marseille","20":"tag-municipales","21":"tag-news","22":"tag-nice","23":"tag-provence-alpes-cote-dazur","24":"tag-republique-francaise","25":"tag-rn","26":"tag-toulon","27":"tag-villes"},"share_on_mastodon":{"url":"https:\/\/pubeurope.com\/@fr\/115875140330708730","error":""},"_links":{"self":[{"href":"https:\/\/www.europesays.com\/fr\/wp-json\/wp\/v2\/posts\/655603","targetHints":{"allow":["GET"]}}],"collection":[{"href":"https:\/\/www.europesays.com\/fr\/wp-json\/wp\/v2\/posts"}],"about":[{"href":"https:\/\/www.europesays.com\/fr\/wp-json\/wp\/v2\/types\/post"}],"author":[{"embeddable":true,"href":"https:\/\/www.europesays.com\/fr\/wp-json\/wp\/v2\/users\/2"}],"replies":[{"embeddable":true,"href":"https:\/\/www.europesays.com\/fr\/wp-json\/wp\/v2\/comments?post=655603"}],"version-history":[{"count":0,"href":"https:\/\/www.europesays.com\/fr\/wp-json\/wp\/v2\/posts\/655603\/revisions"}],"wp:featuredmedia":[{"embeddable":true,"href":"https:\/\/www.europesays.com\/fr\/wp-json\/wp\/v2\/media\/655604"}],"wp:attachment":[{"href":"https:\/\/www.europesays.com\/fr\/wp-json\/wp\/v2\/media?parent=655603"}],"wp:term":[{"taxonomy":"category","embeddable":true,"href":"https:\/\/www.europesays.com\/fr\/wp-json\/wp\/v2\/categories?post=655603"},{"taxonomy":"post_tag","embeddable":true,"href":"https:\/\/www.europesays.com\/fr\/wp-json\/wp\/v2\/tags?post=655603"}],"curies":[{"name":"wp","href":"https:\/\/api.w.org\/{rel}","templated":true}]}}