{"id":65561,"date":"2025-04-30T23:38:09","date_gmt":"2025-04-30T23:38:09","guid":{"rendered":"https:\/\/www.europesays.com\/fr\/65561\/"},"modified":"2025-04-30T23:38:09","modified_gmt":"2025-04-30T23:38:09","slug":"le-mari-de-kamala-harris-evince-par-trump-de-ses-fonctions-du-musee-de-lholocauste","status":"publish","type":"post","link":"https:\/\/www.europesays.com\/fr\/65561\/","title":{"rendered":"Le mari de Kamala Harris \u00e9vinc\u00e9 par Trump de ses fonctions du mus\u00e9e de l\u2019Holocauste"},"content":{"rendered":"<p>Nouvel \u00e9pisode dans la bataille d\u2019influence men\u00e9e par <a href=\"https:\/\/www.20minutes.fr\/dossier\/donald_trump\" target=\"_blank\" class=\"color-ultramarine c-link\" rel=\"noopener\">Donald Trump<\/a>. Doug Emhoff, \u00e9poux de Kamala Harris et fervent d\u00e9fenseur de la m\u00e9moire de la <a href=\"https:\/\/www.20minutes.fr\/dossier\/shoah\" target=\"_blank\" class=\"color-ultramarine c-link\" rel=\"noopener\">Shoah<\/a>, a \u00e9t\u00e9 \u00e9vinc\u00e9 du conseil d\u2019administration du mus\u00e9e de l\u2019Holocauste, dans un contexte de remaniement politique massif orchestr\u00e9 par le pr\u00e9sident.<\/p>\n<p>Mardi, il a d\u00e9nonc\u00e9 mardi cette \u00e9viction du prestigieux United States Holocaust Memorial Council, l\u2019organe de gouvernance du mus\u00e9e de l\u2019Holocauste \u00e0 <a href=\"https:\/\/www.20minutes.fr\/dossier\/washington\" target=\"_blank\" class=\"color-ultramarine c-link\" rel=\"noopener\">Washington<\/a>. Une d\u00e9cision qui intervient alors que Donald Trump s\u2019efforce de remplacer les personnalit\u00e9s nomm\u00e9es par Joe Biden dans les grandes institutions culturelles f\u00e9d\u00e9rales.<\/p>\n<p>Lutte contre l\u2019antis\u00e9mitisme<\/p>\n<p>\u00ab\u00a0Le souvenir et l\u2019\u00e9ducation sur l\u2019Holocauste ne devraient jamais \u00eatre politis\u00e9s\u00a0\u00bb, a r\u00e9agi <a href=\"https:\/\/www.20minutes.fr\/monde\/2903575-20201108-presidentielle-americaine-doug-emhoff-mari-kamala-harris-si-fier-succes-historique\" target=\"_blank\" class=\"color-ultramarine c-link\" rel=\"noopener\">Doug Emhoff<\/a> dans un communiqu\u00e9, regrettant un geste qui, selon lui, \u00ab\u00a0transforme l\u2019une des pires atrocit\u00e9s de l\u2019Histoire en source de dissension\u00a0\u00bb. L\u2019avocat, de confession juive, avait fait de la lutte contre l\u2019<a href=\"https:\/\/www.20minutes.fr\/dossier\/antisemitisme\" target=\"_blank\" class=\"color-ultramarine c-link\" rel=\"noopener\">antis\u00e9mitisme<\/a> une priorit\u00e9 pendant son mandat de Second Gentleman \u2013 un r\u00f4le in\u00e9dit qu\u2019il avait assum\u00e9 de\u00a02021 \u00e0\u00a0d\u00e9but 2025.<\/p>\n<\/p>\n<p>Le conseil d\u2019administration du mus\u00e9e compte 63 membres, dont 55 sont directement nomm\u00e9s par le pr\u00e9sident des <a href=\"https:\/\/www.20minutes.fr\/monde\/etats-unis\/\" target=\"_blank\" class=\"color-ultramarine c-link\" rel=\"noopener\">Etats-Unis<\/a>. D\u2019apr\u00e8s le <a href=\"https:\/\/www.20minutes.fr\/dossier\/new_york_times\" target=\"_blank\" class=\"color-ultramarine c-link\" rel=\"noopener\">New York Times<\/a>, d\u2019autres figures proches de l\u2019administration Biden ont \u00e9galement \u00e9t\u00e9 remerci\u00e9es, dont Ron Klain, ex-directeur de cabinet de <a href=\"https:\/\/www.20minutes.fr\/dossier\/joe_biden\" target=\"_blank\" class=\"color-ultramarine c-link\" rel=\"noopener\">Joe Biden<\/a>, et Susan Rice, ancienne conseill\u00e8re \u00e0 la s\u00e9curit\u00e9 nationale sous Barack Obama.<\/p>\n<p>La croisade de Donald Trump<\/p>\n<p>Cette nouvelle vague de r\u00e9vocations s\u2019inscrit dans une strat\u00e9gie plus large de Donald Trump pour reprendre le contr\u00f4le de plusieurs institutions culturelles am\u00e9ricaines. Mi-f\u00e9vrier, il avait d\u00e9j\u00e0 limog\u00e9 plusieurs membres du conseil du Kennedy Center, principal centre culturel de <a href=\"https:\/\/www.20minutes.fr\/dossier\/washington\" target=\"_blank\" class=\"color-ultramarine c-link\" rel=\"noopener\">Washington<\/a>, qu\u2019il souhaite, selon ses mots, remettre dans le \u00ab\u00a0droit chemin\u00a0\u00bb. Il y a interdit les spectacles qu\u2019il juge \u00ab\u00a0honteux\u00a0\u00bb pour l\u2019Am\u00e9rique, comme les repr\u00e9sentations de drag-queens, et a plac\u00e9 l\u2019un de ses proches alli\u00e9s, Richard Grenell, \u00e0 la t\u00eate de l\u2019\u00e9tablissement par int\u00e9rim.<\/p>\n<p><a href=\"https:\/\/www.20minutes.fr\/monde\/etats-unis\/\" target=\"_blank\" class=\"c-link c-btn c-btn--primary\" rel=\"noopener\">Notre dossier sur les Etats-Unis<\/a><\/p>\n<p>Fin mars, Donald Trump a aussi poursuivi sa croisade id\u00e9ologique en signant un d\u00e9cret ex\u00e9cutif visant \u00e0 surveiller de plus pr\u00e8s les contenus des mus\u00e9es du r\u00e9seau Smithsonian. Il accuse ces institutions de promouvoir un \u00ab\u00a0endoctrinement id\u00e9ologique\u00a0\u00bb \u00e0 caract\u00e8re racial, et entend imposer une ligne culturelle plus conforme \u00e0 sa vision conservatrice.<\/p>\n","protected":false},"excerpt":{"rendered":"Nouvel \u00e9pisode dans la bataille d\u2019influence men\u00e9e par Donald Trump. Doug Emhoff, \u00e9poux de Kamala Harris et fervent&hellip;\n","protected":false},"author":2,"featured_media":65562,"comment_status":"","ping_status":"","sticky":false,"template":"","format":"standard","meta":{"footnotes":""},"categories":[1589],"tags":[47,11,6155,251,75,73,1866,458,74,3048,12,10775,1864,1865,1863,308,2744],"class_list":{"0":"post-65561","1":"post","2":"type-post","3":"status-publish","4":"format-standard","5":"has-post-thumbnail","7":"category-etats-unis","8":"tag-actualite","9":"tag-actualites","10":"tag-antisemitisme","11":"tag-culture","12":"tag-donald-trump","13":"tag-etats-unis","14":"tag-etats-unis-damerique","15":"tag-kamala-harris","16":"tag-monde","17":"tag-musee","18":"tag-news","19":"tag-shoah","20":"tag-united-states","21":"tag-united-states-of-america","22":"tag-us","23":"tag-usa","24":"tag-washington"},"share_on_mastodon":{"url":"https:\/\/pubeurope.com\/@fr\/114429552768302353","error":""},"_links":{"self":[{"href":"https:\/\/www.europesays.com\/fr\/wp-json\/wp\/v2\/posts\/65561","targetHints":{"allow":["GET"]}}],"collection":[{"href":"https:\/\/www.europesays.com\/fr\/wp-json\/wp\/v2\/posts"}],"about":[{"href":"https:\/\/www.europesays.com\/fr\/wp-json\/wp\/v2\/types\/post"}],"author":[{"embeddable":true,"href":"https:\/\/www.europesays.com\/fr\/wp-json\/wp\/v2\/users\/2"}],"replies":[{"embeddable":true,"href":"https:\/\/www.europesays.com\/fr\/wp-json\/wp\/v2\/comments?post=65561"}],"version-history":[{"count":0,"href":"https:\/\/www.europesays.com\/fr\/wp-json\/wp\/v2\/posts\/65561\/revisions"}],"wp:featuredmedia":[{"embeddable":true,"href":"https:\/\/www.europesays.com\/fr\/wp-json\/wp\/v2\/media\/65562"}],"wp:attachment":[{"href":"https:\/\/www.europesays.com\/fr\/wp-json\/wp\/v2\/media?parent=65561"}],"wp:term":[{"taxonomy":"category","embeddable":true,"href":"https:\/\/www.europesays.com\/fr\/wp-json\/wp\/v2\/categories?post=65561"},{"taxonomy":"post_tag","embeddable":true,"href":"https:\/\/www.europesays.com\/fr\/wp-json\/wp\/v2\/tags?post=65561"}],"curies":[{"name":"wp","href":"https:\/\/api.w.org\/{rel}","templated":true}]}}