{"id":655621,"date":"2026-01-11T07:02:10","date_gmt":"2026-01-11T07:02:10","guid":{"rendered":"https:\/\/www.europesays.com\/fr\/655621\/"},"modified":"2026-01-11T07:02:10","modified_gmt":"2026-01-11T07:02:10","slug":"nous-ne-cederons-jamais-les-etats-unis-ont-mene-des-frappes-contre-letat-islamique-en-syrie-actualites","status":"publish","type":"post","link":"https:\/\/www.europesays.com\/fr\/655621\/","title":{"rendered":"\u201cNous ne c\u00e9derons jamais\u201d : les \u00c9tats-Unis ont men\u00e9 des frappes contre l\u2019\u00c9tat islamique en Syrie : Actualit\u00e9s"},"content":{"rendered":"<p class=\"lead \"><strong>Les \u00c9tats-Unis ont annonc\u00e9, samedi 10 janvier, avoir men\u00e9 des frappes contre une trentaine de cibles de l\u2019\u00c9tat islamique en Syrie. L\u2019op\u00e9ration visait \u00e0 venger la mort de deux soldats et d\u2019un interpr\u00e8te am\u00e9ricain tu\u00e9s par le groupe terroriste en d\u00e9cembre dernier.<\/strong><\/p>\n<p class=\"lead \">Les \u00c9tats-Unis ont annonc\u00e9, dans la soir\u00e9e du samedi 10 janvier, avoir men\u00e9 des frappes \u201c\u00e0 grande \u00e9chelle\u201d contre l\u2019\u00c9tat islamique en Syrie. \u201cLes forces du commandement central, en collaboration avec des forces partenaires, ont men\u00e9 des frappes \u00e0 grande \u00e9chelle contre plusieurs cibles de l\u2019\u00c9tat islamique \u00e0 travers la Syrie\u201d, a fait savoir le commandement militaire am\u00e9ricain pour le Moyen-Orient (Centcom) dans un <a href=\"https:\/\/x.com\/CENTCOM\/status\/2010089772120002721\" target=\"_blank\">communiqu\u00e9 publi\u00e9 sur X<\/a>.<\/p>\n<p class=\"lead \">Selon celui-ci, les frappes se sont inscrites dans le cadre de l\u2019op\u00e9ration \u201c\u0152il de faucon\u201d lanc\u00e9e et valid\u00e9e par Donald Trump en d\u00e9cembre dernier pour venger la mort de deux soldats et d\u2019un interpr\u00e8te am\u00e9ricains par l\u2019\u00c9tat islamique \u00e0 Palmyre, ancien bastion du mouvement terroriste. \u201cNous n\u2019oublierons jamais et nous ne c\u00e9derons jamais\u201d, a comment\u00e9 le secr\u00e9taire \u00e0 la Guerre am\u00e9ricain Pete Hegseth sur X.<\/p>\n<p class=\"lead \">\u201cNotre message est clair : si vous vous en prenez \u00e0 nos combattants, nous vous trouverons et nous vous tuerons o\u00f9 que vous soyez dans le monde, quels que soient vos efforts pour \u00e9chapper \u00e0 la justice\u201d, a aussi averti le Centcom.<\/p>\n<p>                                                                                                Une trentaine de cibles atteintes<\/p>\n<p class=\"lead \">Le porte-parole du commandement militaire am\u00e9ricain pour le Moyen-Orient a pr\u00e9cis\u00e9 \u00e0 <a href=\"https:\/\/www.nbcnews.com\/world\/syria\/us-strikes-isis-in-syria-rcna253353\" target=\"_blank\" rel=\"noopener\">NBC News<\/a> que l\u2019op\u00e9ration avait mobilis\u00e9 plus de 20 avions et plus de 90 munitions de pr\u00e9cision. Une trentaine de cibles ont \u00e9t\u00e9 atteintes par les \u00c9tats-Unis.<\/p>\n<p class=\"lead \">Comme le rappelle le quotidien <a href=\"https:\/\/www.lemonde.fr\/international\/article\/2026\/01\/10\/etats-unis-frappes-a-grande-echelle-contre-l-ei-en-syrie-apres-l-attaque-meurtriere-de-decembre_6661332_3210.html\" target=\"_blank\" rel=\"noopener\">Le Monde<\/a>, les \u00c9tats-Unis avaient d\u00e9j\u00e0 cibl\u00e9 l\u2019\u00c9tat islamique via l\u2019op\u00e9ration \u201c\u0152il de faucon\u201d en d\u00e9cembre dernier. Le Royaume-Uni et la France ont \u00e9galement men\u00e9 des frappes conjointes le 4 janvier dernier contre des positions de l\u2019\u00c9tat islamique, notamment pour \u201cemp\u00eacher la r\u00e9surgence de Daech\u201d.<\/p>\n<p class=\"small font-weight-bold text-gray3 \"> publi\u00e9 le 11 janvier \u00e0 07h52, Lola Uguen, 6Medias<\/p>\n<p>                             Partager<\/p>\n","protected":false},"excerpt":{"rendered":"Les \u00c9tats-Unis ont annonc\u00e9, samedi 10 janvier, avoir men\u00e9 des frappes contre une trentaine de cibles de l\u2019\u00c9tat&hellip;\n","protected":false},"author":2,"featured_media":655622,"comment_status":"","ping_status":"","sticky":false,"template":"","format":"standard","meta":{"footnotes":""},"categories":[1589],"tags":[11,73,1866,12,1864,1865,1863,308],"class_list":{"0":"post-655621","1":"post","2":"type-post","3":"status-publish","4":"format-standard","5":"has-post-thumbnail","7":"category-etats-unis","8":"tag-actualites","9":"tag-etats-unis","10":"tag-etats-unis-damerique","11":"tag-news","12":"tag-united-states","13":"tag-united-states-of-america","14":"tag-us","15":"tag-usa"},"share_on_mastodon":{"url":"https:\/\/pubeurope.com\/@fr\/115875187792280364","error":""},"_links":{"self":[{"href":"https:\/\/www.europesays.com\/fr\/wp-json\/wp\/v2\/posts\/655621","targetHints":{"allow":["GET"]}}],"collection":[{"href":"https:\/\/www.europesays.com\/fr\/wp-json\/wp\/v2\/posts"}],"about":[{"href":"https:\/\/www.europesays.com\/fr\/wp-json\/wp\/v2\/types\/post"}],"author":[{"embeddable":true,"href":"https:\/\/www.europesays.com\/fr\/wp-json\/wp\/v2\/users\/2"}],"replies":[{"embeddable":true,"href":"https:\/\/www.europesays.com\/fr\/wp-json\/wp\/v2\/comments?post=655621"}],"version-history":[{"count":0,"href":"https:\/\/www.europesays.com\/fr\/wp-json\/wp\/v2\/posts\/655621\/revisions"}],"wp:featuredmedia":[{"embeddable":true,"href":"https:\/\/www.europesays.com\/fr\/wp-json\/wp\/v2\/media\/655622"}],"wp:attachment":[{"href":"https:\/\/www.europesays.com\/fr\/wp-json\/wp\/v2\/media?parent=655621"}],"wp:term":[{"taxonomy":"category","embeddable":true,"href":"https:\/\/www.europesays.com\/fr\/wp-json\/wp\/v2\/categories?post=655621"},{"taxonomy":"post_tag","embeddable":true,"href":"https:\/\/www.europesays.com\/fr\/wp-json\/wp\/v2\/tags?post=655621"}],"curies":[{"name":"wp","href":"https:\/\/api.w.org\/{rel}","templated":true}]}}