{"id":655625,"date":"2026-01-11T07:04:56","date_gmt":"2026-01-11T07:04:56","guid":{"rendered":"https:\/\/www.europesays.com\/fr\/655625\/"},"modified":"2026-01-11T07:04:56","modified_gmt":"2026-01-11T07:04:56","slug":"allemagne-recul-de-lexcedent-commercial-en-novembre-09-01-2026-a-0817","status":"publish","type":"post","link":"https:\/\/www.europesays.com\/fr\/655625\/","title":{"rendered":"Allemagne : recul de l&rsquo;exc\u00e9dent commercial en novembre &#8211; 09\/01\/2026 \u00e0 08:17"},"content":{"rendered":"<p>                                                                L&rsquo;exc\u00e9dent commercial de biens de l&rsquo;Allemagne s&rsquo;est \u00e9tabli \u00e0 13,1 milliards d&rsquo;euros en novembre 2025, en recul donc par rapport \u00e0 celui de 17,2 MdsEUR engrang\u00e9 le mois pr\u00e9c\u00e9dent (r\u00e9vis\u00e9 par rapport \u00e0 l&rsquo;estimation initiale de 16,9 MdsEUR).<\/p>\n<p>L&rsquo;office f\u00e9d\u00e9ral de statistiques, qui publie ces chiffres, pr\u00e9cise que les exportations allemandes se sont contract\u00e9es de 2,5% d&rsquo;un mois sur l&rsquo;autre, \u00e0 128,1 MdsEUR, alors que les importations ont augment\u00e9 de 0,8% \u00e0 115,1 MdsEUR.\n<\/p>\n<p>Par rapport au m\u00eame mois de 2024, l&rsquo;exc\u00e9dent commercial allemand a diminu\u00e9 d&rsquo;un tiers (-34,5%) en novembre 2025, une chute traduisant un tassement de 0,8% des exportations, mais surtout un bond de 5,4% des importations.<\/p>\n","protected":false},"excerpt":{"rendered":"L&rsquo;exc\u00e9dent commercial de biens de l&rsquo;Allemagne s&rsquo;est \u00e9tabli \u00e0 13,1 milliards d&rsquo;euros en novembre 2025, en recul donc&hellip;\n","protected":false},"author":2,"featured_media":8061,"comment_status":"","ping_status":"","sticky":false,"template":"","format":"standard","meta":{"footnotes":""},"categories":[1587],"tags":[400,11,672,398,408,1804,405,1805,1803,1777,674,1801,403,402,399,404,12,1802,401,406,407],"class_list":{"0":"post-655625","1":"post","2":"type-post","3":"status-publish","4":"format-standard","5":"has-post-thumbnail","7":"category-allemagne","8":"tag-action-cac-40","9":"tag-actualites","10":"tag-allemagne","11":"tag-bourse-de-paris","12":"tag-boursorama","13":"tag-bundesrepublik-deutschland","14":"tag-cotations","15":"tag-de","16":"tag-deutschland","17":"tag-eu","18":"tag-europe","19":"tag-germany","20":"tag-indices-devises","21":"tag-investir","22":"tag-investissement","23":"tag-marche-boursier","24":"tag-news","25":"tag-republique-federale-dallemagne","26":"tag-sicav","27":"tag-trackers","28":"tag-warrants"},"share_on_mastodon":{"url":"https:\/\/pubeurope.com\/@fr\/115875199198820656","error":""},"_links":{"self":[{"href":"https:\/\/www.europesays.com\/fr\/wp-json\/wp\/v2\/posts\/655625","targetHints":{"allow":["GET"]}}],"collection":[{"href":"https:\/\/www.europesays.com\/fr\/wp-json\/wp\/v2\/posts"}],"about":[{"href":"https:\/\/www.europesays.com\/fr\/wp-json\/wp\/v2\/types\/post"}],"author":[{"embeddable":true,"href":"https:\/\/www.europesays.com\/fr\/wp-json\/wp\/v2\/users\/2"}],"replies":[{"embeddable":true,"href":"https:\/\/www.europesays.com\/fr\/wp-json\/wp\/v2\/comments?post=655625"}],"version-history":[{"count":0,"href":"https:\/\/www.europesays.com\/fr\/wp-json\/wp\/v2\/posts\/655625\/revisions"}],"wp:featuredmedia":[{"embeddable":true,"href":"https:\/\/www.europesays.com\/fr\/wp-json\/wp\/v2\/media\/8061"}],"wp:attachment":[{"href":"https:\/\/www.europesays.com\/fr\/wp-json\/wp\/v2\/media?parent=655625"}],"wp:term":[{"taxonomy":"category","embeddable":true,"href":"https:\/\/www.europesays.com\/fr\/wp-json\/wp\/v2\/categories?post=655625"},{"taxonomy":"post_tag","embeddable":true,"href":"https:\/\/www.europesays.com\/fr\/wp-json\/wp\/v2\/tags?post=655625"}],"curies":[{"name":"wp","href":"https:\/\/api.w.org\/{rel}","templated":true}]}}