{"id":655645,"date":"2026-01-11T07:23:11","date_gmt":"2026-01-11T07:23:11","guid":{"rendered":"https:\/\/www.europesays.com\/fr\/655645\/"},"modified":"2026-01-11T07:23:11","modified_gmt":"2026-01-11T07:23:11","slug":"ses-petits-copains-de-la-deux-pierre-arditi-oblige-de-couvrir-michel-drucker-pour-preserver-son-honneur","status":"publish","type":"post","link":"https:\/\/www.europesays.com\/fr\/655645\/","title":{"rendered":"\u00ab\u00a0Ses petits copains de la deux\u2026\u00a0\u00bb, Pierre Arditi oblig\u00e9 de couvrir Michel Drucker pour pr\u00e9server son honneur"},"content":{"rendered":"<p class=\"p1\">Lorsqu&rsquo;il pr\u00e9sentait <strong>l&rsquo;\u00e9mission Tout le monde<br \/>\nen parle<\/strong> sur France 2, le regrett\u00e9 Thierry Ardisson avait<br \/>\ncoutume de faire passer ses invit\u00e9s sur le grill. Nombre de ses<br \/>\nh\u00f4tes ont \u00e9t\u00e9 soumis \u00e0 l&rsquo;incontournable interview mensonge.<br \/>\n<a href=\"https:\/\/www.closermag.fr\/people\/une-balle-dans-la-tete-pierre-arditi-defigure-a-cause-de-son-addiction-il-a-failli-en-finir-3593707\" target=\"_blank\" rel=\"noopener\"><br \/>\nLe com\u00e9dien Pierre Arditi<\/a> n&rsquo;a pu y \u00e9chapper lors de son passage<br \/>\n\u00e0 l&rsquo;antenne, <strong>le 16 d\u00e9cembre 2000<\/strong>.<\/p>\n<p class=\"p1\">\u00ab\u00a0Politiquement, quelle que soit votre fid\u00e9lit\u00e9 \u00e0<br \/>\nvos engagements de jeunesse, on vous a beaucoup vu ces derniers<br \/>\ntemps <strong>en compagnie d&rsquo;Alain Madelin<\/strong>.\u00a0Vous lui<br \/>\ntrouvez quoi ?\u00a0\u00bb, attaque d&#8217;embl\u00e9e l&rsquo;animateur dans un extrait<br \/>\nde l&rsquo;\u00e9mission disponible sur YouTube. En toute franchise, l&rsquo;acteur<br \/>\nvante alors le discours moderne et fraternel de celui qui est alors<br \/>\npr\u00e9sident du parti D\u00e9mocratie lib\u00e9rale. &lsquo;C&rsquo;est parce que<br \/>\nMadelin a enlev\u00e9 sa cravate que vous ne portez plus de cravate<br \/>\n?\u00a0\u00bb, encha\u00eene Ardisson. Son invit\u00e9 d\u00e9gaine l&rsquo;argument du<br \/>\nmim\u00e9tisme.<\/p>\n<p>Pierre Arditi : pourquoi a-t-il d\u00fb couvrir Michel<br \/>\nDrucker dans un moment d\u00e9licat ?<\/p>\n<p class=\"p1\">\u00ab\u00a0L&rsquo;homme en noir\u00a0\u00bb poursuit son questionnaire et<br \/>\nl&rsquo;interroge sur <strong>ses balades \u00e0 v\u00e9lo dominicales en compagnie<br \/>\nde<\/strong> <a href=\"https:\/\/www.closermag.fr\/people\/michel-drucker-au-plus-mal-sa-niece-marie-drucker-serait-dune-connerie-pas-possible-3609152\" target=\"_blank\" rel=\"noopener\"><br \/>\nMichel Drucker<\/a>. Pierre Arditi balance sec : \u00ab\u00a0Il y a des<br \/>\nann\u00e9es que je p\u00e9dale [&#8230;]\u00a0Et lui, pour le moment, <strong>il<br \/>\np\u00e9dale plut\u00f4t dans la choucroute<\/strong> [&#8230;] <strong>Ils nous<br \/>\nest arriv\u00e9 d&rsquo;\u00eatre film\u00e9s par ses petits copains de la<br \/>\nDeux<\/strong>. Et c&rsquo;\u00e9tait tr\u00e8s emm*rdant parce que <strong>j&rsquo;\u00e9tais<br \/>\noblig\u00e9 de p\u00e9daler dans le vide pour qu&rsquo;il puisse me<br \/>\nrattraper<\/strong>\u00ab\u00a0.<\/p>\n<p class=\"p1\">De quoi surprendre Thierry Ardisson, au fait du<br \/>\nr\u00e9gime de son confr\u00e8re. \u00ab\u00a0Il mange des p\u00e2tes, il dort<br \/>\nbeaucoup&#8230;\u00a0\u00bb Ce que confirme le com\u00e9dien : \u00ab\u00a0Oui,<br \/>\n<strong>il dort \u00e9norm\u00e9ment, il s&rsquo;\u00e9conomise<br \/>\n\u00e9norm\u00e9ment<\/strong>\u00ab\u00a0. Selon lui, cette diff\u00e9rence flagrante de<br \/>\nniveau serait plut\u00f4t \u00e0 imputer \u00e0 sa grande diff\u00e9rence d&rsquo;\u00e2ge avec<br \/>\nl&rsquo;ind\u00e9boulonnable pr\u00e9sentateur de Vivement dimanche. On ne sait<br \/>\ncomment ce dernier avait r\u00e9agi \u00e0 cette petite sortie ind\u00e9licate \u00e0<br \/>\nl&rsquo;\u00e9poque.<\/p>\n<p>Pierre Arditi : ce petit plaisir<br \/>\nauquel il a renonc\u00e9 pour sa sant\u00e9<\/p>\n<p class=\"p1\"><a href=\"https:\/\/www.closermag.fr\/people\/audrey-crespo-mara-son-joli-hommage-a-thierry-ardisson-en-ce-jour-glacial-et-enneige-3610557\" target=\"_blank\" rel=\"noopener\"><br \/>\nL&rsquo;animateur de Tout le monde en parle<\/a> laisse entendre que sa<br \/>\ngrande forme, le compagnon d&rsquo;\u00c9velyne Bouix la doit \u00e0 son hygi\u00e8ne de<br \/>\nvie. \u00ab\u00a0<strong>Vous avez laiss\u00e9 tomber la drogue<\/strong> d&rsquo;une<br \/>\nfa\u00e7on \u00e0 peu pr\u00e8s compl\u00e8te, sauf les<br \/>\np\u00e9tards,\u00a0indique-t-il. <strong>Une dizaine de p\u00e9tards<br \/>\npar jour<\/strong> parce que \u00e7a remplace les cigarettes. Vous avez<br \/>\narr\u00eat\u00e9 les cigarettes, donc vous \u00eates oblig\u00e9 de fumer des p\u00e9tards \u00e0<br \/>\nla place.\u00a0\u00bb<\/p>\n<p class=\"p1\">Pierre Arditi le recadre aussit\u00f4t : \u00ab\u00a0Pas dix,<br \/>\ntout de m\u00eame. <strong>Huit, ce qui est d\u00e9j\u00e0 bien<\/strong>\u00ab\u00a0. Et<br \/>\nson h\u00f4te de commenter : \u00ab\u00a0Pierre a retrouv\u00e9 son \u00e9nergie sexuelle<br \/>\nen arr\u00eatant la drogue\u00a0\u00bb. Une s\u00e9quence d&rsquo;anthologie \u00e0<br \/>\nred\u00e9couvrir sur le compte YouTube de l&rsquo;INA.<\/p>\n","protected":false},"excerpt":{"rendered":"Lorsqu&rsquo;il pr\u00e9sentait l&rsquo;\u00e9mission Tout le monde en parle sur France 2, le regrett\u00e9 Thierry Ardisson avait coutume de&hellip;\n","protected":false},"author":2,"featured_media":655646,"comment_status":"","ping_status":"","sticky":false,"template":"","format":"standard","meta":{"footnotes":""},"categories":[1356],"tags":[21303,58,59,1011,27,70202,252,1364],"class_list":{"0":"post-655645","1":"post","2":"type-post","3":"status-publish","4":"format-standard","5":"has-post-thumbnail","7":"category-television","8":"tag-buzz_nonli","9":"tag-divertissement","10":"tag-entertainment","11":"tag-fr","12":"tag-france","13":"tag-marfeel_connexes","14":"tag-television","15":"tag-tv"},"share_on_mastodon":{"url":"https:\/\/pubeurope.com\/@fr\/115875270097272527","error":""},"_links":{"self":[{"href":"https:\/\/www.europesays.com\/fr\/wp-json\/wp\/v2\/posts\/655645","targetHints":{"allow":["GET"]}}],"collection":[{"href":"https:\/\/www.europesays.com\/fr\/wp-json\/wp\/v2\/posts"}],"about":[{"href":"https:\/\/www.europesays.com\/fr\/wp-json\/wp\/v2\/types\/post"}],"author":[{"embeddable":true,"href":"https:\/\/www.europesays.com\/fr\/wp-json\/wp\/v2\/users\/2"}],"replies":[{"embeddable":true,"href":"https:\/\/www.europesays.com\/fr\/wp-json\/wp\/v2\/comments?post=655645"}],"version-history":[{"count":0,"href":"https:\/\/www.europesays.com\/fr\/wp-json\/wp\/v2\/posts\/655645\/revisions"}],"wp:featuredmedia":[{"embeddable":true,"href":"https:\/\/www.europesays.com\/fr\/wp-json\/wp\/v2\/media\/655646"}],"wp:attachment":[{"href":"https:\/\/www.europesays.com\/fr\/wp-json\/wp\/v2\/media?parent=655645"}],"wp:term":[{"taxonomy":"category","embeddable":true,"href":"https:\/\/www.europesays.com\/fr\/wp-json\/wp\/v2\/categories?post=655645"},{"taxonomy":"post_tag","embeddable":true,"href":"https:\/\/www.europesays.com\/fr\/wp-json\/wp\/v2\/tags?post=655645"}],"curies":[{"name":"wp","href":"https:\/\/api.w.org\/{rel}","templated":true}]}}