{"id":655647,"date":"2026-01-11T07:24:18","date_gmt":"2026-01-11T07:24:18","guid":{"rendered":"https:\/\/www.europesays.com\/fr\/655647\/"},"modified":"2026-01-11T07:24:18","modified_gmt":"2026-01-11T07:24:18","slug":"balavoine-40-ans-deja-clash-avec-mitterrand-coups-de-gueule-le-succes-dun-chanteur-engage-et-enrage","status":"publish","type":"post","link":"https:\/\/www.europesays.com\/fr\/655647\/","title":{"rendered":"Balavoine, 40\u00a0ans d\u00e9j\u00e0\u00a0: clash avec Mitterrand, coups de gueule\u2026 Le succ\u00e8s d\u2019un chanteur \u00ab\u00a0engag\u00e9 et enrag\u00e9\u00a0\u00bb"},"content":{"rendered":"<p class=\"paragraph text_align_left lp-f-body-02\"><a href=\"https:\/\/www.leparisien.fr\/culture-loisirs\/musique\/une-chanson-inedite-de-daniel-balavoine-retrouvee-23-10-2020-8404668.php\" target=\"_self\" rel=\"noopener\">Daniel Balavoine<\/a> s\u2019emporte. Longs cheveux bruns boucl\u00e9s, blouson en cuir marron et chemise en jean, le chanteur d\u00e9tone sur le plateau. Mitterrand lui c\u00e8de la parole. La voix ferme, mais o\u00f9 l\u2019on per\u00e7oit son stress, il d\u00e9nonce les conditions d\u2019accueil des travailleurs immigr\u00e9s, la d\u00e9tresse des jeunes qui se sentent abandonn\u00e9s. \u00ab Ce que je peux vous dire, c\u2019est que la jeunesse se d\u00e9sesp\u00e8re, qu\u2019elle n\u2019a plus d\u2019appui, elle ne croit plus en la politique fran\u00e7aise et je pense qu\u2019elle a, en r\u00e9sumant un peu, bien raison, poursuit l\u2019artiste du haut de ses 28 ans. Le d\u00e9sespoir est mobilisateur et quand il est mobilisateur, il devient dangereux. \u00bb Son coup de gueule est un moment de t\u00e9l\u00e9vision.<\/p>\n","protected":false},"excerpt":{"rendered":"Daniel Balavoine s\u2019emporte. Longs cheveux bruns boucl\u00e9s, blouson en cuir marron et chemise en jean, le chanteur d\u00e9tone&hellip;\n","protected":false},"author":2,"featured_media":655648,"comment_status":"","ping_status":"","sticky":false,"template":"","format":"standard","meta":{"footnotes":""},"categories":[1355],"tags":[872,58,59,1011,27,1361,873],"class_list":{"0":"post-655647","1":"post","2":"type-post","3":"status-publish","4":"format-standard","5":"has-post-thumbnail","7":"category-musique","8":"tag-culture-et-loisirs","9":"tag-divertissement","10":"tag-entertainment","11":"tag-fr","12":"tag-france","13":"tag-music","14":"tag-musique"},"share_on_mastodon":{"url":"https:\/\/pubeurope.com\/@fr\/115875273917145107","error":""},"_links":{"self":[{"href":"https:\/\/www.europesays.com\/fr\/wp-json\/wp\/v2\/posts\/655647","targetHints":{"allow":["GET"]}}],"collection":[{"href":"https:\/\/www.europesays.com\/fr\/wp-json\/wp\/v2\/posts"}],"about":[{"href":"https:\/\/www.europesays.com\/fr\/wp-json\/wp\/v2\/types\/post"}],"author":[{"embeddable":true,"href":"https:\/\/www.europesays.com\/fr\/wp-json\/wp\/v2\/users\/2"}],"replies":[{"embeddable":true,"href":"https:\/\/www.europesays.com\/fr\/wp-json\/wp\/v2\/comments?post=655647"}],"version-history":[{"count":0,"href":"https:\/\/www.europesays.com\/fr\/wp-json\/wp\/v2\/posts\/655647\/revisions"}],"wp:featuredmedia":[{"embeddable":true,"href":"https:\/\/www.europesays.com\/fr\/wp-json\/wp\/v2\/media\/655648"}],"wp:attachment":[{"href":"https:\/\/www.europesays.com\/fr\/wp-json\/wp\/v2\/media?parent=655647"}],"wp:term":[{"taxonomy":"category","embeddable":true,"href":"https:\/\/www.europesays.com\/fr\/wp-json\/wp\/v2\/categories?post=655647"},{"taxonomy":"post_tag","embeddable":true,"href":"https:\/\/www.europesays.com\/fr\/wp-json\/wp\/v2\/tags?post=655647"}],"curies":[{"name":"wp","href":"https:\/\/api.w.org\/{rel}","templated":true}]}}