{"id":655659,"date":"2026-01-11T07:31:16","date_gmt":"2026-01-11T07:31:16","guid":{"rendered":"https:\/\/www.europesays.com\/fr\/655659\/"},"modified":"2026-01-11T07:31:16","modified_gmt":"2026-01-11T07:31:16","slug":"le-gouverneur-de-la-banque-de-france-redoute-un-etouffement-du-pays","status":"publish","type":"post","link":"https:\/\/www.europesays.com\/fr\/655659\/","title":{"rendered":"le gouverneur de la Banque de France redoute un \u00ab\u202f\u00e9touffement\u202f\u00bb du pays"},"content":{"rendered":"<p>Le propos est grave. Le gouverneur de la Banque de France a dit samedi redouter \u00ab\u202fun \u00e9touffement\u202f\u00bb de la France si elle ne parvient pas \u00e0 r\u00e9duire son d\u00e9ficit budg\u00e9taire, et appel\u00e9 \u00e0 \u00ab\u202fsortir des postures\u202f\u00bb pour trouver \u00ab\u202fde vrais compromis\u202f\u00bb.<\/p>\n<p>\u00ab\u202fLa France ne risque pas la faillite, mais un \u00e9touffement \u00e0 plusieurs dimensions\u202f\u00bb, a estim\u00e9 Fran\u00e7ois Villeroy\u00a0de\u00a0Galhau sur France Inter\u202f: \u00ab\u202fun \u00e9touffement budg\u00e9taire (\u2026), \u00e9conomique (\u2026) et g\u00e9n\u00e9rationnel car nous sommes en train de choisir les seniors contre les jeunes\u202f\u00bb, avec \u00ab\u202fplus de d\u00e9penses de retraite et plus de d\u00e9ficit\u202f\u00bb.<\/p>\n<p>\u00ab\u2009Plus d\u2019argent pour baisser les imp\u00f4ts\u2009\u00bb&#13;\n<\/p>\n<p>Pour y rem\u00e9dier, selon lui, il faut \u00ab\u202fsortir des postures, des querelles, du spectacle, et trouver des vrais compromis\u202f\u00bb. Le gouverneur a jug\u00e9 \u00ab\u202ftr\u00e8s important qu\u2019il y ait un budget pour 2026\u202f\u00bb avec un d\u00e9ficit public \u00ab\u202f\u00e0 maximum 5\u202f% du PIB\u202f\u00bb pour ne pas se mettre \u00ab\u202fdans la zone rouge de danger\u202f\u00bb.<\/p>\n<p>Il faut pour cela \u00ab\u202fstabiliser les d\u00e9penses\u202f\u00bb et \u00ab\u202favoir de la sagesse sur les imp\u00f4ts\u202f\u00bb.<\/p>\n<p>En l\u2019occurrence, \u00ab\u202freconna\u00eetre que nous n\u2019avons plus d\u2019argent pour baisser les imp\u00f4ts et qu\u2019il y a certaines mesures de justice n\u00e9cessaires\u202f\u00bb, comme la prolongation de la surtaxe d\u2019imp\u00f4t sur les soci\u00e9t\u00e9s pour les grandes entreprises, sur laquelle les parlementaires de droite et de gauche ne parviennent pas \u00e0 se mettre d\u2019accord.<\/p>\n<p>Menace des march\u00e9s financiers&#13;\n<\/p>\n<p>M\u00eame si les march\u00e9s financiers sont calmes actuellement vis-\u00e0-vis de la France, \u00ab\u202fleur fonctionnement n\u2019est jamais lin\u00e9aire, (il) peut y avoir un calme apparent, puis une correction brutale\u202f\u00bb, a observ\u00e9 le gouverneur, en particulier \u00ab\u202fdans l\u2019environnement g\u00e9opolitique extr\u00eamement incertain\u202f\u00bb actuel.<\/p>\n<p>Il a aussi soulign\u00e9 que \u00ab\u202fl\u2019agenda de d\u00e9r\u00e9gulation financi\u00e8re am\u00e9ricaine augmente les risques de crise financi\u00e8re\u202f\u00bb, tout en appelant \u00e0 \u00ab\u202fgarder notre calme et notre cap\u202f\u00bb en Europe, \u00e0 \u00ab\u202fmaintenir un dialogue franc et exigeant \u00e0 travers l\u2019Atlantique\u202f\u00bb.<\/p>\n<p>Livret A&#13;\n<\/p>\n<p>Sur la probable baisse du taux de r\u00e9mun\u00e9ration du livret A, jeudi prochain, pour tenir compte de la baisse de l\u2019inflation, Fran\u00e7ois Villeroy\u00a0de\u00a0Galhau a simplement \u00e9nonc\u00e9 que ce taux, actuellement de 1,7\u202f%\u202f%, \u00ab\u202frestera significativement sup\u00e9rieur \u00e0 l\u2019inflation\u202f\u00bb (0,8\u202f%). Les \u00e9conomistes anticipent un abaissement \u00e0 1,3\u202f% ou 1,4\u202f%.<\/p>\n<p>Il a enfin assur\u00e9 que \u00ab\u202fc\u2019est le bon moment\u202f\u00bb pour un emprunt immobilier, avec des taux \u00ab\u202fen moyenne autour de 3,1\u202f% pour un cr\u00e9dit \u00e0 vingt ans\u202f\u00bb. Il a d\u00e9voil\u00e9 que, sur les onze premiers mois de 2025, les montants de cr\u00e9dits accord\u00e9s d\u00e9passaient de 35\u202f% ceux accord\u00e9s de janvier \u00e0 novembre 2024.<\/p>\n","protected":false},"excerpt":{"rendered":"Le propos est grave. Le gouverneur de la Banque de France a dit samedi redouter \u00ab\u202fun \u00e9touffement\u202f\u00bb de&hellip;\n","protected":false},"author":2,"featured_media":655660,"comment_status":"","ping_status":"","sticky":false,"template":"","format":"standard","meta":{"footnotes":""},"categories":[6],"tags":[75840,5734,523,35,10259,33,34,1011,27,5992,5457,75839],"class_list":{"0":"post-655659","1":"post","2":"type-post","3":"status-publish","4":"format-standard","5":"has-post-thumbnail","7":"category-economie","8":"tag-etouffement","9":"tag-5734","10":"tag-banque","11":"tag-business","12":"tag-deficit","13":"tag-economie","14":"tag-economy","15":"tag-fr","16":"tag-france","17":"tag-gouverneur","18":"tag-pays","19":"tag-redoute"},"share_on_mastodon":{"url":"https:\/\/pubeurope.com\/@fr\/115875301506195581","error":""},"_links":{"self":[{"href":"https:\/\/www.europesays.com\/fr\/wp-json\/wp\/v2\/posts\/655659","targetHints":{"allow":["GET"]}}],"collection":[{"href":"https:\/\/www.europesays.com\/fr\/wp-json\/wp\/v2\/posts"}],"about":[{"href":"https:\/\/www.europesays.com\/fr\/wp-json\/wp\/v2\/types\/post"}],"author":[{"embeddable":true,"href":"https:\/\/www.europesays.com\/fr\/wp-json\/wp\/v2\/users\/2"}],"replies":[{"embeddable":true,"href":"https:\/\/www.europesays.com\/fr\/wp-json\/wp\/v2\/comments?post=655659"}],"version-history":[{"count":0,"href":"https:\/\/www.europesays.com\/fr\/wp-json\/wp\/v2\/posts\/655659\/revisions"}],"wp:featuredmedia":[{"embeddable":true,"href":"https:\/\/www.europesays.com\/fr\/wp-json\/wp\/v2\/media\/655660"}],"wp:attachment":[{"href":"https:\/\/www.europesays.com\/fr\/wp-json\/wp\/v2\/media?parent=655659"}],"wp:term":[{"taxonomy":"category","embeddable":true,"href":"https:\/\/www.europesays.com\/fr\/wp-json\/wp\/v2\/categories?post=655659"},{"taxonomy":"post_tag","embeddable":true,"href":"https:\/\/www.europesays.com\/fr\/wp-json\/wp\/v2\/tags?post=655659"}],"curies":[{"name":"wp","href":"https:\/\/api.w.org\/{rel}","templated":true}]}}