{"id":655661,"date":"2026-01-11T07:32:11","date_gmt":"2026-01-11T07:32:11","guid":{"rendered":"https:\/\/www.europesays.com\/fr\/655661\/"},"modified":"2026-01-11T07:32:11","modified_gmt":"2026-01-11T07:32:11","slug":"les-combattants-kurdes-acceptent-devacuer-alep","status":"publish","type":"post","link":"https:\/\/www.europesays.com\/fr\/655661\/","title":{"rendered":"les combattants kurdes acceptent d&rsquo;\u00e9vacuer Alep"},"content":{"rendered":"<p>\n    Les affrontements, les plus violents \u00e0 Alep depuis la chute de Bachar al-Assad en d\u00e9cembre 2024, ont fait au moins 21 morts parmi les civils depuis mardi.<\/p>\n<p class=\"fig-paragraph\">Les forces kurdes en Syrie ont annonc\u00e9 dimanche l\u2019\u00e9vacuation de leurs combattants des deux quartiers o\u00f9 ils \u00e9taient retranch\u00e9s \u00e0 Alep, apr\u00e8s\u00a0<a href=\"http:\/\/www.lefigaro.fr\/international\/apres-de-violents-affrontements-en-syrie-l-armee-annonce-avoir-securise-un-quartier-kurde-d-alep-20260110\" data-fig-type=\"NewsFlash\" data-gtm-custom-categorie=\"navigation\" data-gtm-custom-action=\"crossclick\" data-gtm-custom-label=\"Contextuel\" data-gtm-event=\"customEventSPE\" data-fig-domain=\"LEFIGARO\" target=\"_blank\" rel=\"noopener\">plusieurs jours de combats meurtriers<\/a>\u00a0contre les forces gouvernementales.<\/p>\n<p class=\"fig-paragraph\">\u00abNous sommes parvenus \u00e0 un accord qui a conduit \u00e0 un cessez-le-feu et permis l\u2019\u00e9vacuation des martyrs, des bless\u00e9s, des civils pris au pi\u00e8ge et des combattants des quartiers d\u2019Achrafieh et de Cheikh Maqsoud vers le nord et l\u2019est de la Syrie\u00bb, ont \u00e9crit les Forces d\u00e9mocratiques kurdes (FDS) dans un communiqu\u00e9.<\/p>\n<p>                                            <a class=\"fig-a11y-skip\" href=\"#fig-a11y-skip-main-inarticle\" data-module=\"a11y-skip\" data-context=\"was @visible\"><br \/>\n    Passer la publicit\u00e9<br \/>\n<\/a>            <\/p>\n<p class=\"fig-paragraph\">L\u2019agence officielle syrienne Sana a confirm\u00e9 que \u00ables bus transportant le dernier groupe de membres des FDS ont quitt\u00e9 le quartier de Cheikh Maqsoud \u00e0 Alep, en direction du nord-est\u00bb.<\/p>\n<p>                                            Au moins 21 morts parmi les civils<\/p>\n<p class=\"fig-paragraph\">Apr\u00e8s avoir pris le contr\u00f4le d\u2019Achrafieh, l\u2019arm\u00e9e syrienne avait d\u00e9j\u00e0 annonc\u00e9 samedi la fin de ses op\u00e9rations \u00e0 Cheikh Maqsoud et le d\u00e9part des combattants kurdes vers le nord. Mais les forces kurdes avaient d\u00e9menti ces affirmations.<\/p>\n<p class=\"fig-paragraph\">Les affrontements, les plus violents \u00e0 Alep depuis la chute de Bachar al-Assad en d\u00e9cembre 2024, ont fait au moins 21 morts parmi les civils depuis mardi, et provoqu\u00e9 le d\u00e9placement d\u2019environ 155.000 personnes, selon les donn\u00e9es officielles.<\/p>\n<p class=\"fig-paragraph\">Les deux camps s\u2019accusent mutuellement d\u2019en \u00eatre \u00e0 l\u2019origine. Ces combats ont fragilis\u00e9 encore plus un accord conclu en mars entre les deux parties pour int\u00e9grer les institutions civiles et militaires de l\u2019administration autonome kurde au sein de l\u2019\u00c9tat syrien, qui n\u2019a pas encore \u00e9t\u00e9 appliqu\u00e9.<\/p>\n<p class=\"fig-paragraph\">L\u2019\u00e9vacuation des combattants a \u00e9t\u00e9 obtenue \u00abgr\u00e2ce \u00e0 la m\u00e9diation des parties internationales pour mettre fin aux attaques et aux violations commises contre notre peuple \u00e0 Alep\u00bb, a affirm\u00e9 le FDS, apr\u00e8s avoir au contraire d\u00e9nonc\u00e9 quelques heures plus t\u00f4t des d\u00e9placements forc\u00e9s et des enl\u00e8vements de civils.<\/p>\n","protected":false},"excerpt":{"rendered":"Les affrontements, les plus violents \u00e0 Alep depuis la chute de Bachar al-Assad en d\u00e9cembre 2024, ont fait&hellip;\n","protected":false},"author":2,"featured_media":655662,"comment_status":"","ping_status":"","sticky":false,"template":"","format":"standard","meta":{"footnotes":""},"categories":[5],"tags":[11,1011,27,14,38913,12,32,28],"class_list":{"0":"post-655661","1":"post","2":"type-post","3":"status-publish","4":"format-standard","5":"has-post-thumbnail","7":"category-international","8":"tag-actualites","9":"tag-fr","10":"tag-france","11":"tag-international","12":"tag-kurdes","13":"tag-news","14":"tag-syrie","15":"tag-world"},"share_on_mastodon":{"url":"https:\/\/pubeurope.com\/@fr\/115875305487744916","error":""},"_links":{"self":[{"href":"https:\/\/www.europesays.com\/fr\/wp-json\/wp\/v2\/posts\/655661","targetHints":{"allow":["GET"]}}],"collection":[{"href":"https:\/\/www.europesays.com\/fr\/wp-json\/wp\/v2\/posts"}],"about":[{"href":"https:\/\/www.europesays.com\/fr\/wp-json\/wp\/v2\/types\/post"}],"author":[{"embeddable":true,"href":"https:\/\/www.europesays.com\/fr\/wp-json\/wp\/v2\/users\/2"}],"replies":[{"embeddable":true,"href":"https:\/\/www.europesays.com\/fr\/wp-json\/wp\/v2\/comments?post=655661"}],"version-history":[{"count":0,"href":"https:\/\/www.europesays.com\/fr\/wp-json\/wp\/v2\/posts\/655661\/revisions"}],"wp:featuredmedia":[{"embeddable":true,"href":"https:\/\/www.europesays.com\/fr\/wp-json\/wp\/v2\/media\/655662"}],"wp:attachment":[{"href":"https:\/\/www.europesays.com\/fr\/wp-json\/wp\/v2\/media?parent=655661"}],"wp:term":[{"taxonomy":"category","embeddable":true,"href":"https:\/\/www.europesays.com\/fr\/wp-json\/wp\/v2\/categories?post=655661"},{"taxonomy":"post_tag","embeddable":true,"href":"https:\/\/www.europesays.com\/fr\/wp-json\/wp\/v2\/tags?post=655661"}],"curies":[{"name":"wp","href":"https:\/\/api.w.org\/{rel}","templated":true}]}}