{"id":655663,"date":"2026-01-11T07:33:19","date_gmt":"2026-01-11T07:33:19","guid":{"rendered":"https:\/\/www.europesays.com\/fr\/655663\/"},"modified":"2026-01-11T07:33:19","modified_gmt":"2026-01-11T07:33:19","slug":"colere-des-agriculteurs-sur-la63-a-bayonne-la-galere-des-automobilistes-et-chauffeurs-routiers-sud-ouest","status":"publish","type":"post","link":"https:\/\/www.europesays.com\/fr\/655663\/","title":{"rendered":"Col\u00e8re des agriculteurs sur l\u2019A63 : \u00e0 Bayonne, la gal\u00e8re des automobilistes et chauffeurs routiers &#8211; Sud Ouest"},"content":{"rendered":"<ol>\n<li><a href=\"https:\/\/news.google.com\/rss\/articles\/CBMiiAJBVV95cUxPdU9KaUkxeF9xWWZ4NDNwX3lZMmNocnNhbTF4WXJkMjZMMmRFd3E0WllCNG9WVE5nTzNPNW10MW9SdF9WVzRCUkktME5YcV84VEdMcWRlaHdtSFF3dXowd3VhajBsMmh6c0xQZ25LMHNTXzdybE1SNS1ZYmg0NENUYzcwZV9pLUJaZ28wc2lzeWdwcHBCTkRrRXgzWE5mcGs5aGhqUldCU21haGY5c3kyZHJ4UVl0NGlRa0xkQ2UxSk5jQ2g5TnYtOWRkYXRDZG1DRzRkSXljdm5NamlvdG1hbEN5bFA5Z1dfSFBOaVJMVnZyVDFvUFJzdjM2eGxBSUp1NDVleDhELVI?oc=5\" target=\"_blank\" rel=\"noopener\">Col\u00e8re des agriculteurs sur l\u2019A63 : \u00e0 Bayonne, la gal\u00e8re des automobilistes et chauffeurs routiers<\/a>&nbsp;&nbsp;Sud Ouest<\/li>\n<li><a href=\"https:\/\/news.google.com\/rss\/articles\/CBMirAJBVV95cUxQeHhuU1hsbG12QlhnbG1DTUdOTDZ2NElGd2J6VUR0dmJ4bWxWNnBoTWE1WGJhbGxrVU5IOG5sNHZLSXUwWjhjQWV1b0kxMEhOQ2k4VUNhN0FYc2VTaW5RaW5sVzFFVk8wWUl1SUpReUpmRnR6MnB5cEt4Nm5SNjNsZG9KY0d6WU9naVg3Y3BzTnA3RHdMaExSY1BGSjItd2JKQnd4YVltNFF1NGh2NUw4NGtZdEhSNVd4cldOYXBaYS1PMlRLOENHUElWMWJWYmdsamgwaDZhMk1IeVBzWWtpYTBMUXpaeUVQSllrc2ZJR1R1Y0xnWU9jdV8zczVWU2ZpVl9oZThwWUdBakM5dlJOdW5MdkV2Um1PYU5aVHA4akYxaGNCcW9UVlFsdXY?oc=5\" target=\"_blank\" rel=\"noopener\">Col\u00e8re des agriculteurs. \u00ab On restera le temps qu\u2019il faudra \u00bb : \u00e0 Bayonne, les Ultras de l\u2019A63 pr\u00eats \u00e0 tenir un si\u00e8ge, jour et nuit<\/a>&nbsp;&nbsp;Sud Ouest<\/li>\n<li><a href=\"https:\/\/news.google.com\/rss\/articles\/CBMi-gFBVV95cUxQU1hCOWQ5OXh5eDBSdmpMeVNVYV9iZ21VbmNIdENoeHhjS0lWdXBtOWdzR3lOMDQzdmxXNmxCcGo3Sm5pNzd4a1BSZ1ktdlR3ckxUOWUwa1liLWRkTHhsUXdkTEVKeE1RSUNvbGpfLXd2TFFHTkl2UjNxQjBKTUNzMDhILUFBYTItY3hzNnluNm9mSHJCX1V3Vk1qYy02QjZzTGVSYVR2SUlTQ3ZFcGUycU5mMXk5anpScFBydVVtbklPSVpjZGttR0hQOEJDNGtPZ0txZWFuOG04R1B5RkF1d2xRQUdILWt0aEZTejJqNmh2b05WUGhTaThR?oc=5\" target=\"_blank\" rel=\"noopener\">Col\u00e8re des agriculteurs : \u00ab Le blocage de l\u2019A63 ne saurait perdurer \u00bb pr\u00e9vient le pr\u00e9fet<\/a>&nbsp;&nbsp;La R\u00e9publique des Pyr\u00e9n\u00e9es<\/li>\n<li><a href=\"https:\/\/news.google.com\/rss\/articles\/CBMihAJBVV95cUxQSkxwa0MzWjRlOFZjSjhIQ1ZjdDF6Y1FRMFotSnFEQ185RGF1d0x3VF9BNEVNay1rSWs2eWNmeTZ0T3dLMGY2WkJLRE42S3ljQ0x0ZUtHY2pla2F4QVZ5YnJZLXVWU3BLRVZ0UTdiZDFQY181MFFZa1lJblIzMDNnak9TNGE0TnBULXp4c3lHdFNWTUdEVUczY2hNR2J1c091bWVlS0ZRSm90aG93QlMtWkdkUmpJWHZqWE80TzdyTVZMNGtpaXJiREZsM1R3cktkUnZuODl4MUw0WGV4dVpfVEJqOExIdEh5YTh0LWxxVDkwaW5UbE82YzltMUI0TGRMWDZaTw?oc=5\" target=\"_blank\" rel=\"noopener\">Col\u00e8re agricole dans le Gers : \u00ab\u00a0On a pr\u00e9vu de se mobiliser \u00e0 nouveau la semaine prochaine\u00a0\u00bb assure le syndicat Jeunes agriculteurs<\/a>&nbsp;&nbsp;ladepeche.fr<\/li>\n<li><a href=\"https:\/\/news.google.com\/rss\/articles\/CBMiywFBVV95cUxPOU5PNDhibWdhZXdyUUsyZ3UyeWNRbW1wcWhSR3dvTGZCZ1RscGdSLUNaMXlnbkJqTWdfQkdHSWxEdUwtZGlCWENuUGdZVU1qR0VNZUdzVVljcTZBaXpqT1hZTXB0VFdiZHFsdFZYTlNmeUlaeHROMkp0bG1hNGQxYVNVc0hrU1lHMi11X2k4eEpSVUxJNnZudEpmMFNyZGNSOVQ3Nk1QcjlnbmJPaHF0emdFbTFSRGxjOFVzUGozUnFaNHRfVzV5MkdoQQ?oc=5\" target=\"_blank\" rel=\"noopener\">Carte. A63, M7, AP7\u2026 Quelles manifestations d&rsquo;agriculteurs \u00e0 la veille de ce week-end ?<\/a>&nbsp;&nbsp;Radio 107.7<\/li>\n<\/ol>\n","protected":false},"excerpt":{"rendered":"Col\u00e8re des agriculteurs sur l\u2019A63 : \u00e0 Bayonne, la gal\u00e8re des automobilistes et chauffeurs routiers&nbsp;&nbsp;Sud Ouest Col\u00e8re des&hellip;\n","protected":false},"author":2,"featured_media":655664,"comment_status":"","ping_status":"","sticky":false,"template":"","format":"standard","meta":{"footnotes":""},"categories":[4],"tags":[11,1011,27,12,25],"class_list":{"0":"post-655663","1":"post","2":"type-post","3":"status-publish","4":"format-standard","5":"has-post-thumbnail","7":"category-france","8":"tag-actualites","9":"tag-fr","10":"tag-france","11":"tag-news","12":"tag-republique-francaise"},"share_on_mastodon":{"url":"https:\/\/pubeurope.com\/@fr\/115875309433457890","error":""},"_links":{"self":[{"href":"https:\/\/www.europesays.com\/fr\/wp-json\/wp\/v2\/posts\/655663","targetHints":{"allow":["GET"]}}],"collection":[{"href":"https:\/\/www.europesays.com\/fr\/wp-json\/wp\/v2\/posts"}],"about":[{"href":"https:\/\/www.europesays.com\/fr\/wp-json\/wp\/v2\/types\/post"}],"author":[{"embeddable":true,"href":"https:\/\/www.europesays.com\/fr\/wp-json\/wp\/v2\/users\/2"}],"replies":[{"embeddable":true,"href":"https:\/\/www.europesays.com\/fr\/wp-json\/wp\/v2\/comments?post=655663"}],"version-history":[{"count":0,"href":"https:\/\/www.europesays.com\/fr\/wp-json\/wp\/v2\/posts\/655663\/revisions"}],"wp:featuredmedia":[{"embeddable":true,"href":"https:\/\/www.europesays.com\/fr\/wp-json\/wp\/v2\/media\/655664"}],"wp:attachment":[{"href":"https:\/\/www.europesays.com\/fr\/wp-json\/wp\/v2\/media?parent=655663"}],"wp:term":[{"taxonomy":"category","embeddable":true,"href":"https:\/\/www.europesays.com\/fr\/wp-json\/wp\/v2\/categories?post=655663"},{"taxonomy":"post_tag","embeddable":true,"href":"https:\/\/www.europesays.com\/fr\/wp-json\/wp\/v2\/tags?post=655663"}],"curies":[{"name":"wp","href":"https:\/\/api.w.org\/{rel}","templated":true}]}}