{"id":655681,"date":"2026-01-11T07:52:16","date_gmt":"2026-01-11T07:52:16","guid":{"rendered":"https:\/\/www.europesays.com\/fr\/655681\/"},"modified":"2026-01-11T07:52:16","modified_gmt":"2026-01-11T07:52:16","slug":"cest-mettre-un-prix-sur-la-vie-dun-animal-plus-de-17-000-personnes-sopposent-au-salon-du-chiot-et-du-chaton-pres-de-rennes","status":"publish","type":"post","link":"https:\/\/www.europesays.com\/fr\/655681\/","title":{"rendered":"\u00ab\u00a0C\u2019est mettre un prix sur la vie d\u2019un animal\u00a0\u00bb\u00a0: plus de 17\u00a0000 personnes s\u2019opposent au salon du chiot et du chaton pr\u00e8s de Rennes"},"content":{"rendered":"<p>Dans une soci\u00e9t\u00e9 de plus en plus sensible au bien-\u00eatre animal, les salons de vente d\u2019animaux peuvent susciter la pol\u00e9mique. L\u2019association Projet Animaux Zoopolis (PAZ) a lanc\u00e9 <a href=\"https:\/\/www.mesopinions.com\/petition\/animaux\/rennes-parc-expo-groupe-pigeault-stop\/274524\" target=\"_blank\" rel=\"noopener\">une p\u00e9tition contre la tenue du salon<\/a> \u00ab\u00a0Univers du chiot et du chaton\u00a0\u00bb les 17 et 18 janvier. D\u00e9j\u00e0 sign\u00e9e par plus de 17 000 personnes, elle demande au groupe Pigeault, propri\u00e9taire du parc des expositions de Rennes, de ne plus autoriser la tenue de salons animaliers. C\u2019est \u00ab mettre un prix sur la vie d\u2019un animal \u00bb, s\u2019indigne Amandine Sanvisens, cofondatrice de l\u2019association. Elle d\u00e9nonce le \u00ab business \u00bb des entreprises qui \u00ab se font de l\u2019argent sur le dos des animaux \u00bb. De son c\u00f4t\u00e9, Event\u2019s com, l\u2019entreprise organisatrice de l\u2019\u00e9v\u00e8nement, d\u00e9clare sur son site qu&rsquo; \u00ab aucun \u00e9levage condamn\u00e9 pour maltraitance ne peut \u00eatre accept\u00e9 \u00bb sur le salon.<\/p>\n<p>\u00ab Les refuges sont satur\u00e9s \u00bb<\/p>\n<p>Pourquoi acheter un animal d\u2019\u00e9levage, quand adopter un animal de compagnie est possible ? \u00ab Les refuges sont satur\u00e9s \u00bb, mart\u00e8le Amandine Sanvisens, indiquant que d\u2019innombrables chiens et chats sont d\u00e9j\u00e0 disponibles \u00e0 l\u2019adoption. \u00ab Ce genre de salon vient encourager les achats impulsifs, de la part de personnes qui ne comprennent pas forc\u00e9ment que c\u2019est une grande responsabilit\u00e9 d\u2019avoir un animal. \u00bb Elle le rappelle : \u00ab La France est le premier pays d\u2019Europe en termes d\u2019abandons \u00bb, avec environ 300 000 abandons chaque ann\u00e9e, dont 60 000 pendant l\u2019\u00e9t\u00e9, selon la SPA. Sur son site internet, Event\u2019s com se d\u00e9fend d\u2019encourager les abandons, explique sensibiliser les acheteurs sur ces th\u00e9matiques, et met en avant la libert\u00e9 de choix des personnes souhaitant adopter un animal de compagnie.<\/p>\n<p>Les municipales en vue<\/p>\n<p>Depuis pr\u00e8s d\u2019un an, l\u2019association PAZ <a href=\"https:\/\/www.letelegramme.fr\/morbihan\/vannes-56000\/lassociation-paz-deplore-la-tenue-de-deux-salons-animaliers-a-vannes-6907044.php\" target=\"_blank\" rel=\"noopener\">\u0153uvre au niveau national<\/a> pour interdire les salons de ventes et d\u2019exposition d\u2019animaux, en \u00e9crivant syst\u00e9matiquement aux organisateurs ou aux mairies, quand la manifestation se tient dans un lieu public. \u00c0 l\u2019occasion des \u00e9lections municipales, PAZ a \u00e9galement interpell\u00e9 les diff\u00e9rentes listes candidates des grandes villes sur ces probl\u00e9matiques. \u00c0 Rennes, elle est toujours dans l\u2019attente d\u2019une r\u00e9ponse.<\/p>\n","protected":false},"excerpt":{"rendered":"Dans une soci\u00e9t\u00e9 de plus en plus sensible au bien-\u00eatre animal, les salons de vente d\u2019animaux peuvent susciter&hellip;\n","protected":false},"author":2,"featured_media":655682,"comment_status":"","ping_status":"","sticky":false,"template":"","format":"standard","meta":{"footnotes":""},"categories":[2821],"tags":[1111,11,1867,829,1777,674,1011,27,848,12,584,25],"class_list":{"0":"post-655681","1":"post","2":"type-post","3":"status-publish","4":"format-standard","5":"has-post-thumbnail","7":"category-rennes","8":"tag-actu","9":"tag-actualites","10":"tag-animaux","11":"tag-bretagne","12":"tag-eu","13":"tag-europe","14":"tag-fr","15":"tag-france","16":"tag-ille-et-vilaine","17":"tag-news","18":"tag-rennes","19":"tag-republique-francaise"},"share_on_mastodon":{"url":"https:\/\/pubeurope.com\/@fr\/115875384133140642","error":""},"_links":{"self":[{"href":"https:\/\/www.europesays.com\/fr\/wp-json\/wp\/v2\/posts\/655681","targetHints":{"allow":["GET"]}}],"collection":[{"href":"https:\/\/www.europesays.com\/fr\/wp-json\/wp\/v2\/posts"}],"about":[{"href":"https:\/\/www.europesays.com\/fr\/wp-json\/wp\/v2\/types\/post"}],"author":[{"embeddable":true,"href":"https:\/\/www.europesays.com\/fr\/wp-json\/wp\/v2\/users\/2"}],"replies":[{"embeddable":true,"href":"https:\/\/www.europesays.com\/fr\/wp-json\/wp\/v2\/comments?post=655681"}],"version-history":[{"count":0,"href":"https:\/\/www.europesays.com\/fr\/wp-json\/wp\/v2\/posts\/655681\/revisions"}],"wp:featuredmedia":[{"embeddable":true,"href":"https:\/\/www.europesays.com\/fr\/wp-json\/wp\/v2\/media\/655682"}],"wp:attachment":[{"href":"https:\/\/www.europesays.com\/fr\/wp-json\/wp\/v2\/media?parent=655681"}],"wp:term":[{"taxonomy":"category","embeddable":true,"href":"https:\/\/www.europesays.com\/fr\/wp-json\/wp\/v2\/categories?post=655681"},{"taxonomy":"post_tag","embeddable":true,"href":"https:\/\/www.europesays.com\/fr\/wp-json\/wp\/v2\/tags?post=655681"}],"curies":[{"name":"wp","href":"https:\/\/api.w.org\/{rel}","templated":true}]}}