{"id":655702,"date":"2026-01-11T08:06:10","date_gmt":"2026-01-11T08:06:10","guid":{"rendered":"https:\/\/www.europesays.com\/fr\/655702\/"},"modified":"2026-01-11T08:06:10","modified_gmt":"2026-01-11T08:06:10","slug":"cest-tres-tendu-les-maternites-sous-surveillance","status":"publish","type":"post","link":"https:\/\/www.europesays.com\/fr\/655702\/","title":{"rendered":"\u00ab\u00a0C\u2019est tr\u00e8s tendu\u00a0\u00bb, les maternit\u00e9s sous surveillance"},"content":{"rendered":"<p>\u00ab\u00a0Maltraiter les soignants, c\u2019est maltraiter les patients.\u00a0\u00bb \u00c0 Paris, plusieurs milliers de m\u00e9decins lib\u00e9raux, en gr\u00e8ve depuis lundi ont d\u00e9fil\u00e9 samedi contre ce qu\u2019ils consid\u00e8rent comme une \u00ab\u00a0d\u00e9rive autoritaire\u00a0\u00bb de l\u2019\u00c9tat, mena\u00e7ant leur \u00ab\u00a0libert\u00e9 d\u2019exercice\u00a0\u00bb et appel\u00e9 le Premier ministre S\u00e9bastien Lecornu \u00e0 leur \u00ab\u00a0faire des propositions\u00a0\u00bb. Les praticiens sont particuli\u00e8rement remont\u00e9s contre la r\u00e9gulation pr\u00e9vue des arr\u00eats de travail (limit\u00e9s \u00e0 un mois en premi\u00e8re prescription, \u00e0 deux pour un renouvellement) et la possibilit\u00e9 donn\u00e9e au directeur de l\u2019Assurance maladie de fixer unilat\u00e9ralement des tarifs m\u00e9dicaux.<\/p>\n<p>Les organisations de m\u00e9decins lib\u00e9raux d\u00e9noncent le Projet de loi de financement de la S\u00e9curit\u00e9 sociale 2026. Selon elles, ce texte constituerait une \u00ab\u00a0rupture historique et une attaque in\u00e9dite\u00a0\u00bb contre la m\u00e9decine lib\u00e9rale, avec un risque d\u2019aggravation de l\u2019acc\u00e8s aux soins et la crainte que des millions de patients se retrouvent sans m\u00e9decin.<\/p>\n<p>Assurer la continuit\u00e9 des soins<\/p>\n<p>Sur le terrain, ce mouvement de gr\u00e8ve a d\u00e9j\u00e0 perturb\u00e9 l\u2019activit\u00e9 (-19% chez les g\u00e9n\u00e9ralistes, -12% chez les sp\u00e9cialistes, selon le minist\u00e8re de la Sant\u00e9, des chiffres toutefois jug\u00e9s \u00ab\u00a0pas repr\u00e9sentatifs\u00a0\u00bb, par les syndicats, rappelant que la gr\u00e8ve est souvent \u00ab\u00a0perl\u00e9e\u00a0\u00bb) mais il devrait conna\u00eetre un point d\u2019orgue en d\u00e9but de semaine prochaine, lorsque de nombreuses cliniques priv\u00e9es seront affect\u00e9es par des fermetures de blocs op\u00e9ratoires. Selon Lamine Gharbi, pr\u00e9sident de la F\u00e9d\u00e9ration de l\u2019hospitalisation priv\u00e9e (FHP), <a href=\"https:\/\/www.laprovence.com\/article\/sante\/83994939730244\/greve-des-medecins-liberaux-pas-de-necessite-de-requisitionner-dans-les-alpes-de-haute-provence\" target=\"_blank\" rel=\"noopener\">80% des 4\u00a0000 praticiens inscrits<\/a>\u00a0\u00e0 la \u00ab\u00a0permanence des soins en \u00e9tablissements de sant\u00e9\u00a0\u00bb (gardes) ont d\u00e9j\u00e0 \u00e9t\u00e9 \u00ab\u00a0r\u00e9quisitionn\u00e9s\u00a0\u00bb par les autorit\u00e9s pour maintenir un niveau d\u2019activit\u00e9 minimal en clinique. Cette mesure administrative exceptionnelle est d\u00e9cid\u00e9e par le pr\u00e9fet, en lien avec les agences r\u00e9gionales de sant\u00e9, et peut imposer \u00e0 un professionnel de sant\u00e9 d\u2019assurer une mission pr\u00e9cise, comme la continuit\u00e9 de la permanence des soins. Le refus d\u2019ex\u00e9cuter une r\u00e9quisition expose le praticien \u00e0 des sanctions p\u00e9nales et disciplinaires.<\/p>\n<p>89 r\u00e9quisitions dans les Bouches-du-Rh\u00f4ne<\/p>\n<p>\u00ab\u00a0Nous sommes tr\u00e8s attentifs au mouvement en cours\u00a0\u00bb, indiquait vendredi soir l\u2019Agence r\u00e9gionale de sant\u00e9 Provence-Alpes-C\u00f4te d&rsquo;Azur. Mais \u00e0 ce stade, \u00ab\u00a0les remont\u00e9es disponibles des \u00e9tablissements ne mettent pas en \u00e9vidence de report d\u2019activit\u00e9 vers les urgences hospitali\u00e8res et aucun service d\u2019urgence priv\u00e9 n\u2019a ferm\u00e9.\u00a0\u00bb Pour autant, 89 arr\u00eat\u00e9s pr\u00e9fectoraux de r\u00e9quisitions cibl\u00e9es avaient par exemple d\u00e9j\u00e0 \u00e9t\u00e9 pris rien que dans les Bouches-du-Rh\u00f4ne depuis lundi pour les m\u00e9decins lib\u00e9raux.<\/p>\n<p>Une \u00ab\u00a0attention particuli\u00e8re\u00a0\u00bb est \u00e9galement port\u00e9e aux maternit\u00e9s et \u00e0 la prise en charge des femmes enceintes, qui constituent \u00ab\u00a0une priorit\u00e9 absolue\u00a0\u00bb. En \u00ab\u00a0lien \u00e9troit avec les \u00e9tablissements de sant\u00e9 et les professionnels concern\u00e9s\u00a0\u00bb, l\u2019ARS Paca a, l\u00e0 encore, pris, \u00ab\u00a0lorsque c\u2019\u00e9tait n\u00e9cessaire\u00a0\u00bb, des mesures de r\u00e9quisition afin de <a href=\"https:\/\/www.laprovence.com\/article\/sante\/2787341929061715\/des-services-durgences-surcharges-a-cause-de-la-greve-des-medecins-en-provence\" target=\"_blank\" rel=\"noopener\">garantir la permanence des soins et la s\u00e9curit\u00e9<\/a> des accouchements. \u00ab\u00a0Les dispositifs sont suivis en temps r\u00e9el et adapt\u00e9s \u00e0 l\u2019\u00e9volution de la situation.\u00a0\u00bb<\/p>\n<p>\u00c0 Marseille, la grogne au sein d\u2019\u00e9tablissements comme l\u2019h\u00f4pital Saint-Joseph, les cliniques Bouchard et Beauregard a pu faire redouter un report de patients, notamment des femmes enceintes, sur les services de l\u2019AP-HM\u00a0: \u00ab\u00a0Nous n\u2019avons eu que quatre cas, sur la Conception et Nord\u00a0\u00bb, pr\u00e9cise toutefois la communication du CHU. Selon nos informations, \u00e0 l\u2019h\u00f4pital Saint-Joseph, l\u2019ensemble des m\u00e9decins, gr\u00e9vistes, de la maternit\u00e9, avaient \u00e9t\u00e9 r\u00e9quisitionn\u00e9s ce week-end. \u00ab\u00a0C\u2019est tr\u00e8s tendu, il y a beaucoup, beaucoup de flux\u00a0\u00bb, indiquait hier Gilles Briffaud, d\u00e9l\u00e9gu\u00e9 CGT.<\/p>\n","protected":false},"excerpt":{"rendered":"\u00ab\u00a0Maltraiter les soignants, c\u2019est maltraiter les patients.\u00a0\u00bb \u00c0 Paris, plusieurs milliers de m\u00e9decins lib\u00e9raux, en gr\u00e8ve depuis lundi&hellip;\n","protected":false},"author":2,"featured_media":655703,"comment_status":"","ping_status":"","sticky":false,"template":"","format":"standard","meta":{"footnotes":""},"categories":[2814],"tags":[5734,1111,11,2511,154,1777,674,1011,27,6151,75842,884,2673,12,882,25,104,65526,933],"class_list":{"0":"post-655702","1":"post","2":"type-post","3":"status-publish","4":"format-standard","5":"has-post-thumbnail","7":"category-marseille","8":"tag-5734","9":"tag-actu","10":"tag-actualites","11":"tag-cest","12":"tag-des","13":"tag-eu","14":"tag-europe","15":"tag-fr","16":"tag-france","17":"tag-greve","18":"tag-liberaux","19":"tag-marseille","20":"tag-medecins","21":"tag-news","22":"tag-provence-alpes-cote-dazur","23":"tag-republique-francaise","24":"tag-societe","25":"tag-tendu","26":"tag-tres"},"share_on_mastodon":{"url":"https:\/\/pubeurope.com\/@fr\/115875439154107060","error":""},"_links":{"self":[{"href":"https:\/\/www.europesays.com\/fr\/wp-json\/wp\/v2\/posts\/655702","targetHints":{"allow":["GET"]}}],"collection":[{"href":"https:\/\/www.europesays.com\/fr\/wp-json\/wp\/v2\/posts"}],"about":[{"href":"https:\/\/www.europesays.com\/fr\/wp-json\/wp\/v2\/types\/post"}],"author":[{"embeddable":true,"href":"https:\/\/www.europesays.com\/fr\/wp-json\/wp\/v2\/users\/2"}],"replies":[{"embeddable":true,"href":"https:\/\/www.europesays.com\/fr\/wp-json\/wp\/v2\/comments?post=655702"}],"version-history":[{"count":0,"href":"https:\/\/www.europesays.com\/fr\/wp-json\/wp\/v2\/posts\/655702\/revisions"}],"wp:featuredmedia":[{"embeddable":true,"href":"https:\/\/www.europesays.com\/fr\/wp-json\/wp\/v2\/media\/655703"}],"wp:attachment":[{"href":"https:\/\/www.europesays.com\/fr\/wp-json\/wp\/v2\/media?parent=655702"}],"wp:term":[{"taxonomy":"category","embeddable":true,"href":"https:\/\/www.europesays.com\/fr\/wp-json\/wp\/v2\/categories?post=655702"},{"taxonomy":"post_tag","embeddable":true,"href":"https:\/\/www.europesays.com\/fr\/wp-json\/wp\/v2\/tags?post=655702"}],"curies":[{"name":"wp","href":"https:\/\/api.w.org\/{rel}","templated":true}]}}