{"id":655707,"date":"2026-01-11T08:09:13","date_gmt":"2026-01-11T08:09:13","guid":{"rendered":"https:\/\/www.europesays.com\/fr\/655707\/"},"modified":"2026-01-11T08:09:13","modified_gmt":"2026-01-11T08:09:13","slug":"lyon-son-ex-lui-fait-vivre-un-enfer-depuis-la-prison-veronica-est-a-bout-je-pensais-etre-liberee","status":"publish","type":"post","link":"https:\/\/www.europesays.com\/fr\/655707\/","title":{"rendered":"Lyon. Son ex lui fait vivre un enfer depuis la prison, V\u00e9ronica est \u00e0 bout : \u00ab\u00a0Je pensais \u00eatre lib\u00e9r\u00e9e\u00a0\u00bb"},"content":{"rendered":"<p>                    Par<br \/>\n        <strong><br \/>\n            <a href=\"https:\/\/actu.fr\/auteur\/redaction-lyon\" title=\"Consulter tous les articles de R\u00e9daction Lyon\" target=\"_blank\" rel=\"noopener\">R\u00e9daction Lyon<\/a><br \/>\n                    <\/strong><\/p>\n<p>        Publi\u00e9 le<\/p>\n<p>            11 janv. 2026 \u00e0 7h42        <\/p>\n<p>\u00ab\u2009Ils feront leur enqu\u00eate quand je serai morte. Mais ce sera trop tard\u2009\u00bb, l\u00e2che-t-elle calmement, donnant la triste impression de s\u2019\u00eatre d\u00e9j\u00e0 pr\u00e9par\u00e9e psychologiquement \u00e0 ce sc\u00e9nario. Et pourtant, V\u00e9ronica continue de se battre.<br \/>Victime de violences conjugales, maman de trois enfants, cette jeune femme de 31\u00a0ans originaire de <a href=\"https:\/\/actu.fr\/auvergne-rhone-alpes\/chasse-sur-rhone_38087\" target=\"_blank\" rel=\"noopener\">Chasse-sur-Rh\u00f4ne<\/a>, \u00e0 c\u00f4t\u00e9 de <a href=\"https:\/\/actu.fr\/auvergne-rhone-alpes\/lyon_69123\" target=\"_blank\" rel=\"noopener\">Lyon<\/a>, continue de se faire harceler et menacer de mort <strong>par t\u00e9l\u00e9phone et sur les r\u00e9seaux sociaux<\/strong> par son ex-compagnon, pourtant incarc\u00e9r\u00e9 depuis fin 2024.<br \/>Indign\u00e9e, \u00e0 bout de forces, V\u00e9ronica t\u00e9moigne dans l\u2019espoir que son cauchemar s\u2019arr\u00eate.<\/p>\n<p>\u00ab\u2009\u00c0 partir de cet instant, \u00e7a n\u2019a fait qu\u2019empirer\u2009\u00bb<\/p>\n<p class=\" wall-content\">\u00ab\u2009Je pensais \u00eatre lib\u00e9r\u00e9e. Je pensais pouvoir recommencer \u00e0 respirer avec mes enfants. Mais en fait, \u00e0 partir de cet instant, \u00e7a n\u2019a fait qu\u2019empirer\u2009\u00bb, relate la jeune femme \u00e0 propos de la condamnation de son ex-compagnon, en octobre\u00a02024, \u00e0 <strong>14\u00a0mois d\u2019emprisonnement pour violences conjugales<\/strong> par le tribunal de Vienne (Is\u00e8re).<\/p>\n<p class=\" wall-content\">Au moment des faits, son ancien partenaire se trouve en fait en semi-libert\u00e9. D\u00e9j\u00e0 pass\u00e9 par la case prison pour des faits de vols avec violences et de conduite sans permis, ce dernier retourne ainsi vite d\u2019o\u00f9 il vient\u2009: le centre p\u00e9nitentiaire de <a href=\"https:\/\/actu.fr\/auvergne-rhone-alpes\/saint-quentin-fallavier_38449\" target=\"_blank\" rel=\"noopener\">Saint-Quentin-Fallavier.<\/a><\/p>\n<p>42\u00a0mois de prison en plus<\/p>\n<p class=\" wall-content\">Mais son enfermement ne permet pas de mettre un terme au calvaire de V\u00e9ronica. Bien au contraire. Rapidement, et comme de nombreux d\u00e9tenus, l\u2019homme r\u00e9ussi \u00e0 se procurer des t\u00e9l\u00e9phones. <strong>Insultes, menaces de mort, cyberharc\u00e8lement et m\u00eame piratage de comptes\u2026<\/strong> Tout y passe.<\/p>\n<blockquote class=\"ac-article-quote wall-content\">\n<p>Il m&rsquo;envoyait des messages tous les jours. M\u00eame lorsque je le bloquais, il recr\u00e9ait des faux comptes pour m&rsquo;\u00e9crire et me menacer de me faire du mal ou d&rsquo;envoyer quelqu&rsquo;un incendier mon v\u00e9hicule. Et en f\u00e9vrier 2025, ma voiture a \u00e9t\u00e9 br\u00fbl\u00e9e. Il me disait que j&rsquo;\u00e9tais surveill\u00e9e, que j&rsquo;avais la chance d&rsquo;avoir la petite (leur enfant en commun, ndlr) dans les bras, que c&rsquo;\u00e9tait mon bouclier. On a tent\u00e9 d&rsquo;incendier le domicile de ma s\u0153ur, aussi. Et puis il a fini par envoyer \u00e0 tout mon entourage des photos intimes de moi.<\/p>\n<p>    <strong>V\u00e9ronica<\/strong>\n            <\/p><\/blockquote>\n<p class=\" wall-content\">La jeune femme ne se laisse pas faire. Elle d\u00e9nonce, porte plainte \u00e0 plusieurs reprises et rapporte les moindres faits dont elle est victime. Au total, son ex-compagnon repasse deux fois devant la justice et \u00e9cope de 42\u00a0mois de prison en plus.<\/p>\n<p class=\" wall-content\">\u00ab\u2009Mais il a fait appel de sa deuxi\u00e8me condamnation et la cour a d\u00e9cid\u00e9 de lui enlever neuf mois, estimant qu\u2019il \u00e9tait trop difficile de le juger coupable d\u2019avoir diffus\u00e9 mes photos intimes. Je n\u2019ai pas compris. J\u2019avais pourtant assez de preuves. En fait \u00e7a veut dire qu\u2019il a pu partager mon corps comme \u00e7a sans \u00eatre puni\u2026\u2009\u00bb, sanglote V\u00e9ronica.<\/p>\n<p>Votre r\u00e9gion, votre actu !<\/p>\n<p>Recevez chaque jour les infos qui comptent pour vous.<\/p>\n<p>\t<a href=\"https:\/\/actu.fr\/newsletter\" class=\"ac-btn ac-btn--corner ac-btn--medium ac-btn--blue800\" target=\"_blank\" rel=\"noopener\">S&rsquo;incrire<\/a><br \/>\nDes \u00ab\u2009lives\u2009\u00bb sur les r\u00e9seaux sociaux pour salir son nom<\/p>\n<p class=\" wall-content\">Si les gendarmes r\u00e9alisent \u00e0 chaque fois un \u00ab\u2009travail tr\u00e8s s\u00e9rieux\u2009\u00bb et que la justice semble, malgr\u00e9 cette d\u00e9ception avec la cour d\u2019appel, suivre en ce sens et s\u2019occuper du dossier, l\u2019enfer de V\u00e9ronica ne cesse pas pour autant.<\/p>\n<p class=\" wall-content\">\u00ab\u2009J\u2019ai beau appeler la d\u00e9tention et le SPIP (Service p\u00e9nitentiaire d\u2019insertion et de probation), \u00e7a ne change rien. On me r\u00e9pond qu\u2019ils vont faire le n\u00e9cessaire, mais il continue de se procurer des t\u00e9l\u00e9phones\u2009\u00bb, affirme-t-elle.<\/p>\n<p class=\" wall-content\">Sur les r\u00e9seaux sociaux, son ex-compagnon s\u2019adonne \u00e9galement et <strong>en toute tranquillit\u00e9<\/strong> \u00e0 des \u00ab\u2009lives\u2009\u00bb depuis sa cellule pour salir le nom de la jeune femme.<\/p>\n<p>    <img   decoding=\"async\" loading=\"lazy\" src=\"https:\/\/www.europesays.com\/fr\/wp-content\/uploads\/2026\/01\/voiture-brulee-960x640.png\" alt=\"La voiture incendi\u00e9e de V\u00e9ronica.\" width=\"960\" height=\"640\"\/><br \/>\n    La voiture incendi\u00e9e de V\u00e9ronica. (\u00a9Document remis \u00e0 actu Lyon)<\/p>\n<p class=\" wall-content\">\u00ab\u2009Il raconte que je suis une escort, une prostitu\u00e9e, que je fais monter 25 hommes par soir chez moi devant mes enfants. Il dit qu\u2019il ne m\u2019a jamais frapp\u00e9e, qu\u2019il se bat pour sa fille (dont il a perdu l\u2019autorit\u00e9 parentale, ndlr). <strong>Il partage ma photo et mon adresse.<\/strong> J\u2019ai des personnes qui ont d\u00e9j\u00e0 sonn\u00e9 chez moi en pleine nuit.\u2009\u00bb<\/p>\n<p>\u00ab\u2009Mes enfants pensent qu\u2019on va me tuer \u00e0 tout moment\u2009\u00bb<\/p>\n<p class=\" wall-content\">V\u00e9ronica dit ainsi \u00eatre \u00ab\u2009indign\u00e9e\u2009\u00bb des conditions de d\u00e9tention de son agresseur et souhaite que l\u2019administration p\u00e9nitentiaire prenne ses responsabilit\u00e9s.<\/p>\n<blockquote class=\"ac-article-quote wall-content\">\n<p>Je me sens us\u00e9e psychologiquement. Je regarde toujours derri\u00e8re moi, mes enfants pensent qu&rsquo;on va me tuer \u00e0 tout moment&#8230; J&rsquo;ai l&rsquo;impression qu&rsquo;il n&rsquo;y a pas de solution, qu&rsquo;il n&rsquo;y a pas de fin. Ma voix, c&rsquo;est celle de toutes les femmes victimes de violences \u00e0 qui on a dit de saisir les outils, qu&rsquo;ils l&rsquo;ont fait, mais qui ne sont plus l\u00e0 pour en t\u00e9moigner.<\/p>\n<p>    <strong>V\u00e9ronica<\/strong>\n            <\/p><\/blockquote>\n<p>Des fouilles XXL dans les prisons fin 2025<\/p>\n<p class=\" wall-content\">Contact\u00e9e par notre r\u00e9daction, l\u2019administration p\u00e9nitentiaire assure \u00eatre \u00ab\u2009pleinement mobilis\u00e9e dans la lutte contre les t\u00e9l\u00e9phones portables en d\u00e9tention qui constitue un enjeu majeur de s\u00e9curit\u00e9 tant pour les personnels p\u00e9nitentiaires que pour la protection de la soci\u00e9t\u00e9 et des victimes\u2009\u00bb, mentionnant par ailleurs <a href=\"https:\/\/actu.fr\/societe\/zero-portable-en-prison-c-est-quoi-ce-nouveau-dispositif-qui-fait-la-guerre-aux-telephones-des-detenus_63472018.html\" target=\"_blank\" rel=\"noopener\">le r\u00e9cent dispositif \u00ab\u2009Z\u00e9ro portable en prison\u2009\u00bb de G\u00e9rald Darmanin<\/a>, qui a notamment constitu\u00e9 \u00e0 r\u00e9aliser <a href=\"https:\/\/actu.fr\/ile-de-france\/osny_95476\/val-dosie-fouille-xxl-dans-la-prison-47-telephones-et-de-la-drogue-trouves_63592605.html\" target=\"_blank\" rel=\"noopener\">des fouilles XXL<\/a> dans plusieurs maisons d\u2019arr\u00eats de France avec la d\u00e9couverte de <strong>1789 t\u00e9l\u00e9phones.<\/strong><\/p>\n<p class=\" wall-content\">Pour le moment <strong>incarc\u00e9r\u00e9 jusqu\u2019en 2029,<\/strong> l\u2019ex-compagnon de V\u00e9ronica doit encore compara\u00eetre devant la justice pour les faits de cyberharc\u00e8lement ce 12 janvier 2026. L\u2019enqu\u00eate pour la voiture incendi\u00e9e, elle, est toujours en cours.<\/p>\n<p>Les \u00e9l\u00e9ments transmis par l&rsquo;administration au sujet de l&rsquo;ex de V\u00e9ronica :<\/p>\n<p>\u00ab\u00a0Les agents p\u00e9nitentiaires ont proc\u00e9d\u00e9 \u00e0 plusieurs dizaines de fouilles de cellule de la personne d\u00e9tenue, lorsqu\u2019elle \u00e9tait incarc\u00e9r\u00e9e \u00e0 Saint-Quentin-Fallavier. Ces fouilles \u00e9taient r\u00e9alis\u00e9es syst\u00e9matiquement, d\u00e8s que les signalements \u00e9taient port\u00e9s \u00e0 la connaissance de l\u2019administration p\u00e9nitentiaire. Ces op\u00e9rations ont permis la d\u00e9couverte de divers objets prohib\u00e9s, notamment des t\u00e9l\u00e9phones portables. Dans ce cadre, la personne d\u00e9tenue a fait l\u2019objet de 16 comptes rendus d\u2019incident et a comparu \u00e0 6 reprises devant la commission de discipline, dont 5 fois en 2025.<\/p>\n<p>L\u2019ensemble de ces faits a \u00e9t\u00e9 syst\u00e9matiquement port\u00e9 \u00e0 la connaissance du parquet de Vienne, comp\u00e9tent pour appr\u00e9cier les suites p\u00e9nales \u00e0 donner aux saisies effectu\u00e9es. Des sanctions disciplinaires ont \u00e9galement \u00e9t\u00e9 prononc\u00e9es, comprenant 40 jours de cellule disciplinaire, ainsi que 2 mois de privation de cantine (moyen pour les d\u00e9tenus d\u2019effectuer des achats \u00e0 distance afin d\u2019agr\u00e9menter leur quotidien).<\/p>\n<p>Gr\u00e2ce \u00e0 la mobilisation conjointe de la direction interr\u00e9gionale des services p\u00e9nitentiaires de Lyon et du parquet de Vienne, le transfert de la personne d\u00e9tenue vers un autre \u00e9tablissement p\u00e9nitentiaire a pu \u00eatre r\u00e9alis\u00e9. Depuis son arriv\u00e9e dans ce nouvel \u00e9tablissement, la personne d\u00e9tenue fait l\u2019objet de fouilles r\u00e9guli\u00e8res, lesquelles ont permis la d\u00e9couverte de nouveaux objets prohib\u00e9s, notamment des t\u00e9l\u00e9phones portables. Ces faits donneront lieu \u00e0 une comparution prochaine devant la commission de discipline, au m\u00eame titre que des faits de violences verbales \u00e0 l\u2019encontre des personnels. Le parquet a, par ailleurs, \u00e9t\u00e9 imm\u00e9diatement inform\u00e9.\u00a0\u00bb<\/p>\n<p class=\" wall-content\">Personnalisez votre actualit\u00e9 en ajoutant vos villes et m\u00e9dias en favori avec <a href=\"https:\/\/moncompte.actu.fr\" title=\"D\u00e9couvez Mon Actu\" rel=\"nofollow noopener\" data-trk=\"{&quot;cta&quot;:{&quot;action&quot;:&quot;https:\\\/\\\/moncompte.actu.fr&quot;,&quot;category&quot;:&quot;mon compte&quot;,&quot;from&quot;:&quot;article footer&quot;,&quot;name&quot;:&quot;Mon actu&quot;,&quot;type&quot;:&quot;cta&quot;}}\" target=\"_blank\">Mon Actu<\/a>.<\/p>\n","protected":false},"excerpt":{"rendered":"Par R\u00e9daction Lyon Publi\u00e9 le 11 janv. 2026 \u00e0 7h42 \u00ab\u2009Ils feront leur enqu\u00eate quand je serai morte.&hellip;\n","protected":false},"author":2,"featured_media":655708,"comment_status":"","ping_status":"","sticky":false,"template":"","format":"standard","meta":{"footnotes":""},"categories":[1889],"tags":[1111,11,2430,1777,674,1011,27,2428,12,899,25,104,240,798],"class_list":{"0":"post-655707","1":"post","2":"type-post","3":"status-publish","4":"format-standard","5":"has-post-thumbnail","7":"category-lyon","8":"tag-actu","9":"tag-actualites","10":"tag-auvergne-rhone-alpes","11":"tag-eu","12":"tag-europe","13":"tag-fr","14":"tag-france","15":"tag-lyon","16":"tag-news","17":"tag-prisons","18":"tag-republique-francaise","19":"tag-societe","20":"tag-temoignage","21":"tag-violences-conjugales"},"share_on_mastodon":{"url":"https:\/\/pubeurope.com\/@fr\/115875450957257822","error":""},"_links":{"self":[{"href":"https:\/\/www.europesays.com\/fr\/wp-json\/wp\/v2\/posts\/655707","targetHints":{"allow":["GET"]}}],"collection":[{"href":"https:\/\/www.europesays.com\/fr\/wp-json\/wp\/v2\/posts"}],"about":[{"href":"https:\/\/www.europesays.com\/fr\/wp-json\/wp\/v2\/types\/post"}],"author":[{"embeddable":true,"href":"https:\/\/www.europesays.com\/fr\/wp-json\/wp\/v2\/users\/2"}],"replies":[{"embeddable":true,"href":"https:\/\/www.europesays.com\/fr\/wp-json\/wp\/v2\/comments?post=655707"}],"version-history":[{"count":0,"href":"https:\/\/www.europesays.com\/fr\/wp-json\/wp\/v2\/posts\/655707\/revisions"}],"wp:featuredmedia":[{"embeddable":true,"href":"https:\/\/www.europesays.com\/fr\/wp-json\/wp\/v2\/media\/655708"}],"wp:attachment":[{"href":"https:\/\/www.europesays.com\/fr\/wp-json\/wp\/v2\/media?parent=655707"}],"wp:term":[{"taxonomy":"category","embeddable":true,"href":"https:\/\/www.europesays.com\/fr\/wp-json\/wp\/v2\/categories?post=655707"},{"taxonomy":"post_tag","embeddable":true,"href":"https:\/\/www.europesays.com\/fr\/wp-json\/wp\/v2\/tags?post=655707"}],"curies":[{"name":"wp","href":"https:\/\/api.w.org\/{rel}","templated":true}]}}