{"id":655711,"date":"2026-01-11T08:12:09","date_gmt":"2026-01-11T08:12:09","guid":{"rendered":"https:\/\/www.europesays.com\/fr\/655711\/"},"modified":"2026-01-11T08:12:09","modified_gmt":"2026-01-11T08:12:09","slug":"le-rer-c-en-partie-interrompu-plusieurs-heures-en-raison-dune-peniche-en-souffrance","status":"publish","type":"post","link":"https:\/\/www.europesays.com\/fr\/655711\/","title":{"rendered":"le RER C en partie interrompu plusieurs heures en raison d&rsquo;une p\u00e9niche en souffrance"},"content":{"rendered":"<p>                    Par<br \/>\n        <strong><br \/>\n            <a href=\"https:\/\/actu.fr\/auteur\/redaction-paris\" title=\"Consulter tous les articles de R\u00e9daction Paris\" target=\"_blank\" rel=\"noopener\">R\u00e9daction Paris<\/a><br \/>\n                    <\/strong><\/p>\n<p>        Publi\u00e9 le<\/p>\n<p>            11 janv. 2026 \u00e0 9h06        <\/p>\n<p>Un bateau en <strong>souffrance<\/strong> et des cons\u00e9quences dans les <a href=\"https:\/\/actu.fr\/tag\/transport\" target=\"_blank\" rel=\"noopener\">transports<\/a>. Selon <a href=\"https:\/\/www.leparisien.fr\/paris-75\/paris-une-peniche-amarree-durgence-sous-le-pont-rouelle-en-raison-dune-avarie-moteur-10-01-2026-YISNLL7AQJEKTC7O3XUIIGSO2Q.php\" target=\"_blank\" rel=\"noopener\">Le Parisien<\/a>, une p\u00e9niche a \u00e9t\u00e9 amarr\u00e9e en urgence sous le <strong>pont Rouelle<\/strong>, dans le 15e arrondissement de <a href=\"https:\/\/actu.fr\/paris\/\" target=\"_blank\" rel=\"noopener\">Paris<\/a>, en fin d\u2019apr\u00e8s-midi, samedi 10\u00a0janvier 2026, en raison d\u2019une <strong>avarie<\/strong> affectant son moteur. Contact\u00e9e par actu Paris, la pr\u00e9fecture de Police, charg\u00e9e de la brigade fluviale de la Seine, n\u2019a pas encore r\u00e9pondu \u00e0 nos sollicitations.<\/p>\n<p>Le trafic a repris \u00e0 21\u00a0heures<\/p>\n<p class=\" wall-content\">D\u2019apr\u00e8s le quotidien, aucun passager ne figurait dans la p\u00e9niche au moment des faits survenus vers 17\u00a0heures. Mais l\u2019incident, qui s\u2019est d\u00e9roul\u00e9 sous un pont ferroviaire sur lequel circulent des trains du <a href=\"https:\/\/actu.fr\/ile-de-france\/paris_75056\/c-est-de-la-haute-couture-sur-le-rer-c-a-paris-les-challenges-sans-fin-des-travaux-castor-de-la-sncf_62952952.html\" target=\"_blank\" rel=\"noopener\">RER C<\/a>, a provoqu\u00e9 des <strong>perturbations<\/strong>, comme l\u2019a fait savoir la SNCF sur X. \u00ab\u2009Un incident affecte la voie dans le secteur de Champ de Mars et Avenue du Pr\u00e9sident Kennedy\u2009\u00bb, a \u00e9crit la compagnie ferroviaire.<\/p>\n<p class=\" wall-content\">\n<p class=\" wall-content\">Le trafic a ainsi \u00e9t\u00e9 interrompu jusqu\u2019\u00e0 21h10, avant de reprendre. Les incidents affectant des bateaux commerciaux peuvent parfois provoquer de s\u00e9rieux probl\u00e8mes. Le 2 septembre 2023, deux p\u00e9niches \u00e9taient entr\u00e9es en <a href=\"https:\/\/actu.fr\/ile-de-france\/paris_75056\/paris-collision-entre-deux-bateaux-de-croisieres-sur-la-seine-le-diner-tourne-mal_60036273.html\" target=\"_blank\" rel=\"noopener\">collision<\/a> \u00e0 l\u2019extr\u00e9mit\u00e9 de l\u2019\u00eele aux Cygnes, entre le 15e et le 16e arrondissement. <strong>16\u00a0personnes<\/strong> avaient \u00e9t\u00e9 bless\u00e9es.<\/p>\n<p class=\" wall-content\">Personnalisez votre actualit\u00e9 en ajoutant vos villes et m\u00e9dias en favori avec <a href=\"https:\/\/moncompte.actu.fr\" title=\"D\u00e9couvez Mon Actu\" rel=\"nofollow noopener\" data-trk=\"{&quot;cta&quot;:{&quot;action&quot;:&quot;https:\\\/\\\/moncompte.actu.fr&quot;,&quot;category&quot;:&quot;mon compte&quot;,&quot;from&quot;:&quot;article footer&quot;,&quot;name&quot;:&quot;Mon actu&quot;,&quot;type&quot;:&quot;cta&quot;}}\" target=\"_blank\">Mon Actu<\/a>.<\/p>\n","protected":false},"excerpt":{"rendered":"Par R\u00e9daction Paris Publi\u00e9 le 11 janv. 2026 \u00e0 9h06 Un bateau en souffrance et des cons\u00e9quences dans&hellip;\n","protected":false},"author":2,"featured_media":655712,"comment_status":"","ping_status":"","sticky":false,"template":"","format":"standard","meta":{"footnotes":""},"categories":[1888],"tags":[1111,1928,11,1927,1777,674,1011,27,5353,12,1926,626,1925,25,6561,104,2803],"class_list":{"0":"post-655711","1":"post","2":"type-post","3":"status-publish","4":"format-standard","5":"has-post-thumbnail","7":"category-paris","8":"tag-actu","9":"tag-actu-paris","10":"tag-actualites","11":"tag-actualites-paris","12":"tag-eu","13":"tag-europe","14":"tag-fr","15":"tag-france","16":"tag-la-seine","17":"tag-news","18":"tag-news-paris","19":"tag-paris","20":"tag-paris-news","21":"tag-republique-francaise","22":"tag-rer-c","23":"tag-societe","24":"tag-transport"},"share_on_mastodon":{"url":"https:\/\/pubeurope.com\/@fr\/115875462768745604","error":""},"_links":{"self":[{"href":"https:\/\/www.europesays.com\/fr\/wp-json\/wp\/v2\/posts\/655711","targetHints":{"allow":["GET"]}}],"collection":[{"href":"https:\/\/www.europesays.com\/fr\/wp-json\/wp\/v2\/posts"}],"about":[{"href":"https:\/\/www.europesays.com\/fr\/wp-json\/wp\/v2\/types\/post"}],"author":[{"embeddable":true,"href":"https:\/\/www.europesays.com\/fr\/wp-json\/wp\/v2\/users\/2"}],"replies":[{"embeddable":true,"href":"https:\/\/www.europesays.com\/fr\/wp-json\/wp\/v2\/comments?post=655711"}],"version-history":[{"count":0,"href":"https:\/\/www.europesays.com\/fr\/wp-json\/wp\/v2\/posts\/655711\/revisions"}],"wp:featuredmedia":[{"embeddable":true,"href":"https:\/\/www.europesays.com\/fr\/wp-json\/wp\/v2\/media\/655712"}],"wp:attachment":[{"href":"https:\/\/www.europesays.com\/fr\/wp-json\/wp\/v2\/media?parent=655711"}],"wp:term":[{"taxonomy":"category","embeddable":true,"href":"https:\/\/www.europesays.com\/fr\/wp-json\/wp\/v2\/categories?post=655711"},{"taxonomy":"post_tag","embeddable":true,"href":"https:\/\/www.europesays.com\/fr\/wp-json\/wp\/v2\/tags?post=655711"}],"curies":[{"name":"wp","href":"https:\/\/api.w.org\/{rel}","templated":true}]}}