{"id":655715,"date":"2026-01-11T08:14:19","date_gmt":"2026-01-11T08:14:19","guid":{"rendered":"https:\/\/www.europesays.com\/fr\/655715\/"},"modified":"2026-01-11T08:14:19","modified_gmt":"2026-01-11T08:14:19","slug":"le-long-combat-dun-fils-contre-la-ville-de-paris-apres-la-cremation-de-sa-mere-juive","status":"publish","type":"post","link":"https:\/\/www.europesays.com\/fr\/655715\/","title":{"rendered":"Le long combat d&rsquo;un fils contre la Ville de Paris apr\u00e8s la cr\u00e9mation de sa m\u00e8re juive"},"content":{"rendered":"<p>                    Par<br \/>\n        <strong><br \/>\n            <a href=\"https:\/\/actu.fr\/auteur\/redaction-paris\" title=\"Consulter tous les articles de R\u00e9daction Paris\" target=\"_blank\" rel=\"noopener\">R\u00e9daction Paris<\/a><br \/>\n                    <\/strong><\/p>\n<p>        Publi\u00e9 le<\/p>\n<p>            10 janv. 2026 \u00e0 7h50        <\/p>\n<p>Tout commence en 2012, dans la discr\u00e9tion du <a href=\"https:\/\/actu.fr\/ile-de-france\/ivry-sur-seine_94041\/ce-cimetiere-du-val-de-marne-a-accueilli-pendant-des-annees-des-locataires-peu-ordinaires_60435150.html\" target=\"_blank\" rel=\"noopener\">cimeti\u00e8re parisien situ\u00e9 \u00e0 Thiais<\/a> (Val-de-Marne). Antoinette X, survivante de la Shoah, meurt \u00e0 Paris. Faute de concession fun\u00e9raire acquise, elle est inhum\u00e9e dans le \u00ab terrain commun \u00bb du cimeti\u00e8re municipal, comme le pr\u00e9voit un arr\u00eat\u00e9 de la <a href=\"https:\/\/actu.fr\/tag\/mairie-de-paris\" target=\"_blank\" rel=\"noopener\">Ville de Paris<\/a>. Une s\u00e9pulture gratuite, limit\u00e9e dans le temps : cinq ans non renouvelables. \u00c0 l\u2019issue de ce d\u00e9lai, la proc\u00e9dure est claire. Les caveaux appartenant \u00e0 la Ville peuvent \u00eatre repris et, en l\u2019absence d\u2019opposition connue ou attest\u00e9e du d\u00e9funt, les restes exhum\u00e9s peuvent \u00eatre incin\u00e9r\u00e9s. C\u2019est ce qui est fait. La d\u00e9cision est prise par la maire de Paris de l\u2019\u00e9poque, <a href=\"https:\/\/actu.fr\/tag\/anne-hidalgo\" target=\"_blank\" rel=\"noopener\">Anne Hidalgo<\/a>, sur la base du code g\u00e9n\u00e9ral des collectivit\u00e9s territoriales. Pour Michel X, le fils d\u2019Antoinette, le choc est immense.<\/p>\n<p>La religion juive proscrit la cr\u00e9mation<\/p>\n<p class=\" wall-content\">Il affirme n\u2019avoir jamais \u00e9t\u00e9 inform\u00e9 de la <a href=\"https:\/\/actu.fr\/societe\/pres-de-la-moitie-des-rites-funeraires-la-cremation-va-t-elle-bientot-depasser-l-inhumation_63353721.html\" target=\"_blank\" rel=\"noopener\">cr\u00e9mation<\/a> et soutient que sa m\u00e8re s\u2019y serait oppos\u00e9e de son vivant, sa religion juive proscrivant cette pratique. Sur la st\u00e8le fun\u00e9raire figurait, selon lui, une \u00e9toile de David, signe explicite de cette appartenance religieuse. Il parle d\u2019un \u00ab grave pr\u00e9judice moral \u00bb et r\u00e9clame un million d\u2019euros \u00e0 la Ville de Paris.<\/p>\n<p class=\" wall-content\">L\u2019affaire prend le chemin de la justice administrative. En premi\u00e8re instance, le <a href=\"https:\/\/actu.fr\/tag\/tribunal-administratif-de-paris\" target=\"_blank\" rel=\"noopener\">tribunal administratif de Paris<\/a> lui donne partiellement raison et condamne la Ville \u00e0 lui verser 5 000 euros. Mais en d\u00e9cembre 2023, la cour administrative d\u2019appel <a href=\"https:\/\/actu.fr\/ile-de-france\/thiais_94073\/sa-mere-est-incineree-contre-sa-volonte-il-attaque-la-ville-de-paris_60665979.html\" target=\"_blank\" rel=\"noopener\">annule cette d\u00e9cision<\/a> et \u00e9carte toute faute de la collectivit\u00e9.<\/p>\n<p class=\" wall-content\">Michel X ne d\u00e9sarme pas. Il saisit le <a href=\"https:\/\/actu.fr\/tag\/conseil-d-etat\" target=\"_blank\" rel=\"noopener\">Conseil d\u2019\u00c9tat<\/a> et soul\u00e8ve une question prioritaire de constitutionnalit\u00e9 (QPC). En octobre 2024, le <a href=\"https:\/\/actu.fr\/politique\/conseil-constitutionnel-a-quoi-sert-cette-institution-dont-la-presidence-est-si-strategique_62237344.html\" target=\"_blank\" rel=\"noopener\">Conseil constitutionnel<\/a> lui donne partiellement raison sur le principe : les dispositions permettant la cr\u00e9mation \u00ab en l\u2019absence d\u2019opposition connue ou attest\u00e9e du d\u00e9funt \u00bb sont jug\u00e9es contraires \u00e0 la Constitution, car elles ne pr\u00e9voient pas d\u2019obligation d\u2019information des proches susceptibles de faire valoir une opposition.<\/p>\n<p>Pas de faute de la Ville de Paris selon le Conseil d\u2019Etat<\/p>\n<p class=\" wall-content\">Mais cette d\u00e9cision a ses limites. L\u2019abrogation du texte est diff\u00e9r\u00e9e au 31 d\u00e9cembre 2025 et, surtout, elle ne s\u2019applique pas aux mesures prises avant sa publication.<\/p>\n<p class=\" wall-content\">Dans un arr\u00eat rendu public le 17 octobre 2025, le Conseil d\u2019\u00c9tat en tire les cons\u00e9quences. La haute juridiction estime que la Ville de Paris n\u2019a pas commis de faute au regard du droit alors en vigueur. Elle consid\u00e8re notamment que la seule pr\u00e9sence d\u2019une \u00e9toile de David sur une st\u00e8le ne suffisait pas \u00e0 \u00e9tablir une opposition formelle et attest\u00e9e \u00e0 la cr\u00e9mation, m\u00eame si ce symbole pouvait t\u00e9moigner de la religion de la d\u00e9funte.<\/p>\n<p class=\" wall-content\">Le pourvoi est rejet\u00e9. Apr\u00e8s plus de dix ans de proc\u00e9dures, le combat judiciaire de Michel X s\u2019ach\u00e8ve sans indemnisation.\u00a0<\/p>\n<p class=\" wall-content\"><strong>GF\/PressPepper<\/strong><\/p>\n<p class=\" wall-content\">Personnalisez votre actualit\u00e9 en ajoutant vos villes et m\u00e9dias en favori avec <a href=\"https:\/\/moncompte.actu.fr\" title=\"D\u00e9couvez Mon Actu\" rel=\"nofollow noopener\" data-trk=\"{&quot;cta&quot;:{&quot;action&quot;:&quot;https:\\\/\\\/moncompte.actu.fr&quot;,&quot;category&quot;:&quot;mon compte&quot;,&quot;from&quot;:&quot;article footer&quot;,&quot;name&quot;:&quot;Mon actu&quot;,&quot;type&quot;:&quot;cta&quot;}}\" target=\"_blank\">Mon Actu<\/a>.<\/p>\n","protected":false},"excerpt":{"rendered":"Par R\u00e9daction Paris Publi\u00e9 le 10 janv. 2026 \u00e0 7h50 Tout commence en 2012, dans la discr\u00e9tion du&hellip;\n","protected":false},"author":2,"featured_media":655716,"comment_status":"","ping_status":"","sticky":false,"template":"","format":"standard","meta":{"footnotes":""},"categories":[1888],"tags":[11,2760,1777,674,1011,27,2381,12,626,4020,25,104],"class_list":{"0":"post-655715","1":"post","2":"type-post","3":"status-publish","4":"format-standard","5":"has-post-thumbnail","7":"category-paris","8":"tag-actualites","9":"tag-conseil-detat","10":"tag-eu","11":"tag-europe","12":"tag-fr","13":"tag-france","14":"tag-mairie-de-paris","15":"tag-news","16":"tag-paris","17":"tag-religion","18":"tag-republique-francaise","19":"tag-societe"},"share_on_mastodon":{"url":"https:\/\/pubeurope.com\/@fr\/115875470673968966","error":""},"_links":{"self":[{"href":"https:\/\/www.europesays.com\/fr\/wp-json\/wp\/v2\/posts\/655715","targetHints":{"allow":["GET"]}}],"collection":[{"href":"https:\/\/www.europesays.com\/fr\/wp-json\/wp\/v2\/posts"}],"about":[{"href":"https:\/\/www.europesays.com\/fr\/wp-json\/wp\/v2\/types\/post"}],"author":[{"embeddable":true,"href":"https:\/\/www.europesays.com\/fr\/wp-json\/wp\/v2\/users\/2"}],"replies":[{"embeddable":true,"href":"https:\/\/www.europesays.com\/fr\/wp-json\/wp\/v2\/comments?post=655715"}],"version-history":[{"count":0,"href":"https:\/\/www.europesays.com\/fr\/wp-json\/wp\/v2\/posts\/655715\/revisions"}],"wp:featuredmedia":[{"embeddable":true,"href":"https:\/\/www.europesays.com\/fr\/wp-json\/wp\/v2\/media\/655716"}],"wp:attachment":[{"href":"https:\/\/www.europesays.com\/fr\/wp-json\/wp\/v2\/media?parent=655715"}],"wp:term":[{"taxonomy":"category","embeddable":true,"href":"https:\/\/www.europesays.com\/fr\/wp-json\/wp\/v2\/categories?post=655715"},{"taxonomy":"post_tag","embeddable":true,"href":"https:\/\/www.europesays.com\/fr\/wp-json\/wp\/v2\/tags?post=655715"}],"curies":[{"name":"wp","href":"https:\/\/api.w.org\/{rel}","templated":true}]}}