{"id":655717,"date":"2026-01-11T08:15:10","date_gmt":"2026-01-11T08:15:10","guid":{"rendered":"https:\/\/www.europesays.com\/fr\/655717\/"},"modified":"2026-01-11T08:15:10","modified_gmt":"2026-01-11T08:15:10","slug":"un-appartement-unique-a-vendre-dans-un-des-immeubles-art-deco-les-plus-emblematiques","status":"publish","type":"post","link":"https:\/\/www.europesays.com\/fr\/655717\/","title":{"rendered":"un appartement unique \u00e0 vendre dans un des immeubles Art d\u00e9co les plus embl\u00e9matiques"},"content":{"rendered":"<p>                    Par<br \/>\n        <strong><br \/>\n            <a href=\"https:\/\/actu.fr\/auteur\/thomas-martin\" title=\"Consulter tous les articles de Thomas Martin\" target=\"_blank\" rel=\"noopener\">Thomas Martin<\/a><br \/>\n                    <\/strong><\/p>\n<p>        Publi\u00e9 le<\/p>\n<p>            11 janv. 2026 \u00e0 7h38        <\/p>\n<p>Un <strong>appartement de plus de 300 m\u00b2<\/strong> est actuellement \u00e0 vendre dans l\u2019un des \u00e9difices les plus singuliers de Paris : l\u2019immeuble \u00e0 gradins <strong>Art d\u00e9co<\/strong>, situ\u00e9 26 rue Vavin dans le 6\u1d49 arrondissement de Paris. Ce b\u00e2timent embl\u00e9matique, imagin\u00e9 par les architectes Henri Sauvage (1873-1932) et Charles Sarazin (1873-1950), est class\u00e9 <strong>Monument historique<\/strong>, refl\u00e9tant l\u2019importance de son architecture dans le <a href=\"https:\/\/actu.fr\/tag\/patrimoine\" target=\"_blank\" rel=\"noopener\">patrimoine<\/a> de la capitale.\u00a0<\/p>\n<p>Un style pr\u00e9curseur<\/p>\n<p class=\" wall-content\">L\u2019immeuble, de six niveaux, dans lequel se situe l\u2019appartement, a \u00e9t\u00e9 construit entre 1912 et 1914 dans un style pr\u00e9curseur : celui de l\u2019Art d\u00e9co naissant. Son syst\u00e8me de fa\u00e7ades en gradins, brevet\u00e9 par les deux architectes, maximise l\u2019ensoleillement, la ventilation naturelle et offre \u00e0 chaque niveau des terrasses privatives destin\u00e9es \u00e0 am\u00e9liorer le confort des r\u00e9sidents, r\u00e9ponse directe aux pr\u00e9occupations sanitaires de l\u2019\u00e9poque.<\/p>\n<p class=\" wall-content\">Les chambres de bonnes ne sont alors pas rel\u00e9gu\u00e9es au dernier \u00e9tage mais int\u00e9gr\u00e9es \u00e0 chaque logement. La structure du b\u00e2timent est en b\u00e9ton arm\u00e9, chaque niveau supportant l\u2019\u00e9tage sup\u00e9rieur. La fa\u00e7ade est rev\u00eatue de carreaux en fa\u00efence blanche et bleue, similaires \u00e0 ceux utilis\u00e9s dans le m\u00e9tro parisien.\u00a0<\/p>\n<p class=\" wall-content\">L\u2019immeuble a accueilli le tournage de deux films. Dans le sulfureux Dernier Tango \u00e0 Paris, l\u2019amante de Marlon Brando, incarn\u00e9e par Maria Schneider, habite dans l\u2019immeuble. Les derni\u00e8res sc\u00e8nes du film y sont tourn\u00e9es.<\/p>\n<p class=\" wall-content\">Dans Le Solitaire, le commissaire Stan Jalard, alias Jean-Paul Belmondo, y r\u00e9side.<\/p>\n<p>Un immense espace de r\u00e9ception<\/p>\n<p class=\" wall-content\">Propos\u00e9e \u00e0 4, 49 millions d\u2019euros, cette propri\u00e9t\u00e9, propos\u00e9e \u00e0 la vente sur le site <a href=\"https:\/\/www.architecturedecollection.fr\/produit\/appartement-immeuble-a-gradins-art-deco-henri-sauvage-charles-sarazin\/\" target=\"_blank\" rel=\"noopener\">Architecture &amp; Collection<\/a>, est l\u2019un des appartements les plus vastes et prestigieux du b\u00e2timent, compos\u00e9 de trois chambres et deux salles de bain.\u00a0<\/p>\n<p>Votre r\u00e9gion, votre actu !<\/p>\n<p>Recevez chaque jour les infos qui comptent pour vous.<\/p>\n<p>\t<a href=\"https:\/\/actu.fr\/newsletter\" class=\"ac-btn ac-btn--corner ac-btn--medium ac-btn--blue800\" target=\"_blank\" rel=\"noopener\">S&rsquo;incrire<\/a><\/p>\n<p class=\" wall-content\">L\u2019appartement, situ\u00e9 \u00e0 proximit\u00e9 du Jardin du Luxembourg, s\u2019ouvre sur une vaste galerie d\u2019entr\u00e9e qui dessert un espace de r\u00e9ception de 160 m\u00b2 particuli\u00e8rement lumineux gr\u00e2ce \u00e0 une hauteur sous plafond d\u2019environ 3 m\u00e8tres.\u00a0<\/p>\n<p>    <img   decoding=\"async\" loading=\"lazy\" src=\"https:\/\/www.europesays.com\/fr\/wp-content\/uploads\/2026\/01\/appartement-henri-sauvage-paris-16-960x640.jpg\" alt=\"Une galerie d\u2019entr\u00e9e ouvre sur un espace de r\u00e9ception de 160 m\u00b2\" width=\"960\" height=\"640\"\/><br \/>\n    Une galerie d\u2019entr\u00e9e ouvre sur un espace de r\u00e9ception de 160 m\u00b2 (\u00a9Architecture &amp; Collection)<\/p>\n<p class=\" wall-content\">Un bien qui s\u2019adresse aux amateurs d\u2019architecture, aux collectionneurs de patrimoine immobilier et \u00e0 ceux qui recherchent une adresse d\u2019exception \u00e0 Paris.<\/p>\n<p class=\" wall-content\">Personnalisez votre actualit\u00e9 en ajoutant vos villes et m\u00e9dias en favori avec <a href=\"https:\/\/moncompte.actu.fr\" title=\"D\u00e9couvez Mon Actu\" rel=\"nofollow noopener\" data-trk=\"{&quot;cta&quot;:{&quot;action&quot;:&quot;https:\\\/\\\/moncompte.actu.fr&quot;,&quot;category&quot;:&quot;mon compte&quot;,&quot;from&quot;:&quot;article footer&quot;,&quot;name&quot;:&quot;Mon actu&quot;,&quot;type&quot;:&quot;cta&quot;}}\" target=\"_blank\">Mon Actu<\/a>.<\/p>\n","protected":false},"excerpt":{"rendered":"Par Thomas Martin Publi\u00e9 le 11 janv. 2026 \u00e0 7h38 Un appartement de plus de 300 m\u00b2 est&hellip;\n","protected":false},"author":2,"featured_media":655718,"comment_status":"","ping_status":"","sticky":false,"template":"","format":"standard","meta":{"footnotes":""},"categories":[1888],"tags":[11,1777,674,1011,27,1116,12,626,2551,25,104],"class_list":{"0":"post-655717","1":"post","2":"type-post","3":"status-publish","4":"format-standard","5":"has-post-thumbnail","7":"category-paris","8":"tag-actualites","9":"tag-eu","10":"tag-europe","11":"tag-fr","12":"tag-france","13":"tag-immobilier","14":"tag-news","15":"tag-paris","16":"tag-patrimoine","17":"tag-republique-francaise","18":"tag-societe"},"share_on_mastodon":{"url":"https:\/\/pubeurope.com\/@fr\/115875474649908049","error":""},"_links":{"self":[{"href":"https:\/\/www.europesays.com\/fr\/wp-json\/wp\/v2\/posts\/655717","targetHints":{"allow":["GET"]}}],"collection":[{"href":"https:\/\/www.europesays.com\/fr\/wp-json\/wp\/v2\/posts"}],"about":[{"href":"https:\/\/www.europesays.com\/fr\/wp-json\/wp\/v2\/types\/post"}],"author":[{"embeddable":true,"href":"https:\/\/www.europesays.com\/fr\/wp-json\/wp\/v2\/users\/2"}],"replies":[{"embeddable":true,"href":"https:\/\/www.europesays.com\/fr\/wp-json\/wp\/v2\/comments?post=655717"}],"version-history":[{"count":0,"href":"https:\/\/www.europesays.com\/fr\/wp-json\/wp\/v2\/posts\/655717\/revisions"}],"wp:featuredmedia":[{"embeddable":true,"href":"https:\/\/www.europesays.com\/fr\/wp-json\/wp\/v2\/media\/655718"}],"wp:attachment":[{"href":"https:\/\/www.europesays.com\/fr\/wp-json\/wp\/v2\/media?parent=655717"}],"wp:term":[{"taxonomy":"category","embeddable":true,"href":"https:\/\/www.europesays.com\/fr\/wp-json\/wp\/v2\/categories?post=655717"},{"taxonomy":"post_tag","embeddable":true,"href":"https:\/\/www.europesays.com\/fr\/wp-json\/wp\/v2\/tags?post=655717"}],"curies":[{"name":"wp","href":"https:\/\/api.w.org\/{rel}","templated":true}]}}