{"id":655719,"date":"2026-01-11T08:16:12","date_gmt":"2026-01-11T08:16:12","guid":{"rendered":"https:\/\/www.europesays.com\/fr\/655719\/"},"modified":"2026-01-11T08:16:12","modified_gmt":"2026-01-11T08:16:12","slug":"direct-guerre-en-ukraine-un-accord-bientot-signe-entre-kiev-et-les-etats-unis-et-kiev-pour-reconstruire-le-pays-apres-le-conflit","status":"publish","type":"post","link":"https:\/\/www.europesays.com\/fr\/655719\/","title":{"rendered":"DIRECT. Guerre en Ukraine\u00a0: un accord bient\u00f4t sign\u00e9 entre Kiev et les \u00c9tats-Unis et Kiev pour reconstruire le pays apr\u00e8s le conflit"},"content":{"rendered":"<p>07h20.L&rsquo;Ukraine attaque un d\u00e9p\u00f4t de p\u00e9trole russe<\/p>\n<p class=\"live-post__amorce\">Un incendie s&rsquo;est d\u00e9clar\u00e9 dans un d\u00e9p\u00f4t de p\u00e9trole russe, dans le sud de la r\u00e9gion de Volgograd. Une attaque de drone ukrainien est \u00e0 l&rsquo;origine de l&rsquo;attaque, selon le gouverneur r\u00e9gional. L&rsquo;attaque n&rsquo;a pas fait de bless\u00e9 mais des riverains ont \u00e9t\u00e9 \u00e9vacu\u00e9s, a-t-il dit sur  <a href=\"https:\/\/t.me\/volgograd_24\/38772\" target=\"_blank\" rel=\"noopener noreferrer nofollow\" class=\"\">Telegram<\/a> . L&rsquo;arm\u00e9e de l&rsquo;air ukrainienne confirme une s\u00e9rie de frappes nocturnes et d\u00e9crit ce d\u00e9p\u00f4t p\u00e9trolier comme un maillon essentiel du ravitaillement en carburant des troupes russes.<\/p>\n<p>07h01.Un accord bient\u00f4t sign\u00e9 entre les Etats-Unis et Kiev pour le reconstruction de l&rsquo;Ukraine<\/p>\n<p class=\"live-post__amorce\">Selon le quotidien britannique  <a href=\"https:\/\/www.telegraph.co.uk\/world-news\/2026\/01\/09\/us-ukraine-sign-800bn-reconstruction-deal-trump-zelensky\/\" target=\"_blank\" rel=\"noopener noreferrer nofollow\" class=\"\">The Telegraph<\/a> , Donald Trump et Volodymyr Zelensky vont finaliser un accord \u00e9conomique pour la reconstruction de l&rsquo;Ukraine quand la guerre sera termin\u00e9e. Ce \u00ab\u00a0Plan de prosp\u00e9rit\u00e9 \u00e9conomique\u00a0\u00bb permettra aux Am\u00e9ricains d&rsquo;utiliser les ressources naturelles ukrainiennes en \u00e9change de garanties de s\u00e9curit\u00e9 am\u00e9ricaines. La reconstruction de l&rsquo;Ukraine est estim\u00e9e \u00e0 800 milliards de dollars sur 10 ans. L&rsquo;accord serait sign\u00e9 au Forum \u00e9conomique de Davos en Suisse entre le 19 et le 23 janvier.<\/p>\n<p>07h00.Bienvenue dans notre direct<\/p>\n<p class=\"live-post__amorce\">Suivez l&rsquo;actualit\u00e9 de la guerre en Ukraine, en direct, ce dimanche 11 janvier 2026.<\/p>\n","protected":false},"excerpt":{"rendered":"07h20.L&rsquo;Ukraine attaque un d\u00e9p\u00f4t de p\u00e9trole russe Un incendie s&rsquo;est d\u00e9clar\u00e9 dans un d\u00e9p\u00f4t de p\u00e9trole russe, dans&hellip;\n","protected":false},"author":2,"featured_media":655720,"comment_status":"","ping_status":"","sticky":false,"template":"","format":"standard","meta":{"footnotes":""},"categories":[1591],"tags":[11,1887,329,131,14,12,1885,1886,132],"class_list":{"0":"post-655719","1":"post","2":"type-post","3":"status-publish","4":"format-standard","5":"has-post-thumbnail","7":"category-russie","8":"tag-actualites","9":"tag-federation-de-russie","10":"tag-france-monde","11":"tag-guerre-en-ukraine","12":"tag-international","13":"tag-news","14":"tag-russia","15":"tag-russian-federation","16":"tag-russie"},"share_on_mastodon":{"url":"https:\/\/pubeurope.com\/@fr\/115875478563843899","error":""},"_links":{"self":[{"href":"https:\/\/www.europesays.com\/fr\/wp-json\/wp\/v2\/posts\/655719","targetHints":{"allow":["GET"]}}],"collection":[{"href":"https:\/\/www.europesays.com\/fr\/wp-json\/wp\/v2\/posts"}],"about":[{"href":"https:\/\/www.europesays.com\/fr\/wp-json\/wp\/v2\/types\/post"}],"author":[{"embeddable":true,"href":"https:\/\/www.europesays.com\/fr\/wp-json\/wp\/v2\/users\/2"}],"replies":[{"embeddable":true,"href":"https:\/\/www.europesays.com\/fr\/wp-json\/wp\/v2\/comments?post=655719"}],"version-history":[{"count":0,"href":"https:\/\/www.europesays.com\/fr\/wp-json\/wp\/v2\/posts\/655719\/revisions"}],"wp:featuredmedia":[{"embeddable":true,"href":"https:\/\/www.europesays.com\/fr\/wp-json\/wp\/v2\/media\/655720"}],"wp:attachment":[{"href":"https:\/\/www.europesays.com\/fr\/wp-json\/wp\/v2\/media?parent=655719"}],"wp:term":[{"taxonomy":"category","embeddable":true,"href":"https:\/\/www.europesays.com\/fr\/wp-json\/wp\/v2\/categories?post=655719"},{"taxonomy":"post_tag","embeddable":true,"href":"https:\/\/www.europesays.com\/fr\/wp-json\/wp\/v2\/tags?post=655719"}],"curies":[{"name":"wp","href":"https:\/\/api.w.org\/{rel}","templated":true}]}}