{"id":655725,"date":"2026-01-11T08:19:34","date_gmt":"2026-01-11T08:19:34","guid":{"rendered":"https:\/\/www.europesays.com\/fr\/655725\/"},"modified":"2026-01-11T08:19:34","modified_gmt":"2026-01-11T08:19:34","slug":"tempete-goretti-des-centaines-de-milliers-de-foyers-prives-delectricite-en-france-et-au-royaume-uni","status":"publish","type":"post","link":"https:\/\/www.europesays.com\/fr\/655725\/","title":{"rendered":"Temp\u00eate Goretti : Des Centaines De Milliers De Foyers Priv\u00e9s D\u2019\u00e9lectricit\u00e9 En France Et Au Royaume-Uni"},"content":{"rendered":"<p class=\"\" data-is=\"component-paragraph\">De violentes rafales de vent ont frapp\u00e9 vendredi le nord de l\u2019Europe avec le passage de la temp\u00eate Goretti, provoquant d\u2019importantes perturbations en France et au Royaume-Uni, o\u00f9 des centaines de milliers de foyers se sont retrouv\u00e9s sans \u00e9lectricit\u00e9.<\/p>\n<p class=\"\" data-is=\"component-paragraph\">En France, environ 380 000 foyers ont \u00e9t\u00e9 priv\u00e9s de courant, principalement en Normandie et en Bretagne, selon le gestionnaire du r\u00e9seau de distribution Enedis. Les r\u00e9gions du nord-ouest ont \u00e9t\u00e9 particuli\u00e8rement touch\u00e9es, avec des rafales d\u00e9passant les 150 km\/h dans le d\u00e9partement de la Manche. Un record de 213 km\/h a m\u00eame \u00e9t\u00e9 enregistr\u00e9 \u00e0 Barfleur, sur le littoral normand.<\/p>\n<p class=\"\" data-is=\"component-paragraph\">Les intemp\u00e9ries ont \u00e9galement perturb\u00e9 les transports. La SNCF a suspendu plusieurs liaisons ferroviaires entre Paris et la Normandie, invoquant des conditions m\u00e9t\u00e9orologiques dangereuses et des chutes d\u2019arbres sur les voies. Les autorit\u00e9s ont appel\u00e9 \u00e0 la prudence et recommand\u00e9 de limiter les d\u00e9placements dans les zones les plus expos\u00e9es.<\/p>\n<p class=\"\" data-is=\"component-paragraph\">Au Royaume-Uni, la temp\u00eate Goretti a touch\u00e9 un pays d\u00e9j\u00e0 fragilis\u00e9 par une semaine de froid intense. Selon le gestionnaire du r\u00e9seau \u00e9lectrique national, environ 57 000 foyers \u00e9taient priv\u00e9s d\u2019\u00e9lectricit\u00e9 vendredi. Les chutes de neige et les vents violents ont particuli\u00e8rement affect\u00e9 l\u2019\u00c9cosse et certaines r\u00e9gions du centre de l\u2019Angleterre.<\/p>\n<p class=\"\" data-is=\"component-paragraph\">Des centaines d\u2019\u00e9coles devraient rester ferm\u00e9es en \u00c9cosse et dans plusieurs comt\u00e9s anglais. Les op\u00e9rateurs ferroviaires ont mis en garde les usagers et suspendu certains services, appelant la population \u00e0 \u00e9viter les d\u00e9placements non essentiels.<\/p>\n<p class=\"\" data-is=\"component-paragraph\">Les services m\u00e9t\u00e9orologiques des deux pays ont averti que des conditions difficiles pourraient persister, tandis que les \u00e9quipes d\u2019intervention restent mobilis\u00e9es pour r\u00e9tablir l\u2019\u00e9lectricit\u00e9 et s\u00e9curiser les infrastructures.<\/p>\n","protected":false},"excerpt":{"rendered":"De violentes rafales de vent ont frapp\u00e9 vendredi le nord de l\u2019Europe avec le passage de la temp\u00eate&hellip;\n","protected":false},"author":2,"featured_media":655726,"comment_status":"","ping_status":"","sticky":false,"template":"","format":"standard","meta":{"footnotes":""},"categories":[1588],"tags":[11,1777,674,12,473,1853,1851,1850,1852],"class_list":{"0":"post-655725","1":"post","2":"type-post","3":"status-publish","4":"format-standard","5":"has-post-thumbnail","7":"category-royaume-uni","8":"tag-actualites","9":"tag-eu","10":"tag-europe","11":"tag-news","12":"tag-royaume-uni","13":"tag-royaume-uni-de-grande-bretagne-et-dirlande-du-nord","14":"tag-uk","15":"tag-united-kingdom","16":"tag-united-kingdom-of-great-britain-and-northern-ireland"},"share_on_mastodon":{"url":"https:\/\/pubeurope.com\/@fr\/115875490564456080","error":""},"_links":{"self":[{"href":"https:\/\/www.europesays.com\/fr\/wp-json\/wp\/v2\/posts\/655725","targetHints":{"allow":["GET"]}}],"collection":[{"href":"https:\/\/www.europesays.com\/fr\/wp-json\/wp\/v2\/posts"}],"about":[{"href":"https:\/\/www.europesays.com\/fr\/wp-json\/wp\/v2\/types\/post"}],"author":[{"embeddable":true,"href":"https:\/\/www.europesays.com\/fr\/wp-json\/wp\/v2\/users\/2"}],"replies":[{"embeddable":true,"href":"https:\/\/www.europesays.com\/fr\/wp-json\/wp\/v2\/comments?post=655725"}],"version-history":[{"count":0,"href":"https:\/\/www.europesays.com\/fr\/wp-json\/wp\/v2\/posts\/655725\/revisions"}],"wp:featuredmedia":[{"embeddable":true,"href":"https:\/\/www.europesays.com\/fr\/wp-json\/wp\/v2\/media\/655726"}],"wp:attachment":[{"href":"https:\/\/www.europesays.com\/fr\/wp-json\/wp\/v2\/media?parent=655725"}],"wp:term":[{"taxonomy":"category","embeddable":true,"href":"https:\/\/www.europesays.com\/fr\/wp-json\/wp\/v2\/categories?post=655725"},{"taxonomy":"post_tag","embeddable":true,"href":"https:\/\/www.europesays.com\/fr\/wp-json\/wp\/v2\/tags?post=655725"}],"curies":[{"name":"wp","href":"https:\/\/api.w.org\/{rel}","templated":true}]}}