{"id":655727,"date":"2026-01-11T08:20:16","date_gmt":"2026-01-11T08:20:16","guid":{"rendered":"https:\/\/www.europesays.com\/fr\/655727\/"},"modified":"2026-01-11T08:20:16","modified_gmt":"2026-01-11T08:20:16","slug":"bilan-mitige-pour-les-energies-renouvelables-en-allemagne-en-2025","status":"publish","type":"post","link":"https:\/\/www.europesays.com\/fr\/655727\/","title":{"rendered":"Bilan mitig\u00e9 pour les \u00e9nergies renouvelables en Allemagne en 2025"},"content":{"rendered":"<p><a href=\"https:\/\/cdn.revolution-energetique.com\/uploads\/2026\/01\/solaire-eolien-allemagne-elxeneize.jpg\" data-sub-html=\"Illustration : Elxeneize.\" class=\"gallery-image\" target=\"_blank\" rel=\"noopener\"><img alt=\"\" data-content=\"image\" fetchpriority=\"high\" width=\"1200\" height=\"800\" decoding=\"async\" data-nimg=\"1\" class=\"max-w-full rounded-xl\" style=\"color:transparent\"  src=\"https:\/\/www.europesays.com\/fr\/wp-content\/uploads\/2026\/01\/solaire-eolien-allemagne-elxeneize.jpg\"\/><\/a>Illustration : Elxeneize.<\/p>\n<p class=\"font-display text-xl font-semibold leading-7 md:text-2xl md:leading-8\" data-content=\"paragraph\" data-block=\"chapo\">En 2025, l\u2019Allemagne a produit plus de 50 % de son \u00e9lectricit\u00e9 \u00e0 partir de sources renouvelables. Mais le chiffre n\u2019est pas tout \u00e0 fait satisfaisant. Voici pourquoi.<\/p>\n<p class=\"block-paragraph font-body text-foreground-text-primary mb-3 text-base leading-6 md:text-lg md:leading-7\" data-content=\"paragraph\" data-block=\"paragraph\">D\u00e9but janvier, c\u2019est l\u2019heure des bilans. Et le secteur de l\u2019\u00e9nergie n\u2019\u00e9chappe pas \u00e0 la r\u00e8gle. Aujourd\u2019hui, c\u2019est plus exactement la Federal Network Agency (BNetzA) et le Fraunhofer Institute for Solar Energy Systems (ISE) qui livrent leurs chiffres concernant la production d\u2019\u00e9lectricit\u00e9 en Allemagne.<\/p>\n<p class=\"block-paragraph font-body text-foreground-text-primary mb-3 text-base leading-6 md:text-lg md:leading-7\" data-content=\"paragraph\" data-block=\"paragraph\">En 2025 \u2014 selon des chiffres qui n\u2019incluent pas forc\u00e9ment l\u2019autoconsommation solaire tr\u00e8s pr\u00e9sente outre-Rhin \u2014, le pays a produit entre 55,5 et 58,8 % de son \u00e9lectricit\u00e9 \u00e0 partir de sources renouvelables. En t\u00eate, <a href=\"https:\/\/www.revolution-energetique.com\/actus\/sans-subventions-personne-ne-veut-construire-ces-parcs-eoliens-en-mer-en-allemagne\/\" class=\"linkInArticle\" target=\"_blank\" rel=\"noopener\">l\u2019\u00e9nergie \u00e9olienne<\/a> qui, m\u00eame si elle affiche un l\u00e9ger recul pour cause de vents d\u00e9favorables, reste la principale source de production d\u2019\u00e9lectricit\u00e9 en Allemagne. Environ 132 t\u00e9rawattheures (TWh) \u00e0 r\u00e9partir entre 106 TWh d\u2019\u00e9olien terrestre et 26 TWh d\u2019\u00e9olien en mer.<\/p>\n<p class=\"block-paragraph font-body text-foreground-text-primary mb-3 text-base leading-6 md:text-lg md:leading-7\" data-content=\"paragraph\" data-block=\"paragraph\">Le solaire photovolta\u00efque a quant \u00e0 lui produit quelque 87 TWh d\u2019\u00e9lectricit\u00e9, dont presque 17 TWh en autoconsommation. Une production en hausse de plus de 20 % par rapport \u00e0 2024. Et qui d\u00e9passe pour la toute premi\u00e8re fois celle obtenue dans le pays <a href=\"https:\/\/www.revolution-energetique.com\/actus\/finalement-lallemagne-nabandonnerait-pas-le-charbon-en-2030\/\" class=\"linkInArticle\" target=\"_blank\" rel=\"noopener\">\u00e0 partir de lignite.<\/a><\/p>\n<p class=\"block-paragraph font-body text-foreground-text-primary mb-3 text-base leading-6 md:text-lg md:leading-7\" data-content=\"paragraph\" data-block=\"paragraph\">L\u2019Allemagne a aussi g\u00e9n\u00e9r\u00e9 plus de 41 TWh d\u2019\u00e9lectricit\u00e9 \u00e0 partir de biomasse et un peu moins de 18 TWh d\u2019hydro\u00e9lectricit\u00e9. Cette derni\u00e8re ayant \u00e9t\u00e9 mise en difficult\u00e9 par des pr\u00e9cipitations largement inf\u00e9rieures \u00e0 la moyenne.<\/p>\n<p><a href=\"https:\/\/www.revolution-energetique.com\/actus\/relancer-lenergie-nucleaire-en-allemagne-pourquoi-ce-nest-plus-une-idee-farfelue\/\" class=\"border-border-light group relative mb-5 flex flex-col rounded-lg border p-3 pt-5 md:p-6\" data-block=\"readMoreBlock\" data-content=\"paragraph\" target=\"_blank\" rel=\"noopener\">\u00c0 lire aussiRelancer l\u2019\u00e9nergie nucl\u00e9aire en Allemagne : pourquoi ce n\u2019est plus une id\u00e9e farfelue<\/a><br \/>\nDes renouvelables bien pr\u00e9sentes, mais qui doivent s\u2019imposer plus<\/p>\n<p class=\"block-paragraph font-body text-foreground-text-primary mb-3 text-base leading-6 md:text-lg md:leading-7\" data-content=\"paragraph\" data-block=\"paragraph\">Au total, donc, ce ne sont pas moins de 278\u00a0TWh d\u2019\u00e9lectricit\u00e9 renouvelable qui ont \u00e9t\u00e9 produits dans le pays en 2025. Soit 6\u00a0TWh de plus que l\u2019ann\u00e9e d\u2019avant. Le bilan reste bien inf\u00e9rieur \u00e0 l\u2019objectif fix\u00e9 pour l\u2019ann\u00e9e de 346\u00a0TWh. \u00c0 peine en hausse par rapport \u00e0 2024 o\u00f9 les renouvelables avaient d\u00e9j\u00e0 compt\u00e9 pour 58,5\u00a0% du <a href=\"https:\/\/www.revolution-energetique.com\/actus\/hydrogene-gaz-nucleaire-comment-lallemagne-est-en-train-de-rater-sa-transition-energetique\/\" class=\"linkInArticle\" target=\"_blank\" rel=\"noopener\">mix \u00e9lectrique allemand<\/a>. Alors m\u00eame que la cible \u00e0 atteindre est de 80\u00a0% d\u2019ici 2030.<\/p>\n<p class=\"block-paragraph font-body text-foreground-text-primary mb-3 text-base leading-6 md:text-lg md:leading-7\" data-content=\"paragraph\" data-block=\"paragraph\">Ce ralentissement s\u2019explique par des objectifs d\u2019installation de nouvelles capacit\u00e9s \u00e9oliennes et solaires qui n\u2019ont pas non plus \u00e9t\u00e9 atteints\u00a0: 68\u00a0gigawatts (GW) d\u2019\u00e9olien install\u00e9 en 2025 contre un objectif de 76,5\u00a0GW et 16\u00a0GW contre 22\u00a0GW pour le solaire.<\/p>\n<p><a href=\"https:\/\/www.revolution-energetique.com\/fiches-pedagogiques\/lallemagne-a-t-elle-foire-sa-transition-energetique\/\" class=\"border-border-light group relative mb-5 flex flex-col rounded-lg border p-3 pt-5 md:p-6\" data-block=\"readMoreBlock\" data-content=\"paragraph\" target=\"_blank\" rel=\"noopener\">\u00c0 lire aussiL\u2019Allemagne a-t-elle foir\u00e9 sa transition \u00e9nerg\u00e9tique ?<\/a><br \/>\nUn effet quasi nul sur les \u00e9missions de CO<\/p>\n<p class=\"block-paragraph font-body text-foreground-text-primary mb-3 text-base leading-6 md:text-lg md:leading-7\" data-content=\"paragraph\" data-block=\"paragraph\">Du c\u00f4t\u00e9 des \u00e9nergies fossiles, le Fraunhofer Institute for Solar Energy Systems rapporte une certaine stabilit\u00e9. Car si la production \u00e0 partir du tr\u00e8s polluant lignite a recul\u00e9 de plus de 5 %, celle <a href=\"https:\/\/www.revolution-energetique.com\/actus\/ces-dizaines-de-centrales-a-gaz-fossile-que-lallemagne-va-construire\/\" class=\"linkInArticle\" target=\"_blank\" rel=\"noopener\">\u00e0 partir de gaz<\/a> a augment\u00e9 d\u2019\u00e0 peine plus. La production d\u2019\u00e9lectricit\u00e9 \u00e0 partir de charbon n\u2019a que l\u00e9g\u00e8rement progress\u00e9. R\u00e9sultat, les \u00e9missions de dioxyde de carbone (CO\u2082) du secteur de la production d\u2019\u00e9lectricit\u00e9 dans le pays sont rest\u00e9es \u00e0 peu pr\u00e8s constantes. De l\u2019ordre de 160\u00a0millions de tonnes. Ce qui reste 58\u00a0% de moins qu\u2019au d\u00e9but de la collecte des donn\u00e9es en 1990.<\/p>\n<p class=\"block-paragraph font-body text-foreground-text-primary mb-3 text-base leading-6 md:text-lg md:leading-7\" data-content=\"paragraph\" data-block=\"paragraph\">Dernier constat\u00a0: l\u2019<a href=\"https:\/\/www.revolution-energetique.com\/actus\/500-gw-de-batteries-en-attente-de-raccordement-pourquoi-lallemagne-est-en-plein-delire\/\" class=\"linkInArticle\" target=\"_blank\" rel=\"noopener\">explosion du stockage par batterie<\/a>. Les capacit\u00e9s ont augment\u00e9 de pas moins de 60\u00a0%, profitant d\u2019une baisse des co\u00fbts et de fortes fluctuations des prix de l\u2019\u00e9lectricit\u00e9. L\u2019Allemagne dispose d\u00e9sormais d\u2019une capacit\u00e9 de stockage par batterie \u2014 essentiellement domestique \u2014 de l\u2019ordre de 25\u00a0GWh. Le Fraunhofer Institute for Solar Energy Systems estime les besoins du pays \u00e0 quelque chose entre 100 et 170\u00a0GWh d\u2019ici 2030.<\/p>\n<p class=\"mb-2 font-display text-sm text-foreground-text-tertiary\">La suite de votre contenu apr\u00e8s cette annonce<\/p>\n<p class=\"mb-2 font-display text-sm text-foreground-text-tertiary\">La suite de votre contenu apr\u00e8s cette annonce<\/p>\n","protected":false},"excerpt":{"rendered":"Illustration : Elxeneize. En 2025, l\u2019Allemagne a produit plus de 50 % de son \u00e9lectricit\u00e9 \u00e0 partir de&hellip;\n","protected":false},"author":2,"featured_media":655728,"comment_status":"","ping_status":"","sticky":false,"template":"","format":"standard","meta":{"footnotes":""},"categories":[1587],"tags":[11,672,1804,1805,1803,1777,674,1801,12,1802],"class_list":{"0":"post-655727","1":"post","2":"type-post","3":"status-publish","4":"format-standard","5":"has-post-thumbnail","7":"category-allemagne","8":"tag-actualites","9":"tag-allemagne","10":"tag-bundesrepublik-deutschland","11":"tag-de","12":"tag-deutschland","13":"tag-eu","14":"tag-europe","15":"tag-germany","16":"tag-news","17":"tag-republique-federale-dallemagne"},"share_on_mastodon":{"url":"https:\/\/pubeurope.com\/@fr\/115875494277550949","error":""},"_links":{"self":[{"href":"https:\/\/www.europesays.com\/fr\/wp-json\/wp\/v2\/posts\/655727","targetHints":{"allow":["GET"]}}],"collection":[{"href":"https:\/\/www.europesays.com\/fr\/wp-json\/wp\/v2\/posts"}],"about":[{"href":"https:\/\/www.europesays.com\/fr\/wp-json\/wp\/v2\/types\/post"}],"author":[{"embeddable":true,"href":"https:\/\/www.europesays.com\/fr\/wp-json\/wp\/v2\/users\/2"}],"replies":[{"embeddable":true,"href":"https:\/\/www.europesays.com\/fr\/wp-json\/wp\/v2\/comments?post=655727"}],"version-history":[{"count":0,"href":"https:\/\/www.europesays.com\/fr\/wp-json\/wp\/v2\/posts\/655727\/revisions"}],"wp:featuredmedia":[{"embeddable":true,"href":"https:\/\/www.europesays.com\/fr\/wp-json\/wp\/v2\/media\/655728"}],"wp:attachment":[{"href":"https:\/\/www.europesays.com\/fr\/wp-json\/wp\/v2\/media?parent=655727"}],"wp:term":[{"taxonomy":"category","embeddable":true,"href":"https:\/\/www.europesays.com\/fr\/wp-json\/wp\/v2\/categories?post=655727"},{"taxonomy":"post_tag","embeddable":true,"href":"https:\/\/www.europesays.com\/fr\/wp-json\/wp\/v2\/tags?post=655727"}],"curies":[{"name":"wp","href":"https:\/\/api.w.org\/{rel}","templated":true}]}}