{"id":655729,"date":"2026-01-11T08:21:14","date_gmt":"2026-01-11T08:21:14","guid":{"rendered":"https:\/\/www.europesays.com\/fr\/655729\/"},"modified":"2026-01-11T08:21:14","modified_gmt":"2026-01-11T08:21:14","slug":"la-nba-europe-va-aider-a-developper-le-basket-sur-le-sol-europeen","status":"publish","type":"post","link":"https:\/\/www.europesays.com\/fr\/655729\/","title":{"rendered":"la\u00a0NBA Europe\u00a0va aider \u00e0 d\u00e9velopper le basket sur le sol europ\u00e9en"},"content":{"rendered":"<p>David Rivers a gagn\u00e9 l&rsquo;Euroleague en 1997 avec l&rsquo;Olympiakos, mais aussi le championnat de France deux ans plut\u00f4t avec l&rsquo;Olympique d&rsquo;Antibes apr\u00e8s avoir \u00e9t\u00e9 la doublure de Magic Johnson aux Los Angeles Lakers. L&rsquo;occasion \u00e9tait belle pour <a href=\"https:\/\/www.nicematin.com\/sports\/basket\/nba-europe-wembanyama-monaco-et-reconversion-l-ancien-des-sharks-david-rivers-decrypte-l-avenir-du-basket-et-devoile-ses-nouveaux-defis-10663871?ref=basketeurope.com\" rel=\"noreferrer noopener\" target=\"_blank\">Nice Matin<\/a> de lui demander son avis sur la future NBA Europe.<\/p>\n<blockquote><p>\u00ab\u00a0Je n\u2019ai aucun doute sur le fait que la\u00a0NBA Europe\u00a0va aider \u00e0 d\u00e9velopper le basket sur le sol europ\u00e9en de mani\u00e8re tr\u00e8s importante,\u00a0\u00bb estime t-il. \u00ab\u00a0Je pense, connaissant la NBA, la fa\u00e7on dont ils font le business, qu\u2019\u00e0 la fin de la journ\u00e9e, ils engageront l\u2019Euroleague dans le processus, au m\u00eame titre que la\u00a0FIBA, et essaieront d\u2019unifier la carte du basket. Cela arrivera. Dans quel d\u00e9lai\u00a0? L\u00e0 est la question. Cela prendra un certain temps. Mais l\u2019int\u00e9r\u00eat que va apporter la NBA est consid\u00e9rable. Je pense que leur plan, in fine, est de faire affronter en comp\u00e9tition des \u00e9quipes de la NBA avec des \u00e9quipes de la NBA Europe. \u00c0 100 %, cela va arriver. Ils feront rejouer Nikola Jokic \u00e0 la maison, Victor Wenbanyama \u00e0 Paris, toutes ces choses-l\u00e0&#8230;\u00a0\u00bb<\/p><\/blockquote>\n","protected":false},"excerpt":{"rendered":"David Rivers a gagn\u00e9 l&rsquo;Euroleague en 1997 avec l&rsquo;Olympiakos, mais aussi le championnat de France deux ans plut\u00f4t&hellip;\n","protected":false},"author":2,"featured_media":655730,"comment_status":"","ping_status":"","sticky":false,"template":"","format":"standard","meta":{"footnotes":""},"categories":[1586],"tags":[11,1777,674,1011,27,12,25],"class_list":{"0":"post-655729","1":"post","2":"type-post","3":"status-publish","4":"format-standard","5":"has-post-thumbnail","7":"category-europe","8":"tag-actualites","9":"tag-eu","10":"tag-europe","11":"tag-fr","12":"tag-france","13":"tag-news","14":"tag-republique-francaise"},"share_on_mastodon":{"url":"https:\/\/pubeurope.com\/@fr\/115875498185945104","error":""},"_links":{"self":[{"href":"https:\/\/www.europesays.com\/fr\/wp-json\/wp\/v2\/posts\/655729","targetHints":{"allow":["GET"]}}],"collection":[{"href":"https:\/\/www.europesays.com\/fr\/wp-json\/wp\/v2\/posts"}],"about":[{"href":"https:\/\/www.europesays.com\/fr\/wp-json\/wp\/v2\/types\/post"}],"author":[{"embeddable":true,"href":"https:\/\/www.europesays.com\/fr\/wp-json\/wp\/v2\/users\/2"}],"replies":[{"embeddable":true,"href":"https:\/\/www.europesays.com\/fr\/wp-json\/wp\/v2\/comments?post=655729"}],"version-history":[{"count":0,"href":"https:\/\/www.europesays.com\/fr\/wp-json\/wp\/v2\/posts\/655729\/revisions"}],"wp:featuredmedia":[{"embeddable":true,"href":"https:\/\/www.europesays.com\/fr\/wp-json\/wp\/v2\/media\/655730"}],"wp:attachment":[{"href":"https:\/\/www.europesays.com\/fr\/wp-json\/wp\/v2\/media?parent=655729"}],"wp:term":[{"taxonomy":"category","embeddable":true,"href":"https:\/\/www.europesays.com\/fr\/wp-json\/wp\/v2\/categories?post=655729"},{"taxonomy":"post_tag","embeddable":true,"href":"https:\/\/www.europesays.com\/fr\/wp-json\/wp\/v2\/tags?post=655729"}],"curies":[{"name":"wp","href":"https:\/\/api.w.org\/{rel}","templated":true}]}}