{"id":655731,"date":"2026-01-11T08:22:22","date_gmt":"2026-01-11T08:22:22","guid":{"rendered":"https:\/\/www.europesays.com\/fr\/655731\/"},"modified":"2026-01-11T08:22:22","modified_gmt":"2026-01-11T08:22:22","slug":"rugby-scapulaire-benjamin-boyet-tres-honnetement-cela-naurait-surement-pas-ete-le-meme-match-en-finale-sils-navaient-pas-eu-ces-blessures-sur-le-trio-arriere","status":"publish","type":"post","link":"https:\/\/www.europesays.com\/fr\/655731\/","title":{"rendered":"Rugby Scapulaire &#8211; Benjamin Boyet : \u00ab\u00a0Tr\u00e8s honn\u00eatement, cela n&rsquo;aurait s\u00fbrement pas \u00e9t\u00e9 le m\u00eame match en finale s&rsquo;ils n&rsquo;avaient pas eu ces blessures sur le trio arri\u00e8re\u00a0\u00bb"},"content":{"rendered":"<p>\u00a0<\/p>\n<p data-start=\"46\" data-end=\"452\">\u00c0 l\u2019heure o\u00f9 Northampton s\u2019impose<br \/>\nde plus en plus comme l\u2019un des porte-\u00e9tendards du renouveau du<br \/>\nrugby anglais sur la sc\u00e8ne europ\u00e9enne, le club attire les regards<br \/>\npar la fra\u00eecheur de son effectif et la qualit\u00e9 de son jeu. Entre<br \/>\njeunes talents issus de la formation et cadres d\u00e9j\u00e0 bien install\u00e9s,<br \/>\nles Saints incarnent une g\u00e9n\u00e9ration ambitieuse, capable de<br \/>\nrivaliser avec les meilleures \u00e9quipes du continent. Interrog\u00e9 par<br \/>\n<a href=\"https:\/\/actu.fr\/sports\/rugby\/coupe-deurope\/champions-cup-northampton-la-menace-numero-un-pour-les-clubs-francais-selon-benjamin-boyet_63674953.html\" target=\"_blank\" rel=\"noopener\"><br \/>\nActu Rugby<\/a>, le<br \/>\nconsultant de BeIN<br \/>\nSports, <strong>Benjamin Boyet<\/strong>, a livr\u00e9 son analyse<br \/>\nsur l\u2019identit\u00e9 de jeu et la philosophie de ce Northampton nouvelle<br \/>\nversion, qu\u2019il consid\u00e8re comme un mod\u00e8le du rugby anglais actuel<br \/>\n:<\/p>\n<blockquote>\n<p data-start=\"685\" data-end=\"1150\">\u201cC\u2019est un peu le club<br \/>\nrepr\u00e9sentatif du nouvel \u00e9lan du rugby en Angleterre, avec<br \/>\nl\u2019int\u00e9gration de beaucoup de jeunes gr\u00e2ce \u00e0 la formation. On parle<br \/>\nbeaucoup d\u2019<strong>Henry Pollock<\/strong>, mais il y a<br \/>\n<strong>Tommy Freeman<\/strong>, <strong>Fin Smith<\/strong> et tous<br \/>\nces joueurs-l\u00e0. C\u2019est une \u00e9quipe assez r\u00e9guli\u00e8re qui produit un jeu<br \/>\nplut\u00f4t bien l\u00e9ch\u00e9 et adapt\u00e9 sur la sc\u00e8ne europ\u00e9enne. Elle est<br \/>\nvraiment repr\u00e9sentative de la nouvelle g\u00e9n\u00e9ration de joueurs<br \/>\nanglais, qu\u2019on retrouve d\u2019ailleurs en \u00e9quipe nationale\u201d.<\/p>\n<\/blockquote>\n<p data-start=\"1152\" data-end=\"1490\"><img loading=\"lazy\" decoding=\"async\" class=\"alignnone size-medium wp-image-160838\" src=\"data:image\/svg+xml,%3Csvg%20xmlns=\" http:=\"\" alt=\"\" width=\"600\" height=\"399\" data-lazy- data-lazy- data-lazy-src=\"https:\/\/www.europesays.com\/fr\/wp-content\/uploads\/2026\/01\/Benjamin-Boyet-600x399.jpg\"\/><\/p>\n<p data-start=\"1152\" data-end=\"1490\">Revenant ensuite sur la finale<br \/>\nde la Champions Cup de la saison pass\u00e9e, qui avait vu Northampton<br \/>\net l\u2019Union Bordeaux-B\u00e8gles se disputer le titre, l\u2019ancien demi<br \/>\nd\u2019ouverture a \u00e9galement tenu \u00e0 souligner les circonstances<br \/>\nparticuli\u00e8res qui avaient pes\u00e9 sur cette rencontre, ainsi que<br \/>\nl\u2019\u00e9volution du club anglais depuis cet \u00e9pisode marquant :<\/p>\n<blockquote>\n<p data-start=\"1492\" data-end=\"2123\" data-is-last-node=\"\" data-is-only-node=\"\">\u201cTr\u00e8s honn\u00eatement, cela n\u2019aurait s\u00fbrement pas<br \/>\n\u00e9t\u00e9 le m\u00eame match en finale s\u2019ils n\u2019avaient pas eu ces blessures<br \/>\nsur le trio arri\u00e8re (<strong>Hendy<\/strong> \u00e9tait forfait,<br \/>\n<strong>Ramm<\/strong> et <strong>Furbank<\/strong> \u00e9taient sortis<br \/>\nd\u00e8s la premi\u00e8res minutes de jeu, ndlr). Ils ont peu recrut\u00e9 \u00e0<br \/>\nl\u2019intersaison. Ils ont perdu des joueurs et en ont fait venir<br \/>\nd\u2019autres, mais c\u2019\u00e9tait plus de la compensation que de v\u00e9ritables<br \/>\nrenforts. Mais le fait que joueurs qui ont la capacit\u00e9 d\u2019\u00eatre<br \/>\nd\u00e9cisifs sur certains matchs, comme <strong>Pollock<\/strong><br \/>\nnotamment, aient un an de plus aujourd\u2019hui leur permet d\u2019avoir<br \/>\nm\u00fbri. Et peut-\u00eatre de mieux g\u00e9rer les confrontations comme celles<br \/>\ncontre l\u2019UBB dimanche\u201d.<\/p>\n<\/blockquote>\n","protected":false},"excerpt":{"rendered":"\u00a0 \u00c0 l\u2019heure o\u00f9 Northampton s\u2019impose de plus en plus comme l\u2019un des porte-\u00e9tendards du renouveau du rugby&hellip;\n","protected":false},"author":2,"featured_media":655732,"comment_status":"","ping_status":"","sticky":false,"template":"","format":"standard","meta":{"footnotes":""},"categories":[1586],"tags":[11,1777,674,1779,1011,27,12,25,1778,364],"class_list":{"0":"post-655731","1":"post","2":"type-post","3":"status-publish","4":"format-standard","5":"has-post-thumbnail","7":"category-europe","8":"tag-actualites","9":"tag-eu","10":"tag-europe","11":"tag-european-union","12":"tag-fr","13":"tag-france","14":"tag-news","15":"tag-republique-francaise","16":"tag-ue","17":"tag-union-europeenne"},"share_on_mastodon":{"url":"https:\/\/pubeurope.com\/@fr\/115875502250498165","error":""},"_links":{"self":[{"href":"https:\/\/www.europesays.com\/fr\/wp-json\/wp\/v2\/posts\/655731","targetHints":{"allow":["GET"]}}],"collection":[{"href":"https:\/\/www.europesays.com\/fr\/wp-json\/wp\/v2\/posts"}],"about":[{"href":"https:\/\/www.europesays.com\/fr\/wp-json\/wp\/v2\/types\/post"}],"author":[{"embeddable":true,"href":"https:\/\/www.europesays.com\/fr\/wp-json\/wp\/v2\/users\/2"}],"replies":[{"embeddable":true,"href":"https:\/\/www.europesays.com\/fr\/wp-json\/wp\/v2\/comments?post=655731"}],"version-history":[{"count":0,"href":"https:\/\/www.europesays.com\/fr\/wp-json\/wp\/v2\/posts\/655731\/revisions"}],"wp:featuredmedia":[{"embeddable":true,"href":"https:\/\/www.europesays.com\/fr\/wp-json\/wp\/v2\/media\/655732"}],"wp:attachment":[{"href":"https:\/\/www.europesays.com\/fr\/wp-json\/wp\/v2\/media?parent=655731"}],"wp:term":[{"taxonomy":"category","embeddable":true,"href":"https:\/\/www.europesays.com\/fr\/wp-json\/wp\/v2\/categories?post=655731"},{"taxonomy":"post_tag","embeddable":true,"href":"https:\/\/www.europesays.com\/fr\/wp-json\/wp\/v2\/tags?post=655731"}],"curies":[{"name":"wp","href":"https:\/\/api.w.org\/{rel}","templated":true}]}}