{"id":655737,"date":"2026-01-11T08:25:10","date_gmt":"2026-01-11T08:25:10","guid":{"rendered":"https:\/\/www.europesays.com\/fr\/655737\/"},"modified":"2026-01-11T08:25:10","modified_gmt":"2026-01-11T08:25:10","slug":"video-coupe-de-france-le-premier-but-de-dago-en-tango-revivez-la-qualification-du-stade-lavallois-a-istres","status":"publish","type":"post","link":"https:\/\/www.europesays.com\/fr\/655737\/","title":{"rendered":"VID\u00c9O &#8211; Coupe de France\u00a0: Le premier but de Dago en Tango, revivez la qualification du Stade Lavallois \u00e0 Istres"},"content":{"rendered":"<p>Le Stade Lavallois n&rsquo;est pas tomb\u00e9 dans le pi\u00e8ge \u00e0 Istres, samedi 10 janvier, lors des 16e de finale de la coupe de France. Les Tango se sont impos\u00e9s 2-0 et ont d\u00e9croch\u00e9 leur qualification. Revivez les moments forts de la rencontre dans les conditions du direct.<\/p>\n<p>Pour la deuxi\u00e8me fois en trois \u00e9ditions, le Stade Lavallois va disputer les 8e de finale de la coupe de France de football. Samedi, les footballeurs mayennais ont \u00e9limin\u00e9 Istres, 2 \u00e0 0 en 16e de finale gr\u00e2ce \u00e0 <strong>des buts de Tr\u00e9vis Dago et de Julien Maggiotti<\/strong>. Ces deux joueurs \u00e9taient align\u00e9s en attaque avec le N\u00e9erlandais Eros Maddy.<\/p>\n<p>Mal en point en championnat, les Tango r\u00e9ussissent en coupe de France. Une comp\u00e9tition qui est \u00ab\u00a0un rayon de soleil\u00a0\u00bb pour le club a notamment d\u00e9clar\u00e9 l&rsquo;entra\u00eeneur Olivier Frapolli \u00e0 l&rsquo;issue de la rencontre.<\/p>\n<p>Le Stade Lavallois connaitra <strong>mardi soir<\/strong> son adversaire pour le match des 8e de finale d\u00e9but f\u00e9vrier. Avant cela, il y aura la r\u00e9ception de Bastia vendredi 16 janvier en Ligue 2. Un match qui opposera les deux moins bonnes \u00e9quipes actuelles du championnat.<\/p>\n","protected":false},"excerpt":{"rendered":"Le Stade Lavallois n&rsquo;est pas tomb\u00e9 dans le pi\u00e8ge \u00e0 Istres, samedi 10 janvier, lors des 16e de&hellip;\n","protected":false},"author":2,"featured_media":655738,"comment_status":"","ping_status":"","sticky":false,"template":"","format":"standard","meta":{"footnotes":""},"categories":[4],"tags":[11,1011,27,12,25],"class_list":{"0":"post-655737","1":"post","2":"type-post","3":"status-publish","4":"format-standard","5":"has-post-thumbnail","7":"category-france","8":"tag-actualites","9":"tag-fr","10":"tag-france","11":"tag-news","12":"tag-republique-francaise"},"share_on_mastodon":{"url":"https:\/\/pubeurope.com\/@fr\/115875513789599020","error":""},"_links":{"self":[{"href":"https:\/\/www.europesays.com\/fr\/wp-json\/wp\/v2\/posts\/655737","targetHints":{"allow":["GET"]}}],"collection":[{"href":"https:\/\/www.europesays.com\/fr\/wp-json\/wp\/v2\/posts"}],"about":[{"href":"https:\/\/www.europesays.com\/fr\/wp-json\/wp\/v2\/types\/post"}],"author":[{"embeddable":true,"href":"https:\/\/www.europesays.com\/fr\/wp-json\/wp\/v2\/users\/2"}],"replies":[{"embeddable":true,"href":"https:\/\/www.europesays.com\/fr\/wp-json\/wp\/v2\/comments?post=655737"}],"version-history":[{"count":0,"href":"https:\/\/www.europesays.com\/fr\/wp-json\/wp\/v2\/posts\/655737\/revisions"}],"wp:featuredmedia":[{"embeddable":true,"href":"https:\/\/www.europesays.com\/fr\/wp-json\/wp\/v2\/media\/655738"}],"wp:attachment":[{"href":"https:\/\/www.europesays.com\/fr\/wp-json\/wp\/v2\/media?parent=655737"}],"wp:term":[{"taxonomy":"category","embeddable":true,"href":"https:\/\/www.europesays.com\/fr\/wp-json\/wp\/v2\/categories?post=655737"},{"taxonomy":"post_tag","embeddable":true,"href":"https:\/\/www.europesays.com\/fr\/wp-json\/wp\/v2\/tags?post=655737"}],"curies":[{"name":"wp","href":"https:\/\/api.w.org\/{rel}","templated":true}]}}