{"id":655739,"date":"2026-01-11T08:28:11","date_gmt":"2026-01-11T08:28:11","guid":{"rendered":"https:\/\/www.europesays.com\/fr\/655739\/"},"modified":"2026-01-11T08:28:11","modified_gmt":"2026-01-11T08:28:11","slug":"florian-grill-jessaye-toujours-daller-dans-des-clubs-ou-il-y-a-du-sens","status":"publish","type":"post","link":"https:\/\/www.europesays.com\/fr\/655739\/","title":{"rendered":"Florian Grill\u00a0: \u00ab\u00a0J\u2019essaye toujours d\u2019aller dans des clubs o\u00f9 il y a du sens\u00a0\u00bb"},"content":{"rendered":"<p>\n                                                                    l&rsquo;essentiel<br \/>\n                                                                Florian Grill, le pr\u00e9sident de la F\u00e9d\u00e9ration fran\u00e7aise de rugby, \u00e9tait ce samedi \u00e0 Pamiers et \u00e0 Tarascon-sur-Ari\u00e8ge pour saluer le travail de ces deux clubs \u00e0 travers le label Club engag\u00e9. L\u2019occasion d\u2018accompagner le renouveau du club appam\u00e9en et d\u2019encourager les efforts au quotidien des dirigeants, des joueurs, des partenaires ou des b\u00e9n\u00e9voles.\n                            <\/p>\n<p>La m\u00e9t\u00e9o difficile n\u2019a pas emp\u00each\u00e9 le club-house du SCA, au stade Magnagounet \u00e0 Pamiers, de faire le plein. \u00ab\u00a0Je suis tr\u00e8s heureux de voir tout cet engouement, \u00e7a fait longtemps qu\u2019on n\u2019a pas vibr\u00e9 comme \u00e7a\u00a0\u00bb. Arnaud Dupouy, le pr\u00e9sident des \u00ab\u00a0Damiers\u00a0\u00bb, a le sourire. Joueurs, dirigeants, b\u00e9n\u00e9voles, partenaires, pr\u00e9sidents de clubs\u00a0: ils sont tous venus partager un moment convivial avec Florian Grill.<\/p>\n<p>Le pr\u00e9sident de la F\u00e9d\u00e9ration fran\u00e7aise de rugby (FFR) fait une escale en Ari\u00e8ge, \u00e0 Pamiers d\u2019abord, puis \u00e0 Tarascon-sur-Ari\u00e8ge. \u00ab\u00a0Je suis venu pour mettre \u00e0 l\u2019honneur un club qui travaille bien, un club qui a travers\u00e9 des moments difficiles et qui est en train de sacr\u00e9ment se redresser. J\u2019essaye de venir au soutien \u2018\u2019dans l\u2019axe\u2019\u2019, c\u2019est un mot qui compte au rugby. Le lundi et le mardi, je travaille dans ma soci\u00e9t\u00e9\u00a0; le mercredi et le jeudi, je suis \u00e0 Marcoussis. Le jeudi apr\u00e8s-midi, le vendredi, le samedi et le dimanche, je fais le tour de France des clubs. J\u2019avais d\u00e9cid\u00e9 de venir en Haute-Garonne et en Ari\u00e8ge.\u2005Pamiers est un club labellis\u00e9 deux \u00e9toiles \u00e0 l\u2019\u00e9cole de rugby. Pour moi, c\u2019est tr\u00e8s important. Un club se construit d\u2019abord par la base. Ce qui compte, c\u2019est la formation. Il y a aussi ce label Club engag\u00e9 qu\u2019on a mis en place et qui permet d\u2019\u00e9valuer les clubs sur 47 crit\u00e8res (dont l\u2019inclusion, l\u2019\u00e9coresponsabilit\u00e9, la sant\u00e9\u2026). Pamiers est en train de progresser sur tous ces aspects-l\u00e0. Je trouve \u00e7a tr\u00e8s int\u00e9ressant. C\u2019est la m\u00eame id\u00e9e \u00e0 Tarascon-sur-Ari\u00e8ge. C\u2019est un club tr\u00e8s bien positionn\u00e9 dans le label, qui a beaucoup d\u2019actions soci\u00e9tales, citoyennes et de formation. Depuis que je suis \u00e9lu, je crois que j\u2019ai fait 250 ou 300 d\u00e9placements. J\u2019essaye toujours d\u2019aller dans des clubs o\u00f9 il y a du sens.\u00a0\u00bb<\/p>\n<p>\u00ab\u00a0C\u2019est une bonne chose que le pr\u00e9sident de la F\u00e9d\u00e9ration vienne en Ari\u00e8ge, \u00e0 Pamiers et \u00e0 Tarascon en l\u2019occurrence\u00a0\u00bb, se satisfait Fr\u00e9d\u00e9rick Dedieu, pr\u00e9sident du comit\u00e9 de rugby de l\u2019Ari\u00e8ge. \u00ab\u00a0Cela montre le travail des clubs engag\u00e9s. Tant sur le c\u00f4t\u00e9 purement sportif qu\u2019au-del\u00e0, puisqu\u2019il y a la prise en compte de l\u2019accueil, de la citoyennet\u00e9, du rugby sant\u00e9. C\u2019est un m\u00e9lange de toutes les composantes du rugby. C\u2019est le r\u00f4le soci\u00e9tal qu\u2019a le sport en Ari\u00e8ge. C\u2019est dans la lign\u00e9e de ce qu\u2019on d\u00e9fend et ce qu\u2019on veut porter pour les trois ans \u00e0 venir.\u00a0\u00bb Florian Grill ne dit pas autre chose\u00a0: \u00ab\u00a050\u00a0% des joueurs et joueuses des \u00e9quipes de France viennent de villes ou de villages de moins de 15\u00a0000 habitants. C\u2019est vraiment un chiffre \u00e0 retenir. Depuis que je suis arriv\u00e9 \u00e0 la F\u00e9d\u00e9ration, je n\u2019ai qu\u2019un seul objectif\u00a0: relancer le rugby des villages et des villes moyennes. Pour \u00e7a, il faut valoriser les clubs formateurs. Ici, on est dans un club formateur, la galerie des maillots le prouve.\u00a0\u00bb<\/p>\n<p>        <img decoding=\"async\" class=\"std-img__img responsive-img\" src=\"https:\/\/www.europesays.com\/fr\/wp-content\/uploads\/2026\/01\/1768120091_473_image.jpg\" alt=\"Arnaud Dupouy pose aux c\u00f4t\u00e9s de Florian Grill, des deux copr\u00e9sidents de l\u2019US Tarascon-sur-Ari\u00e8ge, Michel Audabram et Patrick Rescanni\u00e8res, et de Fr\u00e9d\u00e9rick Dedieu, pr\u00e9sident du comit\u00e9 de rugby de l\u2019Ari\u00e8ge.\/DDM. Michel Rieu.\"\/><\/p>\n<p>                Arnaud Dupouy pose aux c\u00f4t\u00e9s de Florian Grill, des deux copr\u00e9sidents de l\u2019US Tarascon-sur-Ari\u00e8ge, Michel Audabram et Patrick Rescanni\u00e8res, et de Fr\u00e9d\u00e9rick Dedieu, pr\u00e9sident du comit\u00e9 de rugby de l\u2019Ari\u00e8ge.\/DDM. Michel Rieu.<br \/>\n                                    DDM. &#8211; Michel Rieu<\/p>\n<p>\u00ab\u00a0On a eu raison d\u2019insister\u00a0\u00bb<\/p>\n<p>Apr\u00e8s des ann\u00e9es difficiles, le SC Appam\u00e9en accueille cette visite comme un encouragement suppl\u00e9mentaire. \u00ab\u00a0La venue de Florian vient valider deux ans de travail acharn\u00e9\u00a0\u00bb, savoure Arnaud Dupouy. \u00ab\u00a0Cela valide le travail fourni par les b\u00e9n\u00e9voles, les \u00e9ducateurs, les entra\u00eeneurs et le comit\u00e9 directeur. On ne s\u2019est pas tromp\u00e9s. Quand on voit les r\u00e9sultats, on se dit qu\u2019on a eu raison d\u2019insister. De toute fa\u00e7on, on ne pouvait que r\u00e9ussir. Avec le soutien f\u00e9d\u00e9ral, celui de la Ligue, celui du comit\u00e9 de l\u2019Ari\u00e8ge, on est bien encadr\u00e9s et s\u00e9rieux. On arrive \u00e0 remonter la pente.\u00a0\u00bb<\/p>\n<p>Avant d\u2019accueillir Florian Grill au Moulin-Neuf, Michel Audabram et Patrick Rescanni\u00e8res, les deux copr\u00e9sidents de l\u2019US Tarascon-sur-Ari\u00e8ge, sont venus partager ce moment. \u00ab\u00a0Je pense qu\u2019on a \u00e9t\u00e9 des pr\u00e9curseurs en Ari\u00e8ge, notamment sur le rugby sant\u00e9\u00a0\u00bb, pr\u00e9cise Patrick Rescanni\u00e8res. \u00ab\u00a0On a aussi fait du rugby adapt\u00e9 pour r\u00e9pondre \u00e0 des sollicitations. Hugo Klapper a beaucoup travaill\u00e9 sur le sujet. On a partag\u00e9 cette r\u00e9ussite avec les autres clubs, c\u2019est tr\u00e8s bien comme \u00e7a.\u00a0\u00bb<\/p>\n<p>\u00ab\u00a0C\u2019est bien d\u2019\u00eatre mis en avant par le label \u00ab\u00a0Club engag\u00e9\u00a0\u00bb, mais on n\u2019y pense pas tous les jours non plus\u00a0\u00bb, rigole Michel Audabram. \u00ab\u00a0C\u2019est bien d\u2019\u00eatre ici avec Pamiers. Cela nous permet d\u2019\u00e9changer. On est en pleine reconstruction, comme le SCA. C\u2019est bon de voir pourquoi \u00e7a va bien, ou pourquoi \u00e7a ne va pas.\u00a0\u00bb<\/p>\n<p>L\u2019ambiance est chaleureuse. Apr\u00e8s un tour des installations appam\u00e9ennes avec Arnaud Dupouy, Florian Grill a repris la route de Tarascon pour porter son message\u00a0: \u00ab\u00a0J\u2019essaye d\u2019\u00eatre l\u00e0, au soutien. Investir dans le rugby, c\u2019est investir dans la soci\u00e9t\u00e9. On ne transforme pas que les essais, on transforme les personnes.\u00a0\u00bb<\/p>\n<p>Qu\u2019est-ce que le label Club engag\u00e9\u00a0?<\/p>\n<p>La FFR a mis en place le label Club Engag\u00e9, \u00ab\u00a0initiative innovante visant \u00e0 dynamiser et valoriser les clubs qui font du bien au rugby car ils s\u2019engagent dans l\u2019\u00e9ducation par le sport ou pour des actions citoyennes. Un nouvel outil qui fixe le cap strat\u00e9gique de la F\u00e9d\u00e9ration et permet, chaque ann\u00e9e, de mesurer les progr\u00e8s accomplis. Un club engag\u00e9 est un club qui fait l\u2019effort de la formation sportive par la base ou fait la diff\u00e9rence, pour ses membres ou pour sa communaut\u00e9 locale. Ce label innovant a pour but de dynamiser et de soutenir les clubs qui s\u2019engagent sur le terrain pour la relance du rugby par la base et pour cr\u00e9er du lien. Chaque club est appr\u00e9ci\u00e9 annuellement sur la base de 47 crit\u00e8res quantitatifs et qualitatifs r\u00e9partis autour de 5 piliers\u00a0: \u00e9ducation par le sport, inclusion, citoyennet\u00e9, sant\u00e9 et bien-\u00eatre transition \u00e9cologique. Ce nouveau label permet aux clubs de valoriser leurs actions et d\u2019\u00eatre soutenus dans leur d\u00e9veloppement local et national, gr\u00e2ce \u00e0 des ressources additionnelles, des conseils personnalis\u00e9s et des exemples d\u2019actions inspirantes.<\/p>\n","protected":false},"excerpt":{"rendered":"l&rsquo;essentiel Florian Grill, le pr\u00e9sident de la F\u00e9d\u00e9ration fran\u00e7aise de rugby, \u00e9tait ce samedi \u00e0 Pamiers et \u00e0&hellip;\n","protected":false},"author":2,"featured_media":655740,"comment_status":"","ping_status":"","sticky":false,"template":"","format":"standard","meta":{"footnotes":""},"categories":[1416],"tags":[2720,1011,27,24156,479,1468,68796,517,60],"class_list":{"0":"post-655739","1":"post","2":"type-post","3":"status-publish","4":"format-standard","5":"has-post-thumbnail","7":"category-rugby","8":"tag-ariege","9":"tag-fr","10":"tag-france","11":"tag-pamiers","12":"tag-rugby","13":"tag-rugby-football","14":"tag-rugby-u00e0-xv","15":"tag-sport","16":"tag-sports"},"share_on_mastodon":{"url":"https:\/\/pubeurope.com\/@fr\/115875525732164694","error":""},"_links":{"self":[{"href":"https:\/\/www.europesays.com\/fr\/wp-json\/wp\/v2\/posts\/655739","targetHints":{"allow":["GET"]}}],"collection":[{"href":"https:\/\/www.europesays.com\/fr\/wp-json\/wp\/v2\/posts"}],"about":[{"href":"https:\/\/www.europesays.com\/fr\/wp-json\/wp\/v2\/types\/post"}],"author":[{"embeddable":true,"href":"https:\/\/www.europesays.com\/fr\/wp-json\/wp\/v2\/users\/2"}],"replies":[{"embeddable":true,"href":"https:\/\/www.europesays.com\/fr\/wp-json\/wp\/v2\/comments?post=655739"}],"version-history":[{"count":0,"href":"https:\/\/www.europesays.com\/fr\/wp-json\/wp\/v2\/posts\/655739\/revisions"}],"wp:featuredmedia":[{"embeddable":true,"href":"https:\/\/www.europesays.com\/fr\/wp-json\/wp\/v2\/media\/655740"}],"wp:attachment":[{"href":"https:\/\/www.europesays.com\/fr\/wp-json\/wp\/v2\/media?parent=655739"}],"wp:term":[{"taxonomy":"category","embeddable":true,"href":"https:\/\/www.europesays.com\/fr\/wp-json\/wp\/v2\/categories?post=655739"},{"taxonomy":"post_tag","embeddable":true,"href":"https:\/\/www.europesays.com\/fr\/wp-json\/wp\/v2\/tags?post=655739"}],"curies":[{"name":"wp","href":"https:\/\/api.w.org\/{rel}","templated":true}]}}