{"id":655749,"date":"2026-01-11T08:38:21","date_gmt":"2026-01-11T08:38:21","guid":{"rendered":"https:\/\/www.europesays.com\/fr\/655749\/"},"modified":"2026-01-11T08:38:21","modified_gmt":"2026-01-11T08:38:21","slug":"maud-hospitalisee-en-urgence-elle-risque-de-perdre-son-bras-chloe-accusee-demain-nous-appartient-14-janvier-2026-episode-2118-resume-complet-dna","status":"publish","type":"post","link":"https:\/\/www.europesays.com\/fr\/655749\/","title":{"rendered":"Maud hospitalis\u00e9e en urgence : elle risque de perdre son bras, Chlo\u00e9 accus\u00e9e &#8211; Demain nous appartient 14 janvier 2026 (\u00e9pisode 2118 &#8211; r\u00e9sum\u00e9 complet DNA)"},"content":{"rendered":"<p>\tD\u00e9couvrez le r\u00e9sum\u00e9 d\u00e9taill\u00e9 de Demain nous appartient en avance du mercredi 14 janvier 2026 avec l\u2019\u00e9pisode 2118. Maud victime de lourdes complications : la for\u00eat a tout chang\u00e9 \u00e0 cause de Chlo\u00e9 #DNA en avance avec Nouveaut\u00e9s T\u00e9l\u00e9.<br \/>\n<img fetchpriority=\"high\" decoding=\"async\" aria-describedby=\"caption-attachment-338175\" src=\"https:\/\/www.europesays.com\/fr\/wp-content\/uploads\/2026\/01\/maud-chloe-dna-2118.jpg\" alt=\"maud et chloe dna \" width=\"1280\" height=\"720\" class=\"size-full wp-image-338175\"  \/><\/p>\n<p id=\"caption-attachment-338175\" class=\"wp-caption-text\">Maud va-t-elle \u00eatre amput\u00e9e \u00e0 cause de Chlo\u00e9 ?<\/p>\n<p>Retrouvez le r\u00e9sum\u00e9 int\u00e9gral de <strong><a href=\"https:\/\/www.nouveautes-tele.com\/category\/demain-nous-appartient\" target=\"_blank\" rel=\"noopener\"> Demain nous appartient \u00e9pisode 2118 saison 9<\/a><\/strong> diffus\u00e9 sur TF1 le mercredi 14 janvier 2026  (<a href=\"https:\/\/www.nouveautes-tele.com\/62784-resume-demain-nous-appartient-tf1-en-avance-spoilers-devoiles.html\" target=\"_blank\" rel=\"noopener\"><strong>voir les r\u00e9sum\u00e9s Demain nous appartient en avance <\/strong><\/a>).<\/p>\n<p>D\u00e9couvrez le r\u00e9sum\u00e9 du num\u00e9ro pr\u00e9c\u00e9dent <a href=\"https:\/\/www.nouveautes-tele.com\/338021-karim-decouvre-la-verite-sur-le-gite-mortel-erica-en-grand-danger-demain-nous-appartient-13-janvier-2026-episode-2117-resume-complet-dna.html\" target=\"_blank\" rel=\"noopener\">DNA \u00e9pisode 2117<\/a> est en ligne.<\/p>\n<p>  \ud83d\udccc Quels sont les temps forts de l\u2019\u00e9pisode 2118 de Demain nous appartient en avance du 14 janvier 2026 (TF1) ? ce qu\u2019il faut retenir <\/p>\n<ul>\n<li><strong>Erica apprend que son fr\u00e8re Basile<\/strong> poss\u00e8de un g\u00eete dans la r\u00e9gion depuis 3 ans mais ne reconna\u00eet pas le portrait-robot des filles<\/li>\n<li><strong>Maud souffre de fourmillements au bras<\/strong> depuis l\u2019incident en for\u00eat, son flux sanguin est interrompu : Rapha\u00eblle accuse Chlo\u00e9<\/li>\n<li><strong>Un imposteur se fait passer pour Basile<\/strong> au Refuge des Beaux Pins, la police n\u2019a aucune info sur cet homme myst\u00e9rieux<\/li>\n<li><strong>Emilie avoue \u00e0 Karim<\/strong> qu\u2019il lui pla\u00eet mais qu\u2019elle ne sait pas si elle a de la place pour lui, il d\u00e9cide de rester malgr\u00e9 tout<\/li>\n<li><strong>Erica re\u00e7oit un appel de l\u2019h\u00f4pital<\/strong> : son fr\u00e8re Basile est vivant et veut lui parler, elle retrouve le sourire<\/li>\n<\/ul>\n<p><\/p>\n<p>Tout ce qu\u2019il faut savoir sur l\u2019\u00e9pisode 2118 de Demain nous appartient du 14 janvier 2026, tous les <strong>spoilers complets<\/strong> par rapport aux intrigues du jour \u00e0 S\u00e8te.<\/p>\n<p>Demain nous appartient en avance : Erica reprend espoir<br \/>\n<img loading=\"lazy\" decoding=\"async\" aria-describedby=\"caption-attachment-338171\" src=\"data:image\/svg+xml,%3Csvg%20xmlns=\" http:=\"\" alt=\"aaron dna \" width=\"1200\" height=\"624\" class=\"size-full wp-image-338171\" data-lazy- data-lazy- data-lazy-src=\"https:\/\/www.europesays.com\/fr\/wp-content\/uploads\/2026\/01\/dna-2118bfsDF.jpg\"\/><\/p>\n<p id=\"caption-attachment-338171\" class=\"wp-caption-text\">Aaron est de retour du ski, bien motiv\u00e9 \u00e0 trouver l\u2019amour<\/p>\n<p>Sara fait venir Erica au commissariat pour avoir des infos sur son fr\u00e8re : elle lui apprend qu\u2019il d\u00e9tient <strong>Le Refuge des Beaux Pins \u00e0 Saint-Joachim<\/strong>\u2026 il est dans la r\u00e9gion depuis 3 ans. Erica dit qu\u2019elle n\u2019a plus eu de nouvelles de Basile, son fr\u00e8re, depuis 10 ans.<br \/>Erica voit le portrait-robot fait par les filles, elle dit que <strong>ce n\u2019est pas Basile<\/strong>. Erica montre une photo de son fr\u00e8re \u00e0 Sara.<br \/>Sara pense que <strong>l\u2019homme que les filles ont vu au g\u00eete se fait passer pour Basile<\/strong>, le fr\u00e8re d\u2019Erica.<br \/><img loading=\"lazy\" decoding=\"async\" aria-describedby=\"caption-attachment-338167\" src=\"data:image\/svg+xml,%3Csvg%20xmlns=\" http:=\"\" alt=\"marianne dna \" width=\"1200\" height=\"687\" class=\"size-full wp-image-338167\" data-lazy- data-lazy- data-lazy-src=\"https:\/\/www.europesays.com\/fr\/wp-content\/uploads\/2026\/01\/dna-2118bcf.jpg\"\/><\/p>\n<p id=\"caption-attachment-338167\" class=\"wp-caption-text\">Rapha\u00eblle accuse Marianne de prot\u00e9ger sa fille<\/p>\n<p>Judith a fait la grasse mat\u2019, elle ne travaille pas. Chlo\u00e9 dit que \u00e7a va, elle a g\u00e9r\u00e9 le stress.<br \/>Maud prend un caf\u00e9 avec Rapha\u00eblle au Spoon : elle dit que depuis cette nuit, elle a <strong>des fourmillements dans le bras et \u00e7a empire<\/strong>. Rapha\u00eblle d\u00e9cide d\u2019appeler Chlo\u00e9 pour lui demander si \u00e7a vaut le coup d\u2019aller aux urgences. Chlo\u00e9 pense qu\u2019il vaut mieux aller \u00e0 l\u2019h\u00f4pital.<br \/>Aaron est de retour de son voyage au ski : sport, sommeil, nature\u2026 Il a rencontr\u00e9 des parents \u00e9puis\u00e9s par leurs gamins, des couples mari\u00e9s et des couples en mood romantique. Aaron est d\u00e9go\u00fbt\u00e9, il a d\u00e9cid\u00e9 de <strong>se mettre sur une appli de rencontres<\/strong>. Gabriel d\u00e9cide de lui faire ses photos de profil. Aaron ne veut pas mettre de photo par peur de se faire harceler, il veut tout miser sur sa description.<br \/>\n&#13;<br \/>\n<br \/>&#13;<\/p>\n<p><img loading=\"lazy\" decoding=\"async\" aria-describedby=\"caption-attachment-338163\" src=\"data:image\/svg+xml,%3Csvg%20xmlns=\" http:=\"\" alt=\"diane dna \" width=\"1200\" height=\"623\" class=\"size-full wp-image-338163\" data-lazy- data-lazy- data-lazy-src=\"https:\/\/www.europesays.com\/fr\/wp-content\/uploads\/2026\/01\/dna-2118ba.jpg\"\/><\/p>\n<p id=\"caption-attachment-338163\" class=\"wp-caption-text\">Diane complique la communication de Karim et Emilie<\/p>\n<p>Erica explique \u00e0 Bart que quand sa m\u00e8re est tomb\u00e9e malade, elle s\u2019est occup\u00e9e d\u2019elle alors que <strong>Basile l\u2019a laiss\u00e9e tomber<\/strong>. C\u2019est pour \u00e7a qu\u2019Erica lui en voulait.<br \/>Karim se confie \u00e0 Georges sur le baiser sur la joue d\u2019Emilie \u00e0 la fin du date. Georges se demande si \u00ab\u00a0c\u2019est la friendzone\u00a0\u00bb. Karim avoue qu\u2019Emilie lui pla\u00eet : elle est cash, spontan\u00e9e.<br \/>Georges dit \u00e0 Karim : \u00ab\u00a0J\u2019adore nos conversations, je vis un peu par procuration\u00a0\u00bb.<br \/>Damien confirme que <strong>les traces de sang proches du g\u00eete sont bien les empreintes du fr\u00e8re d\u2019Erica Vidal<\/strong>. Celui qui se fait passer pour Basile, aucune info.<br \/>Damien va fouiller dans le pass\u00e9 de Basile pour tenter de voir o\u00f9 il a rencontr\u00e9 son agresseur.<br \/>Soizic s\u2019est remise sur un site de rencontres, m\u00eame si elle n\u2019a pas tir\u00e9 un trait sur Fran\u00e7ois. Soizic a craqu\u00e9 sur <strong>un profil sans photo<\/strong>, elle se confie \u00e0 Victoire. Aaron assiste \u00e0 la discussion.<br \/><img loading=\"lazy\" decoding=\"async\" aria-describedby=\"caption-attachment-338169\" src=\"data:image\/svg+xml,%3Csvg%20xmlns=\" http:=\"\" alt=\"emilie dna \" width=\"1200\" height=\"627\" class=\"size-full wp-image-338169\" data-lazy- data-lazy- data-lazy-src=\"https:\/\/www.europesays.com\/fr\/wp-content\/uploads\/2026\/01\/dna-2118bcsF.jpg\"\/><\/p>\n<p id=\"caption-attachment-338169\" class=\"wp-caption-text\">Emilie n\u2019est pas s\u00fbre d\u2019avoir de la place pour Karim dans sa vie<\/p>\n<p>\nDemain nous appartient 14 janvier 2025 : Emilie est en mode un pas en avant, un pas en arri\u00e8re<\/p>\n<p>Emilie et Karim ont pr\u00e9vu de se faire un petit footing l\u2019apr\u00e8s-midi. Emilie lui avait envoy\u00e9 un vocal pas termin\u00e9. Elle lui dit qu\u2019il lui pla\u00eet et qu\u2019<strong>elle ne sait pas si elle a de la place pour lui dans sa vie<\/strong>. Emilie veut garder le contr\u00f4le de sa vie, elle ne peut rien lui promettre.<\/p>\n<p><img loading=\"lazy\" decoding=\"async\" aria-describedby=\"caption-attachment-338165\" src=\"data:image\/svg+xml,%3Csvg%20xmlns=\" http:=\"\" alt=\"aaron dna \" width=\"1200\" height=\"657\" class=\"size-full wp-image-338165\" data-lazy- data-lazy- data-lazy-src=\"https:\/\/www.europesays.com\/fr\/wp-content\/uploads\/2026\/01\/dna-2118bca.jpg\"\/><\/p>\n<p id=\"caption-attachment-338165\" class=\"wp-caption-text\">Aaron d\u00e9cide de se mettre sur une appli de rencontres<\/p>\n<p>Emilie lui d\u00e9clare : \u00ab\u00a0Je comprendrais que tu veuilles te barrer\u00a0\u00bb. Il lui r\u00e9pond : \u00ab\u00a0J\u2019en ai pas l\u2019intention\u00a0\u00bb. <strong>Ils partent courir avec le sourire\u2026<\/strong><br \/>Maud passe des examens, Rapha\u00eblle est inqui\u00e8te. Marianne annonce que <strong>son flux sanguin est interrompu au niveau de sa main<\/strong>, c\u2019est ce qui explique sa douleur et ses fourmillements. Marianne dit qu\u2019il y a eu des complications, <strong>Rapha\u00eblle a peur que ce soit \u00e0 cause de ce qu\u2019a fait Chlo\u00e9 dans la for\u00eat<\/strong>.<br \/>Basile Vidal est un mec sans probl\u00e8me, sans casier : il aime la nature. Damien n\u2019a rien sur l\u2019homme myst\u00e9rieux malgr\u00e9 le signalement du portrait-robot.<br \/><img loading=\"lazy\" decoding=\"async\" aria-describedby=\"caption-attachment-338169\" src=\"data:image\/svg+xml,%3Csvg%20xmlns=\" http:=\"\" alt=\"emilie dna \" width=\"1200\" height=\"627\" class=\"size-full wp-image-338169\" data-lazy- data-lazy- data-lazy-src=\"https:\/\/www.europesays.com\/fr\/wp-content\/uploads\/2026\/01\/dna-2118bcsF.jpg\"\/><\/p>\n<p id=\"caption-attachment-338169\" class=\"wp-caption-text\">Emilie n\u2019est pas s\u00fbre d\u2019avoir de la place pour Karim dans sa vie<\/p>\n<p>Aaron change d\u2019avis, Gabriel d\u00e9cide de l\u2019aider pour sa description et sa photo. Gabriel veut l\u2019aider \u00e0 \u00e9viter les erreurs de d\u00e9butant, il doit se d\u00e9marquer. Il ne doit pas parler de sa personnalit\u00e9 vu qu\u2019il fait tout le temps la gueule. Gabriel juge que ce n\u2019est pas son atout, tout comme ses passions : la caravane lol<br \/>Sara a rep\u00e9r\u00e9 la moto de Basile utilis\u00e9e par l\u2019homme myst\u00e9rieux\u2026 il a \u00e9t\u00e9 rep\u00e9r\u00e9 pr\u00e8s de S\u00e8te. Martin demande une protection pour Erica.<br \/><img loading=\"lazy\" decoding=\"async\" aria-describedby=\"caption-attachment-338161\" src=\"data:image\/svg+xml,%3Csvg%20xmlns=\" http:=\"\" alt=\"erica et bart dna \" width=\"1200\" height=\"661\" class=\"size-full wp-image-338161\" data-lazy- data-lazy- data-lazy-src=\"https:\/\/www.europesays.com\/fr\/wp-content\/uploads\/2026\/01\/dna-2118a.jpg\"\/><\/p>\n<p id=\"caption-attachment-338161\" class=\"wp-caption-text\">Miracle, Erica a son fr\u00e8re Basile au t\u00e9l\u00e9phone<\/p>\n<p>&#13;<br \/>\n<br \/>Erica re\u00e7oit un appel inconnu alors qu\u2019elle est avec Bart. C\u2019est une femme de l\u2019h\u00f4pital, elle lui dit que <strong>Basile, son fr\u00e8re, veut lui parler<\/strong>. <strong>Erica retrouve le sourire, il est vivant.<\/strong><\/p>\n<p>Chlo\u00e9 est-elle responsable de l&rsquo;\u00e9tat de Maud ?<\/p>\n<ul>\n<li>Oui, elle a fait une erreur impardonnable<\/li>\n<li>Non, elle a fait ce qu&rsquo;elle pouvait dans l&rsquo;urgence<\/li>\n<li>C&rsquo;est la faute \u00e0 pas de chance <\/li>\n<\/ul>\n<p>&#13;<br \/>\n        \ud83d\udcfa Demain nous appartient \u2013 Intrigue \u00ab\u00a0L&rsquo;escapade\u00a0\u00bb&#13;<br \/>\n        \u25cf En cours&#13;\n    <\/p>\n<p>                <a href=\"https:\/\/www.nouveautes-tele.com\/338021-karim-decouvre-la-verite-sur-le-gite-mortel-erica-en-grand-danger-demain-nous-appartient-13-janvier-2026-episode-2117-resume-complet-dna.html\" style=\"font-size:12px; color:#35cbf1; font-weight:600; text-decoration:none;\" target=\"_blank\" rel=\"noopener\">DNA \u00e9pisode 2117<\/a><br \/>\n \u00a0 \u00a0 \u00a0 \u00a0 \u00a0 \u00a0 \u00a0 \u00a0<\/p>\n<p><strong style=\"color:#2c3e50;\">Karim d\u00e9couvre le g\u00e9rant<\/strong> du g\u00eete : le fr\u00e8re d&rsquo;Erica<\/p>\n<p>&#13;<br \/>\n&#13;<\/p>\n<p> \ud83d\udd1c Restez connect\u00e9s ! Le <strong>r\u00e9sum\u00e9 Demain nous appartient du 15 janvier 2026<\/strong> avec l\u2019\u00e9pisode 2119 arrive sur Nouveaut\u00e9s T\u00e9l\u00e9.<\/p>\n<p>Que pensez-vous du nouvel \u00e9pisode de Demain nous appartient ? R\u00e9agissez en commentaire ! \ud83d\udcac Commentez les \u00e9pisodes sur <strong><a href=\"https:\/\/www.nouveautes-tele.com\/51124-forum-demain-nous-appartient-tf1.html\" target=\"_blank\" rel=\"noopener\"> le forum de Demain nous appartient<\/a><\/strong> chaque jour.<\/p>\n<p>Suivez  les <a href=\"https:\/\/www.nouveautes-tele.com\/61084-audience-demain-nous-appartient-tf1-du-lundi-au-vendredi.html\" target=\"_blank\" rel=\"noopener\"><strong>audiences DNA<\/strong><\/a> du lundi au vendredi. <\/p>\n<p>Fan de Demain nous appartient ? les s\u00e9ries \u00e0 ne pas manquer <\/p>\n<p>Si vous \u00eates accro \u00e0 Demain nous appartient, voici les s\u00e9ries qui vont s\u00fbrement devenir vos prochains coups de c\u0153ur !<\/p>\n<p><a href=\"https:\/\/www.nouveautes-tele.com\/118986-nouveau-feuilleton-sur-tf1.html\" target=\"_blank\" rel=\"noopener\"><strong>Ici tout commence<\/strong><\/a> \u00e0 18h30, l\u2019univers culinaire de TF1 avec Benjamin Baroche. <a href=\"https:\/\/www.nouveautes-tele.com\/86457-grand-soleil-le-guide-complet-du-feuilleton-france-2-rentree-2018.html\" target=\"_blank\" rel=\"noopener\"><strong>Un si grand soleil<\/strong><\/a> avec Yvon Back \u00e0 20h45 juste avant le prime-time sur France 3. <a href=\"https:\/\/www.nouveautes-tele.com\/38439-plus-belle-la-vie-le-guide-des-resumes-et-spoilers.html\" target=\"_blank\" rel=\"noopener\"><strong>Plus belle la vie sur TF1<\/strong><\/a> \u00e0 14h avec St\u00e9phane Henon\u2026 et la vie est encore plus belle !<\/p>\n<p>                          <img loading=\"lazy\" decoding=\"async\" width=\"512\" height=\"512\" src=\"data:image\/svg+xml,%3Csvg%20xmlns=\" http:=\"\" alt=\"Logo de Nouveaut\u00e9 t\u00e9l\u00e9\" data-lazy-src=\"https:\/\/www.europesays.com\/fr\/wp-content\/uploads\/2025\/06\/nt-logo.png\"\/><\/p>\n<p>\t\t\t  Isabelle Corteilles<\/p>\n<p>Titou, fondatrice de Nouveaut\u00e9s T\u00e9l\u00e9 en 2014, passionn\u00e9e de m\u00e9dias et incollable sur l\u2019actualit\u00e9 des s\u00e9ries t\u00e9l\u00e9. De la g\u00e9n\u00e9ration Dawson\u2019s Creek et Sous le Soleil, je navigue aujourd\u2019hui entre le Spoon de DNA, les marais salants d\u2019ITC, le Mistral de PBLV et les Sauvages d\u2019Un Si Grand Soleil, pour ne rien rater des derni\u00e8res intrigues et des indiscr\u00e9tions.<\/p>\n","protected":false},"excerpt":{"rendered":"D\u00e9couvrez le r\u00e9sum\u00e9 d\u00e9taill\u00e9 de Demain nous appartient en avance du mercredi 14 janvier 2026 avec l\u2019\u00e9pisode 2118.&hellip;\n","protected":false},"author":2,"featured_media":655750,"comment_status":"","ping_status":"","sticky":false,"template":"","format":"standard","meta":{"footnotes":""},"categories":[1356],"tags":[58,59,1011,27,252,1364],"class_list":{"0":"post-655749","1":"post","2":"type-post","3":"status-publish","4":"format-standard","5":"has-post-thumbnail","7":"category-television","8":"tag-divertissement","9":"tag-entertainment","10":"tag-fr","11":"tag-france","12":"tag-television","13":"tag-tv"},"share_on_mastodon":{"url":"https:\/\/pubeurope.com\/@fr\/115875565094017244","error":""},"_links":{"self":[{"href":"https:\/\/www.europesays.com\/fr\/wp-json\/wp\/v2\/posts\/655749","targetHints":{"allow":["GET"]}}],"collection":[{"href":"https:\/\/www.europesays.com\/fr\/wp-json\/wp\/v2\/posts"}],"about":[{"href":"https:\/\/www.europesays.com\/fr\/wp-json\/wp\/v2\/types\/post"}],"author":[{"embeddable":true,"href":"https:\/\/www.europesays.com\/fr\/wp-json\/wp\/v2\/users\/2"}],"replies":[{"embeddable":true,"href":"https:\/\/www.europesays.com\/fr\/wp-json\/wp\/v2\/comments?post=655749"}],"version-history":[{"count":0,"href":"https:\/\/www.europesays.com\/fr\/wp-json\/wp\/v2\/posts\/655749\/revisions"}],"wp:featuredmedia":[{"embeddable":true,"href":"https:\/\/www.europesays.com\/fr\/wp-json\/wp\/v2\/media\/655750"}],"wp:attachment":[{"href":"https:\/\/www.europesays.com\/fr\/wp-json\/wp\/v2\/media?parent=655749"}],"wp:term":[{"taxonomy":"category","embeddable":true,"href":"https:\/\/www.europesays.com\/fr\/wp-json\/wp\/v2\/categories?post=655749"},{"taxonomy":"post_tag","embeddable":true,"href":"https:\/\/www.europesays.com\/fr\/wp-json\/wp\/v2\/tags?post=655749"}],"curies":[{"name":"wp","href":"https:\/\/api.w.org\/{rel}","templated":true}]}}