{"id":655763,"date":"2026-01-11T08:47:08","date_gmt":"2026-01-11T08:47:08","guid":{"rendered":"https:\/\/www.europesays.com\/fr\/655763\/"},"modified":"2026-01-11T08:47:08","modified_gmt":"2026-01-11T08:47:08","slug":"en-direct-guerre-en-ukraine-le-point-sur-la-situation-le-monde-fr-16","status":"publish","type":"post","link":"https:\/\/www.europesays.com\/fr\/655763\/","title":{"rendered":"EN DIRECT, guerre en Ukraine : le point sur la situation &#8211; Le Monde.fr"},"content":{"rendered":"<ol>\n<li><a href=\"https:\/\/news.google.com\/rss\/articles\/CBMiwgFBVV95cUxQdDR2TGd3NlNudXZHUkhmbk1yZmJJLUw2UEx6eVhpcFVfZy00YU5VbU95U1RpdVNGdENtWWt5T3Z5ekZmU0FUbmE2Y21KbmhVMXlCemotVktIUTFhakpIbHdFbHVfM0tYaU5PWjRzYUhud2VLUEVDTFNackpCdHFqMGJHOXJCMG5JWFBjd3Rjc01MaUlrbUpZamJNNG9zWlJ3VDNtQ2ZXSkRpUTZCRjhGWHNCclNxaUQzWXdvM0xaak01dw?oc=5\" target=\"_blank\" rel=\"noopener\">EN DIRECT, guerre en Ukraine : le point sur la situation<\/a>&nbsp;&nbsp;Le Monde.fr<\/li>\n<li><a href=\"https:\/\/news.google.com\/rss\/articles\/CBMijgJBVV95cUxQOHdubUJHQVFjV21sb1NpUHAtQnBPM0VSTkhCUXJMMTlVTFVfZ0lwZGRRekRvaEFDV09XYmJ0NnYwVjlJUktTY2Vtczd5QzJxZGlYWmtnakhQMkQ2YjVjMTgwclhHaFE5b2s3MTFIMVJiZUxLV2Y2eE5mOGNBN2o1bEJEWFVKT00tUmd6cGNiTDZmaUpsaVFja0xYdDR2MWRia3I0a2RldGtiWkp2czhrWWVreC03bTJGME1tZVg4NEdLZFNxU1RvMl93M3R5RHZiR3VRdzZ3TlBCTmR0bjkzX3VOZzZhdEYwQUticUFzcFhDSllZaG9odC1hQkZhYVg2azN2UjVvWUVaWkxSSnc?oc=5\" target=\"_blank\" rel=\"noopener\">L\u2019Ukraine accuse la Russie d\u2019avoir attaqu\u00e9 avec des drones deux navires en mer Noire, tuant un marin syrien<\/a>&nbsp;&nbsp;Le marin<\/li>\n<li><a href=\"https:\/\/news.google.com\/rss\/articles\/CBMimgJBVV95cUxPOUdHQndUM01kOTB6UlZQS3U1cFVZOG5zUGFITFRFVnhSMm9zel9Ua0l4bG9Ldlpkdkdjdzkyck8yaE96Qkprc0REM3NQcFRJaGFDUWJkT3l4T2YtSnVRTzRyb29OaGwwZkljLUtKQlN5ck1MdS1fQS1nODJfWEdaMGZ0MExGenNUbC1vUFdnMk5IQzNmbm53bFcwbGpWV1JXc0EyYkVMY3F0ZWx3ZEFIT0xGYzRRQ25hclBkR1lMYkxFNjJLOUozdlcyYTlwTFJwaC1wMmFKRjJQNmNYbHFsdXBTWGdIT1RSZEJTTUxzZEZHWDBETUNfN0RjMFp3LXJBcVExNFE1UW82ZlN1VDhtLTJidmVydDc2WlE?oc=5\" target=\"_blank\" rel=\"noopener\">Tir d&rsquo;un missile russe Orechnik en Ukraine: le Conseil de s\u00e9curit\u00e9 de l&rsquo;ONU r\u00e9uni en urgence lundi \u00e0 la demande de Kiev<\/a>&nbsp;&nbsp;BFM<\/li>\n<li><a href=\"https:\/\/news.google.com\/rss\/articles\/CBMiwAFBVV95cUxOQWVBVmdxQnFGcW81ejhneHFxMmNGQWNKcXhvT2FQVkR6X0I1S1hVbVR1UC0taW1oT0dOY3NfbjcwbDh6U2l0R1JfbGVXVktrVmg5c3pzUE9rTmNqZktYbXFEMWp4WUNuOUh1VmhqQ0Mzak9sYjEtN0RfZjdKV1I5c3RhN2F5ZUpIa056TS0xUjBnLTFZZENFQVdUSFJaTGdteDdGb2pWLTVNVHVISEN0bEh6MHpCclJhcmtUVWFTV3o?oc=5\" target=\"_blank\" rel=\"noopener\">Guerre en Ukraine : le Conseil de s\u00e9curit\u00e9 de l\u2019ONU se r\u00e9unira en urgence lundi apr\u00e8s les frappes russes sur Kiev<\/a>&nbsp;&nbsp;Le Figaro<\/li>\n<li><a href=\"https:\/\/news.google.com\/rss\/articles\/CBMi7gFBVV95cUxPaHdYbE1EMlRiUmlQVHJQMlgwMW1Da3lfcEgwc2FaRjg4cEpWWkNKcnU0WWs5RllkQWV5QjhDMDhySGVuZDJVdEd2Q3lGVnJkd21OVDZhc1Z4Rk5rNTVqZTluUnhMamVSM1lfZmEwaXR6amVCdVJTeV9keEJGa0R6RlJhWVNoeE1ULVktd2ZkcXhwRnZlR0RBdUg5N0tmSS1lZVowV1ZpV3g2RmJRa29vcnktTzNabDhxeXVqOEIxdVota2dlUHFlZE9RSncwdmxXOXZ0YUN3WXlwVENzTDN2V3IwdkgyVzlYNkt4bXlB0gHzAUFVX3lxTFBTVHdyZzVZRG50aC1KeHNISWROTU5HWWdHX0J2WXBKM3Z6eXpnNVFkTFlZTzB5NDNGWEZCaDdPYU0yWW9FU2RMU2tXc0ZIdW55ODRmNHg0U3pSel82M0pPbDhrTlNKcC1iU2J3SGR4ZXVac01nSUZobTJ3SW1wdDZNZER5b1hWREFGLTBfYnFONmhVcEI1eXV5Wm93M2pWa3dOOFpHanFsWHRPZ1VRd29BQllEUi1XUVE5a3Ewcnd3SExPcXBKV2J2SW5WLV9XTEhMcklOX2ZfWmQ2ZFV5SktqbEh1aG9GOWhjei1WMW9CSWtDbw?oc=5\" target=\"_blank\" rel=\"noopener\">Electricit\u00e9, eau et chauffage coup\u00e9s \u00e0 Kyiv pour r\u00e9parer le r\u00e9seau<\/a>&nbsp;&nbsp;Boursorama<\/li>\n<\/ol>\n","protected":false},"excerpt":{"rendered":"EN DIRECT, guerre en Ukraine : le point sur la situation&nbsp;&nbsp;Le Monde.fr L\u2019Ukraine accuse la Russie d\u2019avoir attaqu\u00e9&hellip;\n","protected":false},"author":2,"featured_media":655764,"comment_status":"","ping_status":"","sticky":false,"template":"","format":"standard","meta":{"footnotes":""},"categories":[5],"tags":[11,1011,27,14,12,28],"class_list":{"0":"post-655763","1":"post","2":"type-post","3":"status-publish","4":"format-standard","5":"has-post-thumbnail","7":"category-international","8":"tag-actualites","9":"tag-fr","10":"tag-france","11":"tag-international","12":"tag-news","13":"tag-world"},"share_on_mastodon":{"url":"https:\/\/pubeurope.com\/@fr\/115875600400048556","error":""},"_links":{"self":[{"href":"https:\/\/www.europesays.com\/fr\/wp-json\/wp\/v2\/posts\/655763","targetHints":{"allow":["GET"]}}],"collection":[{"href":"https:\/\/www.europesays.com\/fr\/wp-json\/wp\/v2\/posts"}],"about":[{"href":"https:\/\/www.europesays.com\/fr\/wp-json\/wp\/v2\/types\/post"}],"author":[{"embeddable":true,"href":"https:\/\/www.europesays.com\/fr\/wp-json\/wp\/v2\/users\/2"}],"replies":[{"embeddable":true,"href":"https:\/\/www.europesays.com\/fr\/wp-json\/wp\/v2\/comments?post=655763"}],"version-history":[{"count":0,"href":"https:\/\/www.europesays.com\/fr\/wp-json\/wp\/v2\/posts\/655763\/revisions"}],"wp:featuredmedia":[{"embeddable":true,"href":"https:\/\/www.europesays.com\/fr\/wp-json\/wp\/v2\/media\/655764"}],"wp:attachment":[{"href":"https:\/\/www.europesays.com\/fr\/wp-json\/wp\/v2\/media?parent=655763"}],"wp:term":[{"taxonomy":"category","embeddable":true,"href":"https:\/\/www.europesays.com\/fr\/wp-json\/wp\/v2\/categories?post=655763"},{"taxonomy":"post_tag","embeddable":true,"href":"https:\/\/www.europesays.com\/fr\/wp-json\/wp\/v2\/tags?post=655763"}],"curies":[{"name":"wp","href":"https:\/\/api.w.org\/{rel}","templated":true}]}}