{"id":655778,"date":"2026-01-11T08:56:10","date_gmt":"2026-01-11T08:56:10","guid":{"rendered":"https:\/\/www.europesays.com\/fr\/655778\/"},"modified":"2026-01-11T08:56:10","modified_gmt":"2026-01-11T08:56:10","slug":"sortir-a-montpellier-jonathan-coe-leo-ferre-yann-guillarme-des-idees-du-lundi-12-au-mercredi-14-janvier","status":"publish","type":"post","link":"https:\/\/www.europesays.com\/fr\/655778\/","title":{"rendered":"Sortir \u00e0 Montpellier\u00a0: Jonathan Coe, L\u00e9o Ferr\u00e9, Yann Guillarme\u2026 des id\u00e9es du lundi\u00a012 au mercredi 14\u00a0janvier"},"content":{"rendered":"<p>\n                                                                South Comedy Club, Hong-Kong Classics au Path\u00e9 Com\u00e9die, cycle Intersections au cin\u00e9ma Diagonal, C\u00e9dric Gourmelon met en mots L\u00e9o Ferr\u00e9\u00a0au th\u00e9\u00e2tre Jean-Vilar, Dans la peau de Cyrano au Kiasma, art na\u00eff \u00e0\u00a0Shakespeare, fac de m\u00e9decine, Jonathan Coe \u00e0 Sauramps ou\u00a0Yann Guillarme \u00e0 l\u2019Od\u00e9on Montpellier.\n                            <\/p>\n<p>D\u00e9couvrez notre s\u00e9lection de sorties pour ce d\u00e9but de semaine du c\u00f4t\u00e9 de<a href=\"https:\/\/www.midilibre.fr\/herault\/montpellier\/\" target=\"_blank\" rel=\"noopener\"> Montpellier<\/a> et faites le plein d\u2019id\u00e9es avec <a href=\"https:\/\/www.midilibre.fr\/agenda\/?path=&amp;q=&amp;where=herault%3Amontpellier&amp;insee=34172&amp;from=2026-01-12&amp;to=2026-01-14&amp;agendapg=23#2083029\" target=\"_blank\" rel=\"noopener\">notre agenda en ligne<\/a>.<\/p>\n<p>Lundi 12\u00a0janvier<\/p>\n<p>South Comedy Club<\/p>\n<blockquote data-instgrm-captioned=\"\" data-instgrm-permalink=\"https:\/\/www.instagram.com\/p\/DS-NTqbDZm6\/?utm_source=ig_embed&amp;utm_campaign=loading\" data-instgrm-version=\"14\" style=\" background:#FFF; border:0; border-radius:3px; box-shadow:0 0 1px 0 rgba(0,0,0,0.5),0 1px 10px 0 rgba(0,0,0,0.15); margin: 1px; max-width:540px; min-width:326px; padding:0; width:99.375%; width:-webkit-calc(100% - 2px); width:calc(100% - 2px);\" data-class=\"instagram-media\"\/>\n<p><strong>Stand-up<\/strong>. Lors de cette soir\u00e9e, vous aurez l\u2019occasion de d\u00e9couvrir six humoristes du sud de la France et d\u2019ailleurs, chacun proposant un passage de 10 minutes, dans un univers qui leur est propre.<\/p>\n<p>&gt;\u00a0<strong>Lundi 12\u00a0janvier<\/strong> \u00e0 <strong>20\u00a0heures<\/strong> au\u00a0Un Bar et Jivay, 48 square de la Babote \u00e0 <a href=\"https:\/\/www.midilibre.fr\/herault\/montpellier\/\" target=\"_blank\" rel=\"noopener\">Montpellier<\/a>.\u00a0L\u2019entr\u00e9e est gratuite avec une sortie au chapeau, sur r\u00e9servation au 06\u00a045\u00a092\u00a031\u00a020 (SMS id\u00e9alement).<\/p>\n<p>Hong-Kong Classics\u00a0: \u00ab\u00a0City on Fire\u00a0\u00bb<\/p>\n<p><strong>Cin\u00e9ma.<\/strong> Action, policier, thriller (1h40, VOST, interdit aux moins de 12 ans) de Ringo Lam, avec Chow Yun-Fat, Danny Lee, Sun Yueh. \u00c0 la suite d\u2019un assassinat en plein quartier populaire de Hong Kong, l\u2019inspecteur Lau charge un de ses meilleurs flics d\u2019infiltrer un gang de dangereux malfaiteurs. Ko Chow devient ainsi une \u00ab\u00a0taupe\u00a0\u00bb, suspect\u00e9 par les braqueurs et poursuivi par la police qui ignore tout de sa v\u00e9ritable identit\u00e9.<\/p>\n<p>&gt;\u00a0<strong>Lundi 12\u00a0janvier<\/strong> \u00e0 <strong>22\u00a0heures<\/strong> au <a href=\"https:\/\/www.pathe.fr\/cinemas\/cinema-pathe-comedie\" target=\"_blank\" rel=\"noopener\">cin\u00e9ma Path\u00e9 Com\u00e9die<\/a>, 10 place de la Com\u00e9die \u00e0 <a href=\"https:\/\/www.midilibre.fr\/herault\/montpellier\/\" target=\"_blank\" rel=\"noopener\">Montpellier<\/a>. Tarif sp\u00e9cial 9\u00a0\u20ac, moins de 14 ans 6\u00a0\u20ac.<\/p>\n<p>Mardi 13\u00a0janvier<\/p>\n<p>Cycle Intersections\u00a0: \u00ab\u00a0Freda\u00a0\u00bb<\/p>\n<p><strong>Cin\u00e9ma.<\/strong> S\u00e9ance pr\u00e9sent\u00e9e par Maureen Lepers, docteure en cin\u00e9ma sp\u00e9cialiste d\u2019analyse filmique et d\u2019enjeux de repr\u00e9sentation, organis\u00e9e par Cl\u00e9mence Allamand et Herv\u00e9 Mayer (universit\u00e9 Paul-Val\u00e9ry) dans le cadre du projet de recherche ANR Femme sur le f\u00e9minisme et les femmes r\u00e9alisatrices, sc\u00e9naristes et productrices dans les films et les s\u00e9ries TV en France, Grande-Bretagne et aux \u00c9tats-Unis. Drame (1h33) de Gessica G\u00e9n\u00e9us, avec N\u00e9h\u00e9mie Bastien.<\/p>\n<p>&gt;\u00a0<strong>Mardi 13\u00a0janvier <\/strong>\u00e0 <strong>20\u00a0heures <\/strong>au <a href=\"https:\/\/www.cinediagonal.com\/\" target=\"_blank\" rel=\"noopener\">cin\u00e9ma Diagonal<\/a>, 5 rue de Verdun \u00e0 <a href=\"https:\/\/www.midilibre.fr\/herault\/montpellier\/\" target=\"_blank\" rel=\"noopener\">Montpellier<\/a>. Tarif normal 8\u00a0\u20ac, \u00e9tudiant 6\u00a0\u20ac. Contact au\u00a004\u00a067\u00a058\u00a058\u00a010.<\/p>\n<p>Words\u2026 words\u2026 words\u2026<\/p>\n<p><strong>Th\u00e9\u00e2tre.<\/strong> Ni pi\u00e8ce de th\u00e9\u00e2tre, ni hommage, ce spectacle de C\u00e9dric Gourmelon est une nouvelle mise en mots d\u2019\u0153uvres plus ou moins connues de L\u00e9o Ferr\u00e9. L\u2019occasion d\u2019embarquer dans un v\u00e9ritable voyage jubilatoire. En plusieurs tableaux, il trouve le moyen, en approchant pourtant une l\u00e9gende de la chanson fran\u00e7aise, d\u2019envoyer balader toutes les conventions.<\/p>\n<p>&gt;\u00a0<strong>Mardi 13\u00a0janvier <\/strong>et\u00a0<strong>mercredi 14\u00a0janvier <\/strong>\u00e0 <strong>20\u00a0heures <\/strong>au <a href=\"https:\/\/theatrejeanvilar.montpellier.fr\/\" target=\"_blank\" rel=\"noopener\">th\u00e9\u00e2tre Jean-Vilar<\/a>, 155 rue de Bologne \u00e0 <a href=\"https:\/\/www.midilibre.fr\/herault\/montpellier\/\" target=\"_blank\" rel=\"noopener\">Montpellier<\/a>. Plein tarif 20\u00a0\u20ac, tarif r\u00e9duit 11\u00a0\u20ac, moins de 16 ans 5\u00a0\u20ac. Contact au\u00a004\u00a067\u00a040\u00a041\u00a039.<\/p>\n<p>Dans la peau de Cyrano<\/p>\n<p><strong>Th\u00e9\u00e2tre. <\/strong>Colin fait sa rentr\u00e9e dans un nouveau coll\u00e8ge. Pas facile de passer du monde de l\u2019enfance \u00e0 celui des grands, surtout quand on est \u00ab\u00a0diff\u00e9rent\u00a0\u00bb. La route est sem\u00e9e d\u2019emb\u00fbches. Mais une rencontre d\u00e9terminante avec son professeur de th\u00e9\u00e2tre, figure paternelle et bienveillante, guidera ses pas vers un nouvel essor, comme une nouvelle naissance. Un spectacle dr\u00f4le et po\u00e9tique o\u00f9 un com\u00e9dien seul en sc\u00e8ne interpr\u00e8te une galerie de personnages hauts en couleur.<\/p>\n<p>&gt;\u00a0<strong>Mardi 13\u00a0janvier <\/strong>\u00e0 <strong>20\u00a0heures<\/strong> au <a href=\"https:\/\/lekiasma.vostickets.fr\/Billet\/FR\/representation-LE_KIASMA-29932-0.wb?REFID=PpouAAAAAAAIAA\" target=\"_blank\" rel=\"noopener\">Kiasma<\/a>, 1 rue de la Crouzette \u00e0 <a href=\"https:\/\/www.midilibre.fr\/herault\/castelnau-le-lez\/\" target=\"_blank\" rel=\"noopener\">Castelnau-le-Lez<\/a>. Plein tarif 19\u00a0\u20ac, tarif r\u00e9duit 16\u00a0\u20ac, 12-25 ans 10\u00a0\u20ac, moins de 12 ans 8\u00a0\u20ac. Contact au\u00a004\u00a067\u00a014\u00a019\u00a008.<\/p>\n<p>Mercredi 14\u00a0janvier<\/p>\n<p>\u00c0 la d\u00e9couverte de l\u2019art na\u00eff<\/p>\n<p><strong>Atelier.<\/strong> Venez d\u00e9couvrir avec nous l\u2019univers color\u00e9 et libre des peintres dits \u00ab\u00a0na\u00effs\u00a0\u00bb. Apr\u00e8s avoir explor\u00e9 le panorama de ce mouvement artistique, un atelier cr\u00e9atif, ludique et imaginatif \u00ab\u00a0\u00e0 la mani\u00e8re du Douanier Rousseau\u00a0\u00bb vous sera propos\u00e9\u00a0! Tout public \u00e0 partir de 8 ans.<\/p>\n<p>&gt;\u00a0<strong>Mercredi 14\u00a0janvier<\/strong> de <strong>15\u00a0h \u00e0 17\u00a0heures<\/strong> \u00e0 la <a href=\"https:\/\/mediatheques.montpellier3m.fr\/default\/mediatheque-william-shakespeare.aspx?_lg=fr-FR\" target=\"_blank\" rel=\"noopener\">m\u00e9diath\u00e8que William-Shakespeare<\/a>, 150 avenue Paul-Bringuier \u00e0 <a href=\"https:\/\/www.midilibre.fr\/herault\/montpellier\/\" target=\"_blank\" rel=\"noopener\">Montpellier<\/a>. Gratuit, acc\u00e8s libre dans la limite des places disponibles. Contact au\u00a004\u00a067\u00a016\u00a034\u00a020.<\/p>\n<p>\u00ab\u00a0La facult\u00e9 de m\u00e9decine\u00a0: un b\u00e2timent historique\u00a0\u00bb<\/p>\n<p><strong>Visite guid\u00e9e. <\/strong>La plus ancienne facult\u00e9 de M\u00e9decine du monde occidental vous ouvre ses portes\u2026 Partez \u00e0 la rencontre de Rabelais, Nostradamus, Fran\u00e7ois Gigot, Lapeyronie ou encore Glafira Ziegelemann l\u2019une des toutes premi\u00e8res \u00e9tudiantes de la facult\u00e9. La visite inclut l\u2019acc\u00e8s \u00e0 la cour de l\u2019ancien couvent, \u00e0 la salle du Conseil et\/ou \u00e0 la salle des Actes, et \u00e0 la salle Delmas Orfila Rouvi\u00e8re. Interdit aux moins de 12 ans.<\/p>\n<p>&gt;\u00a0<strong>Mercredi 14\u00a0janvier <\/strong>de <strong>15\u00a0h \u00e0 17\u00a0heures<\/strong> \u00e0 l\u2019ancienne facult\u00e9 de m\u00e9decine, 2 rue de l\u2019\u00c9cole de M\u00e9decine \u00e0 <a href=\"https:\/\/www.midilibre.fr\/herault\/montpellier\/\" target=\"_blank\" rel=\"noopener\">Montpellier<\/a>. Plein tarif\u00a015\u00a0\u20ac, 12-17 ans\u00a012\u00a0\u20ac sur <a href=\"https:\/\/www.montpellier-tourisme.fr\/agenda\/tout-l-agenda\/la-faculte-de-medecine-un-batiment-historique-montpellier-fr-5973768\/\" target=\"_blank\" rel=\"noopener\">r\u00e9servation obligatoire<\/a> aupr\u00e8s de l\u2019<a href=\"https:\/\/www.montpellier-tourisme.fr\/\" target=\"_blank\" rel=\"noopener\">office de tourisme de Montpellier<\/a>. Contact au\u00a004\u00a067\u00a060\u00a060\u00a060.<\/p>\n<p>Rencontre avec Jonathan Coe<\/p>\n<p><strong>Litt\u00e9rature.<\/strong> Autour de son livre \u00ab\u00a0Les preuves de mon innocence\u00a0\u00bb. \u00c0 la veille de son d\u00e9part \u00e0 la retraite, l\u2019inspectrice Prudence Freeborne doit g\u00e9rer une ultime enqu\u00eate. La victime \u00e9tait un blogger de gauche infiltr\u00e9 dans un rassemblement d\u2019ultraconservateurs dans le manoir d\u2019un grand h\u00e9ritier. Jonathan Coe est n\u00e9 en 1961 \u00e0 Birmingham. Il est l\u2019un des auteurs majeurs de la litt\u00e9rature britannique contemporaine. Rencontre anim\u00e9e par Arnaud et traduite par Jeanette Franklin.<\/p>\n<p>&gt;\u00a0<strong>Mercredi 14\u00a0janvier <\/strong>\u00e0 <strong>18\u00a0heures<\/strong>\u00a0\u00e0 la <a href=\"https:\/\/www.sauramps.com\/posts\/30\/Nos-evenements\" target=\"_blank\" rel=\"noopener\">librairie Sauramps Com\u00e9die<\/a>, le Triangle, all\u00e9e Jules-Milhau \u00e0 <a href=\"https:\/\/www.midilibre.fr\/herault\/montpellier\/\" target=\"_blank\" rel=\"noopener\">Montpellier<\/a>. Contact au\u00a004\u00a067\u00a006\u00a078\u00a078.<\/p>\n<p>Yann Guillarme, \u00ab\u00a0Libre\u00a0!\u00a0\u00bb<\/p>\n<p><strong>Spectacle.<\/strong> Libre *Adjectif. Se dit d\u2019une personne qui a le pouvoir, le droit de d\u00e9cider, d\u2019agir par soi-m\u00eame, quitte \u00e0 faire du reggae en \u00e9tant blanc et chanter BABYLON VEUT NOUS CENSURER alors qu\u2019on ne sait pas ce qu\u2019est Babylone\u00a0! Libre de porter des lunettes fum\u00e9es, d\u2019\u00eatre en couple depuis 20 ans avec, avec qui\u2026 d\u00e9j\u00e0\u00a0?<\/p>\n<p>&gt;\u00a0<strong>Mercredi 14\u00a0janvier<\/strong> \u00e0 <strong>20\u00a0h\u00a045 <\/strong>\u00e0 l\u2019<a href=\"https:\/\/www.odeonmontpellier.com\/\" target=\"_blank\" rel=\"noopener\">Od\u00e9on Montpellier<\/a>, Zac du Fenouillet \u00e0 <a href=\"https:\/\/www.midilibre.fr\/herault\/perols\/\" target=\"_blank\" rel=\"noopener\">P\u00e9rols<\/a>. Plein tarif 26\u00a0\u20ac. Contact au 09\u00a086\u00a068\u00a013\u00a013.<\/p>\n<p>                                                                                                                                                                                                        <script async src=\"\/\/www.instagram.com\/embed.js\"><\/script><\/p>\n","protected":false},"excerpt":{"rendered":"South Comedy Club, Hong-Kong Classics au Path\u00e9 Com\u00e9die, cycle Intersections au cin\u00e9ma Diagonal, C\u00e9dric Gourmelon met en mots&hellip;\n","protected":false},"author":2,"featured_media":655779,"comment_status":"","ping_status":"","sticky":false,"template":"","format":"standard","meta":{"footnotes":""},"categories":[9599],"tags":[1111,11,872,1777,674,1011,27,7089,2208,12,2680,25],"class_list":{"0":"post-655778","1":"post","2":"type-post","3":"status-publish","4":"format-standard","5":"has-post-thumbnail","7":"category-montpellier","8":"tag-actu","9":"tag-actualites","10":"tag-culture-et-loisirs","11":"tag-eu","12":"tag-europe","13":"tag-fr","14":"tag-france","15":"tag-herault","16":"tag-montpellier","17":"tag-news","18":"tag-occitanie","19":"tag-republique-francaise"},"share_on_mastodon":{"url":"https:\/\/pubeurope.com\/@fr\/115875635720411035","error":""},"_links":{"self":[{"href":"https:\/\/www.europesays.com\/fr\/wp-json\/wp\/v2\/posts\/655778","targetHints":{"allow":["GET"]}}],"collection":[{"href":"https:\/\/www.europesays.com\/fr\/wp-json\/wp\/v2\/posts"}],"about":[{"href":"https:\/\/www.europesays.com\/fr\/wp-json\/wp\/v2\/types\/post"}],"author":[{"embeddable":true,"href":"https:\/\/www.europesays.com\/fr\/wp-json\/wp\/v2\/users\/2"}],"replies":[{"embeddable":true,"href":"https:\/\/www.europesays.com\/fr\/wp-json\/wp\/v2\/comments?post=655778"}],"version-history":[{"count":0,"href":"https:\/\/www.europesays.com\/fr\/wp-json\/wp\/v2\/posts\/655778\/revisions"}],"wp:featuredmedia":[{"embeddable":true,"href":"https:\/\/www.europesays.com\/fr\/wp-json\/wp\/v2\/media\/655779"}],"wp:attachment":[{"href":"https:\/\/www.europesays.com\/fr\/wp-json\/wp\/v2\/media?parent=655778"}],"wp:term":[{"taxonomy":"category","embeddable":true,"href":"https:\/\/www.europesays.com\/fr\/wp-json\/wp\/v2\/categories?post=655778"},{"taxonomy":"post_tag","embeddable":true,"href":"https:\/\/www.europesays.com\/fr\/wp-json\/wp\/v2\/tags?post=655778"}],"curies":[{"name":"wp","href":"https:\/\/api.w.org\/{rel}","templated":true}]}}