{"id":655782,"date":"2026-01-11T09:02:47","date_gmt":"2026-01-11T09:02:47","guid":{"rendered":"https:\/\/www.europesays.com\/fr\/655782\/"},"modified":"2026-01-11T09:02:47","modified_gmt":"2026-01-11T09:02:47","slug":"la-campagne-de-laurence-ruffin-verts-senlise-toujours-plus","status":"publish","type":"post","link":"https:\/\/www.europesays.com\/fr\/655782\/","title":{"rendered":"LA CAMPAGNE DE LAURENCE RUFFIN (VERTS) S&rsquo;ENLISE TOUJOURS PLUS"},"content":{"rendered":"<p>Posted On 10 janvier 2026 <\/p>\n<p style=\"text-align: justify;\">Quand \u00e7a veut pas, \u00e7a veut pas. La nouvelle ann\u00e9e ne s&rsquo;est pas accompagn\u00e9e d&rsquo;un nouvel \u00e9lan pour la candidate des Verts, Laurence Ruffin, qui continue de patiner p\u00e9niblement et ne parvient pas \u00e0 insuffler de dynamique \u00e0 sa campagne.<\/p>\n<p>UNE CAMPAGNE N\u00c9E DANS LA DOULEUR, QUI SE POURSUIT DANS LA DOULEUR<\/p>\n<p style=\"text-align: justify;\">Finalement c&rsquo;est comme si <a href=\"https:\/\/grenoble-le-changement.fr\/2025\/10\/14\/lexplosion-facon-puzzle-des-verts-lfi-se-poursuit-a-grenoble\/\" target=\"_blank\" rel=\"noopener\">le d\u00e9sastre de la d\u00e9signation de la candidate<\/a>, pouss\u00e9e par Eric Piolle qui n&rsquo;a pas h\u00e9sit\u00e9 \u00e0 faire usage de pressions et menaces y compris d&rsquo;ordre priv\u00e9 sur l&rsquo;une de ses adjointes historiques, avait laiss\u00e9 une t\u00e2che ind\u00e9l\u00e9bile, une mal\u00e9diction sur son camp qui ne s&rsquo;en rel\u00e8ve toujours pas. La t\u00eate de liste Laurence Ruffin est n\u00e9e dans la douleur, sa campagne se poursuit dans la douleur. Rien de ce qu&rsquo;elle a entrepris jusque-l\u00e0 n&rsquo;est parvenu \u00e0 lui donner un second souffle.<\/p>\n<p><a href=\"https:\/\/grenoble-le-changement.fr\/wp-content\/uploads\/2025\/09\/mediapart-piolle-fiasco.png\" rel=\"lightbox[87120] noopener\" target=\"_blank\"><img loading=\"lazy\" decoding=\"async\" class=\" wp-image-84819 jetpack-lazy-image\" src=\"https:\/\/grenoble-le-changement.fr\/wp-content\/uploads\/2025\/09\/mediapart-piolle-fiasco-300x148.png\" alt=\"\" width=\"661\" height=\"326\" data-lazy-src=\"https:\/\/www.europesays.com\/fr\/wp-content\/uploads\/2025\/09\/mediapart-piolle-fiasco-300x148.png\" \/><\/a>Mediapart en septembre. Laurence Ruffin est toujours emp\u00eatr\u00e9e dans le \u00ab\u00a0fiasco\u00a0\u00bb.<br \/>\nLANCEMENT, INAUGURATION DU LOCAL : BIDE SUR BIDE<\/p>\n<p style=\"text-align: justify;\"><a href=\"https:\/\/grenoble-le-changement.fr\/2025\/10\/18\/laurence-ruffin-lance-sa-campagne-en-catimini-avec-ce-quil-reste-des-verts\/\" target=\"_blank\" rel=\"noopener\">Le lancement officiel de sa candidature dans le hall du Palais des Sports en octobre<\/a> ? Un bide retentissant, r\u00e9unissant \u00e0 grande peine une poign\u00e9e de militants et surtout des \u00e9lus de la majorit\u00e9 Piolle sortants, jouant des coudes pour se recaser sur la liste de ce qu&rsquo;ils entendent \u00eatre un mandat \u00ab\u00a0Piolle III\u00a0\u00bb. L&rsquo;inauguration de son local en d\u00e9cembre ? Pas mieux, les m\u00eames personnes, en encore moins nombreuses.\u00a0<\/p>\n<p>\u00a0RUFFIN R\u00c9UNIT 40 MILITANTS ET \u00c9LUS POUR SES VOEUX&#8230;<\/p>\n<p style=\"text-align: justify;\">Ruffin comptait donc sur ses v\u0153ux, ce mardi 7 janvier, pour relancer la machine. <a target=\"_blank\" href=\"https:\/\/www.facebook.com\/photo?fbid=122121972579034349&amp;set=pcb.122121972117034349\" rel=\"noopener\">Encore un \u00e9chec, avec toujours moins de monde que pour les deux pr\u00e9c\u00e9dents \u00e9v\u00e9nements !<\/a>\u00a0Dans une ambiance sinistre, une petite quarantaine de militants et sympathisants vieillissants des \u00e9colos, de vieux parrains du syst\u00e8me Verts\/ADES (Raymond Avrillier, Vincent Fristot) et d&rsquo;\u00e9lus Piollistes sortants (Nicolas Kada, C\u00e9line Deslattes..) se sont retrouv\u00e9s.<\/p>\n<p><img decoding=\"async\" data-id=\"87133\" src=\"https:\/\/grenoble-le-changement.fr\/wp-content\/uploads\/2026\/01\/Ruffin-voeux.jpg\" alt=\"\" class=\"wp-image-87133 jetpack-lazy-image\" data-lazy-src=\"https:\/\/www.europesays.com\/fr\/wp-content\/uploads\/2026\/01\/Ruffin-voeux.jpg\" \/><\/p>\n<p><img decoding=\"async\" data-id=\"87132\" src=\"https:\/\/grenoble-le-changement.fr\/wp-content\/uploads\/2026\/01\/Ruffin-voeux-2.jpg\" alt=\"\" class=\"wp-image-87132 jetpack-lazy-image\" data-lazy-src=\"https:\/\/www.europesays.com\/fr\/wp-content\/uploads\/2026\/01\/Ruffin-voeux-2.jpg\" \/><br \/>\nAmbiance, affluence et jeunesse pour les v\u0153ux aux Grenoblois de la candidate des Verts\u2026<\/p>\n<p>\u00ab\u00a0ET SURTOUT LA SANT\u00c9\u00a0\u00bb PAR CEUX QUI ONT FAIT PLONGER GRENOBLE POUR LA SANT\u00c9<\/p>\n<p style=\"text-align: justify;\">Le th\u00e8me choisi et placard\u00e9 sur les affiches de la candidate, \u00ab\u00a0et surtout la sant\u00e9\u00a0\u00bb, n&rsquo;a semble-t-il pas convaincu. Comme on pouvait s&rsquo;en douter, elle s&rsquo;est content\u00e9e de ses g\u00e9n\u00e9ralit\u00e9s habituelles, affirmant qu&rsquo;il faut \u00ab\u00a0garantir l&rsquo;acc\u00e8s aux soins\u00a0\u00bb et une \u00ab\u00a0ville qui prot\u00e8ge\u00a0\u00bb mais sans jamais rentrer dans le d\u00e9tails du comment.<\/p>\n<p style=\"text-align: justify;\">Il faut croire que les Grenoblois ne sont pas dupes : <a href=\"https:\/\/grenoble-le-changement.fr\/2024\/12\/26\/grenoble-la-penurie-de-medecins-saggrave\/\" target=\"_blank\" rel=\"noopener\">qui serait assez masochiste pour faire confiance sur le sujet \u00e0 ceux qui, par id\u00e9ologie et impr\u00e9vision<\/a>, nous ont fait passer sous la moyenne de m\u00e9decins par habitants, et en passe de finir avec 1 Grenoblois sur 3 sans m\u00e9decin traitant !<\/p>\n<p>LES VERTS MALS ACCUEILLIS Y COMPRIS \u00c0 L&rsquo;ESTACADE<\/p>\n<p style=\"text-align: justify;\">\u00c0 2 mois du scrutin, c&rsquo;est donc toujours la crise pour les Verts, \u00e0 qui il ne reste plus beaucoup de cartouches pour essayer de se r\u00e9inventer. Sur le terrain \u00e7a ne prend pas non plus :<a href=\"https:\/\/grenoble-le-changement.fr\/2026\/01\/09\/la-solution-de-laurence-ruffin-colorier-le-sol-pour-aider-le-commerce\/\" target=\"_blank\" rel=\"noopener\"> la Marie-Chantal<\/a> a bien tent\u00e9 une excursion au march\u00e9 de l&rsquo;estacade le week-end dernier, r\u00e9put\u00e9 sociologiquement proche des Verts, et pourtant c&rsquo;est peu de dire que l&rsquo;accueil r\u00e9serv\u00e9 par les Grenoblois a \u00e9t\u00e9 \u00e0 l&rsquo;image de la m\u00e9t\u00e9o : glacial.\u00a0<\/p>\n<p>UN SYST\u00c8ME ANTHROPOPHAGE \u00c0 BOUT DE SOUFFLE<\/p>\n<p style=\"text-align: justify;\">Il faut dire qu&rsquo;on pourrait difficilement faire moins envie que le camp Ruffin. Tributaires d&rsquo;un bilan d\u00e9sastreux sur les plans financier, s\u00e9curitaire, social, \u00e9cologique. Cern\u00e9s par les condamnations r\u00e9centes (du Maire, de l&rsquo;un de ses adjoints) <a href=\"https:\/\/grenoble-le-changement.fr\/2025\/11\/30\/plainte-dans-laffaire-lheureux-piolle-d-spini-demande-a-laurence-ruffin-de-sexpliquer\/\" target=\"_blank\" rel=\"noopener\">et les affaires en cours<\/a> (l&rsquo;affaire Piolle\/Martin, la curieuse indemnit\u00e9 de d\u00e9part au conjoint d&rsquo;une adjointe, employ\u00e9 par la ville).<\/p>\n<p><a href=\"https:\/\/grenoble-le-changement.fr\/wp-content\/uploads\/2025\/09\/piolle-ruffin-manif-hilares.png\" rel=\"lightbox[87120] noopener\" target=\"_blank\"><img loading=\"lazy\" decoding=\"async\" class=\" wp-image-84768 jetpack-lazy-image\" src=\"https:\/\/grenoble-le-changement.fr\/wp-content\/uploads\/2025\/09\/piolle-ruffin-manif-hilares-300x298.png\" alt=\"\" width=\"561\" height=\"557\" data-lazy-src=\"https:\/\/www.europesays.com\/fr\/wp-content\/uploads\/2025\/11\/piolle-ruffin-manif-hilares-300x298.png\" \/><\/a>Piolle\/Ruffin, un syst\u00e8me en fin de vie<\/p>\n<p style=\"text-align: justify;\">Rong\u00e9s par la violence. Ils se d\u00e9vorent entre eux : Piolle a tu\u00e9 l&rsquo;une de ses adjointes les plus fid\u00e8les, Lucille Lheureux (Verts), qui voulait \u00eatre candidate t\u00eate de liste, pour imposer Ruffin. Pas franchement reconnaissante, cette-derni\u00e8re le remercie en l&rsquo;effacant de sa campagne et en refusant d&rsquo;apparaitre avec lui parce qu&rsquo;elle le consid\u00e8re comme un boulet corrosif tant il est rejet\u00e9 par les Grenoblois.\u00a0<\/p>\n<p>LES RALLIEMENTS D&rsquo;OPPORTUNISTES N&rsquo;ONT RIEN APPORT\u00c9<\/p>\n<p style=\"text-align: justify;\">Ce n&rsquo;est pas le pauvre ralliement du PS grenoblois qui a chang\u00e9 la donne : celui-ci \u00e9tait d\u00e9j\u00e0 en \u00e9tat de mort enc\u00e9phalique et <a href=\"https:\/\/grenoble-le-changement.fr\/2025\/11\/16\/a-germain-leffacement-du-ps-a-grenoble\/\" target=\"_blank\" rel=\"noopener\">ce ne sont pas les apparatchiks avides de postes au point de trahir leurs engagements<\/a>, Amandine Germain, C\u00e9cile C\u00e9natiempo, Hassen Bouzeghoub qui apportent quoi que ce soit aux Verts. Pas plus que le ralliement tout aussi opportuniste de l&rsquo;ex LFI Alan Confesson, actuel adjoint au commerce : habitants et commer\u00e7ants savent \u00e0 quoi s&rsquo;en tenir avec celui dont le bilan aura \u00e9t\u00e9 de multiplier par 2, \u00e0 12%, bien au-dessus des moyennes, le taux de vacance commerciale.<\/p>\n<p>L&rsquo;H\u00c9RITI\u00c8RE QUI NE VEUT PAS ASSUMER LE BILAN EST DANS UNE IMPASSE&#8230;<\/p>\n<p style=\"text-align: justify;\">Ruffin est en fait dans une impasse. Si elle s&rsquo;expose trop, elle sera syst\u00e9matiquement ramen\u00e9e au bilan de son pr\u00e9d\u00e9cesseur qu&rsquo;elle tente de fuir comme la peste. Et en ne s&rsquo;exposant pas, <a href=\"https:\/\/grenoble-le-changement.fr\/2025\/11\/10\/laurence-ruffin-limposture-verte-se-fait-discrete\/\" target=\"_blank\" rel=\"noopener\">en parlant le moins possible aux Grenoblois pour ne pas prendre de coups<\/a>, elle est condamn\u00e9e \u00e0 ne pas pouvoir \u00e9largir sa campagne. Elle ne peut compter que sur la sociologie de la ville, o\u00f9 il existe il est vrai un socle \u00e9lectoral pour les \u00ab\u00a0\u00e9colos\u00a0\u00bb autour de 25\/30%&#8230;<\/p>\n<p>&#8230; ET OUVRE LA PORTE DE GRENOBLE \u00c0 CEUX QUI VEULENT LE CHANGEMENT<\/p>\n<p style=\"text-align: justify;\">&#8230; ce qui peut faire une base au premier tour, mais ne sera jamais suffisant pour l&#8217;emporter au second. Cela signifie tr\u00e8s concr\u00e8tement que si les Grenoblois qui aspirent au changement pour la ville font bloc, si les candidats qui se lancent<a href=\"https:\/\/grenoble-le-changement.fr\/2025\/12\/14\/t-aldeguer-les-parachutes-de-derniere-minute-surfent-sur-les-problemes\/\" target=\"_blank\" rel=\"noopener\"> dans des aventures personnelles ou dict\u00e9es par des appareils politiques<\/a> font preuve de responsabilit\u00e9, la victoire d&rsquo;un projet de rupture est \u00e0 port\u00e9e de main (\u00e0 port\u00e9e d&rsquo;urne) le 22 mars prochain.<\/p>\n<p><a href=\"https:\/\/grenoble-le-changement.fr\/wp-content\/uploads\/2026\/01\/la-finale-AC-voeux.jpg\" rel=\"lightbox[87120] noopener\" target=\"_blank\"><img loading=\"lazy\" decoding=\"async\" class=\"wp-image-87137 aligncenter jetpack-lazy-image\" src=\"https:\/\/grenoble-le-changement.fr\/wp-content\/uploads\/2026\/01\/la-finale-AC-voeux-213x300.jpg\" alt=\"\" width=\"443\" height=\"624\" data-lazy-src=\"https:\/\/www.europesays.com\/fr\/wp-content\/uploads\/2026\/01\/la-finale-AC-voeux-213x300.jpg\" \/><\/a><\/p>\n<p>LES VOEUX DU CHANGEMENT : LA FINALE POUR GRENOBLE<\/p>\n<p style=\"text-align: justify;\">C&rsquo;est dans ce climat d&rsquo;espoir pour des lendemains meilleurs \u00e0 Grenoble qu&rsquo;Alain Carignon et le collectif R\u00e9concilier Grenoble qui l&rsquo;accompagne <a target=\"_blank\" href=\"https:\/\/www.facebook.com\/photo\/?fbid=1256741352940343&amp;set=a.151420270139129\" rel=\"noopener\">organisent leurs v\u0153ux aux Grenoblois<\/a> le lundi 19 janvier \u00e0 19h, au Stade des Alpes (entr\u00e9e sud). Tous ceux qui n&rsquo;acceptent pas l&rsquo;\u00e9tat de la ville actuel doivent se mobiliser et mobiliser leurs proches en vue de cette \u00e9ch\u00e9ance.<\/p>\n<p style=\"text-align: justify;\">\u00c0 quelques semaines des \u00e9lections, l&rsquo;engagement de chacun est primordial pour \u00e9viter le mandat Piolle\/Ruffin de trop, qui serait probablement fatal pour Grenoble.<\/p>\n","protected":false},"excerpt":{"rendered":"Posted On 10 janvier 2026 Quand \u00e7a veut pas, \u00e7a veut pas. La nouvelle ann\u00e9e ne s&rsquo;est pas&hellip;\n","protected":false},"author":2,"featured_media":655783,"comment_status":"","ping_status":"","sticky":false,"template":"","format":"standard","meta":{"footnotes":""},"categories":[9566],"tags":[1111,11,2430,24293,9607,1777,674,1011,27,2731,10136,12,26492,10140,25,10850],"class_list":{"0":"post-655782","1":"post","2":"type-post","3":"status-publish","4":"format-standard","5":"has-post-thumbnail","7":"category-grenoble","8":"tag-actu","9":"tag-actualites","10":"tag-auvergne-rhone-alpes","11":"tag-celine-deslattes","12":"tag-eric-piolle","13":"tag-eu","14":"tag-europe","15":"tag-fr","16":"tag-france","17":"tag-grenoble","18":"tag-laurence-ruffin","19":"tag-news","20":"tag-nicolas-kada","21":"tag-raymond-avrillier","22":"tag-republique-francaise","23":"tag-vincent-fristot"},"share_on_mastodon":{"url":"https:\/\/pubeurope.com\/@fr\/115875663428654141","error":""},"_links":{"self":[{"href":"https:\/\/www.europesays.com\/fr\/wp-json\/wp\/v2\/posts\/655782","targetHints":{"allow":["GET"]}}],"collection":[{"href":"https:\/\/www.europesays.com\/fr\/wp-json\/wp\/v2\/posts"}],"about":[{"href":"https:\/\/www.europesays.com\/fr\/wp-json\/wp\/v2\/types\/post"}],"author":[{"embeddable":true,"href":"https:\/\/www.europesays.com\/fr\/wp-json\/wp\/v2\/users\/2"}],"replies":[{"embeddable":true,"href":"https:\/\/www.europesays.com\/fr\/wp-json\/wp\/v2\/comments?post=655782"}],"version-history":[{"count":0,"href":"https:\/\/www.europesays.com\/fr\/wp-json\/wp\/v2\/posts\/655782\/revisions"}],"wp:featuredmedia":[{"embeddable":true,"href":"https:\/\/www.europesays.com\/fr\/wp-json\/wp\/v2\/media\/655783"}],"wp:attachment":[{"href":"https:\/\/www.europesays.com\/fr\/wp-json\/wp\/v2\/media?parent=655782"}],"wp:term":[{"taxonomy":"category","embeddable":true,"href":"https:\/\/www.europesays.com\/fr\/wp-json\/wp\/v2\/categories?post=655782"},{"taxonomy":"post_tag","embeddable":true,"href":"https:\/\/www.europesays.com\/fr\/wp-json\/wp\/v2\/tags?post=655782"}],"curies":[{"name":"wp","href":"https:\/\/api.w.org\/{rel}","templated":true}]}}