{"id":655789,"date":"2026-01-11T09:07:14","date_gmt":"2026-01-11T09:07:14","guid":{"rendered":"https:\/\/www.europesays.com\/fr\/655789\/"},"modified":"2026-01-11T09:07:14","modified_gmt":"2026-01-11T09:07:14","slug":"ce-que-proposent-les-candidats","status":"publish","type":"post","link":"https:\/\/www.europesays.com\/fr\/655789\/","title":{"rendered":"ce que proposent les candidats"},"content":{"rendered":"<p>                    Par<br \/>\n        <strong><br \/>\n            <a href=\"https:\/\/actu.fr\/auteur\/ugo-maillard\" title=\"Consulter tous les articles de Ugo Maillard\" target=\"_blank\" rel=\"noopener\">Ugo Maillard<\/a><br \/>\n                    <\/strong><\/p>\n<p>        Publi\u00e9 le<\/p>\n<p>            11 janv. 2026 \u00e0 8h48        <\/p>\n<p>Lors du mois de d\u00e9cembre\u00a02025, la r\u00e9daction d\u2019actu Nice est all\u00e9e \u00e0 la <a href=\"https:\/\/actu.fr\/provence-alpes-cote-d-azur\/nice_06088\/on-ne-touche-a-rien-ou-il-faut-tout-changer-les-habitants-de-ce-quartier-de-nice-divises_63590616.html\" target=\"_blank\" rel=\"noopener\">rencontre des Ni\u00e7ois<\/a> qui fr\u00e9quentent les <strong>boulevards Gambetta et Cessole<\/strong> pour comprendre leurs besoins et attentes. Entre les \u00e9cueils des pi\u00e9tons, des cyclistes, des automobilistes ou encore des commer\u00e7ants, les avis sur le devenir de cet axe structurant du centre-ville de Nice (<a href=\"https:\/\/actu.fr\/provence-alpes-cote-d-azur\/alpes-maritimes_06\" target=\"_blank\" rel=\"noopener\">Alpes-Maritimes<\/a>) sont tr\u00e8s partag\u00e9s. \u00ab\u2009Supprimer les places de parkings sur le trottoir pour cr\u00e9er une voie pour les bus uniquement et pour les v\u00e9los\u2009\u00bb\u2009; \u00ab\u2009Il faudrait un radar sur le secteur\u2009\u00bb\u2009; \u00ab\u2009Une piste cyclable \u00e7a pourrait \u00eatre bien\u2009\u00bb\u2009; ont notamment d\u00e9clar\u00e9 les riverains interrog\u00e9s sur les lieux, un mardi matin \u00e0 8h. Une question de partage de la route centrale, \u00e0 laquelle il faut ajouter les inqui\u00e9tudes sur <strong>l\u2019aspect accidentog\u00e8ne de l\u2019axe de 2,6 kilom\u00e8tres<\/strong>. En l\u2019espace de quelques mois, <a href=\"https:\/\/actu.fr\/provence-alpes-cote-d-azur\/nice_06088\/nice-apres-la-mort-d-un-jeune-dans-un-accident-un-quartier-entier-sous-le-choc_62497958.html\" target=\"_blank\" rel=\"noopener\">plusieurs accidents mortels<\/a> ont endeuill\u00e9 le quartier.<\/p>\n<p>    <a href=\"https:\/\/www.google.com\/maps\/embed?pb=!1m24!1m8!1m3!1d23070.633782464167!2d7.254056!3d43.714098!3m2!1i1024!2i768!4f13.1!4m13!3e2!4m5!1s0x12cdcf30d6a23c47%3A0xde144ce56c6f9116!2sniago%2C%20Pl.%20du%20G%C3%A9n%C3%A9ral%20Goiran%2C%2006100%20Nice!3m2!1d43.7254754!2d7.2491901!4m5!1s0x12cdd1a7bdc8600f%3A0x7e5e6eb612668bd4!2sL%27Imaginarium%20du%20Collectif%2C%2006000%20Nice!3m2!1d43.702728799999996!2d7.2561314999999995!5e0!3m2!1sfr!2sfr!4v1767625564509!5m2!1sfr!2sfr\" title=\"Ouvrie le lien\" target=\"_blank\" rel=\"noopener\">Cliquez ici pour visualiser le contenu<\/a><\/p>\n<p class=\" wall-content\">Quelle transformation faut-il apporter \u00e0 ces deux boulevards emprunt\u00e9s par 14\u2009000 v\u00e9hicules chaque jour\u2009? La question a \u00e9t\u00e9 pos\u00e9e aux candidats des <a href=\"https:\/\/actu.fr\/nice\/politique\/elections-municipales\" target=\"_blank\" rel=\"noopener\">\u00e9lections municipales de 2026 \u00e0 Nice<\/a>. Voici leurs propositions.<\/p>\n<p>Estrosi mise sur des changements \u00e0 la marge<\/p>\n<p class=\" wall-content\">Maire sortant et candidat \u00e0 sa r\u00e9\u00e9lection, <a href=\"https:\/\/actu.fr\/tag\/christian-estrosi\" target=\"_blank\" rel=\"noopener\">Christian Estrosi<\/a> a organis\u00e9 un \u00e9change avec les habitants du quartier pour glisser ses ambitions et recueillir les dol\u00e9ances des riverains, une fois encore, tr\u00e8s vari\u00e9e.<\/p>\n<p class=\" wall-content\">Le maire Horizons a souhait\u00e9 insister sur le succ\u00e8s des travaux sur le tron\u00e7on Gambetta Sud\u2009: \u00ab\u2009Une requalification utile avec de belles enseignes qui s\u2019installent, un BHNS performant avec une fr\u00e9quentation en hausse et un quartier transform\u00e9\u2009\u00bb.<\/p>\n<p class=\" wall-content\">Le projet de Christian Estrosi repose sur trois axes principaux\u2009: maintien de la circulation, stationnement, respect de la v\u00e9g\u00e9tation.<\/p>\n<blockquote class=\"ac-article-quote wall-content\">\n<p>Nous lancerons une concertation d\u00e8s avril 2026 pour un d\u00e9but de travaux au tout d\u00e9but 2027. Avec un objectif, am\u00e9liorer votre cadre de vie : requalification de la chauss\u00e9e, reprise du passage \u00e0 niveau, v\u00e9g\u00e9talisation renforc\u00e9e et un commerce redynamis\u00e9.<\/p>\n<p>    <strong>Christian Estrosi<\/strong><br \/>\n        Maire et candidat aux municipales de Nice    <\/p><\/blockquote>\n<p>Votre r\u00e9gion, votre actu !<\/p>\n<p>Recevez chaque jour les infos qui comptent pour vous.<\/p>\n<p>\t<a href=\"https:\/\/actu.fr\/newsletter\" class=\"ac-btn ac-btn--corner ac-btn--medium ac-btn--blue800\" target=\"_blank\" rel=\"noopener\">S&rsquo;incrire<\/a><\/p>\n<p class=\" wall-content\">Pour ce qui est de la place du v\u00e9lo sur l\u2019axe, le maire sortant a indiqu\u00e9 qu\u2019une piste cyclable n\u2019est pas pr\u00e9vue, mais qu\u2019un projet similaire sur un axe parall\u00e8le \u00e9tait envisag\u00e9.<\/p>\n<p>Chesnel-Le Roux veut un meilleur partage avec les cyclistes<\/p>\n<p class=\" wall-content\">Pour la candidate de la liste de gauche Unis pour Nice\u2009: \u00ab\u2009Il faut r\u00e9organiser la circulation sur le boulevard Cessole du fait des accidents et notamment de l\u2019\u00e9tat de la chauss\u00e9e qui n\u2019est pas bon. Nous ne souhaitons pas interdire la circulation mais partager avec les cyclistes.\u2009\u00bb<\/p>\n<p class=\" wall-content\">\u00ab\u2009Le but n\u2019est pas de faire comme la partie sud de Gambetta en interdisant toutes les voitures, mais imaginer un meilleur partage de l\u2019espace\u2009\u00bb, d\u00e9taille<a href=\"https:\/\/actu.fr\/provence-alpes-cote-d-azur\/nice_06088\/municipales-2026-a-nice-la-liste-de-gauche-s-attaque-a-la-place-de-la-voiture-ses-idees-chocs_63558173.html\" target=\"_blank\" rel=\"noopener\"> Juliette Chesnel-Le Roux<\/a>.<\/p>\n<p>    <img   decoding=\"async\" loading=\"lazy\" src=\"https:\/\/www.europesays.com\/fr\/wp-content\/uploads\/2025\/12\/nice-gambetta-bus-960x640.png\" alt=\"Le secteur sud du Gambetta est interdit aux voitures.\" width=\"960\" height=\"640\"\/><br \/>\n    Le secteur sud du Gambetta est interdit aux voitures. (\u00a9Ugo Maillard \/ actu Nice)<\/p>\n<blockquote class=\"ac-article-quote wall-content\">\n<p>Il y a un peu moins, mais on retrouve encore des voitures en double file. On doit expliquer aux commer\u00e7ants qu\u2019ils n\u2019ont rien \u00e0 perdre \u00e0 ce que ce soit supprim\u00e9. Il y a suffisamment de parkings relais.<\/p>\n<p>    <strong>Juliette Chesnel-Le Roux<\/strong><br \/>\n        Candidate Unis pour Nice     <\/p><\/blockquote>\n<p class=\" wall-content\">La candidate d\u2019une liste de gauche compos\u00e9e du PS, PC et des \u00c9cologiste \u00ab\u2009compte rencontre les habitants du quartier prochainement\u2009\u00bb.<\/p>\n<p>Governatori mise sur les transports et ne change rien<\/p>\n<p class=\" wall-content\">Sollicit\u00e9 par la r\u00e9daction d\u2019actu Nice, Jean-Marc Governatori indique que \u00ab\u2009r\u00e9pondre aux pr\u00e9occupations des riverains sur l\u2019axe Cessole-Gambetta passe in\u00e9vitablement par la cr\u00e9ation des conditions pour que les Ni\u00e7oises et Ni\u00e7ois aient moins besoin de la voiture\u2009\u00bb.<\/p>\n<p class=\" wall-content\">Le candidat d\u2019une liste \u00ab\u2009\u00e9cologiste au centre\u2009\u00bb liste tous les \u00e9l\u00e9ments qui feront de sa politique municipale de transports \u00ab\u2009la meilleure de France\u2009\u00bb. Les \u00e9l\u00e9ments sont \u00e0 retrouver en d\u00e9tail dans <a href=\"https:\/\/actu.fr\/provence-alpes-cote-d-azur\/nice_06088\/municipales-2026-a-nice-la-coulee-verte-une-offense-a-l-intelligence-lache-l-ecolo-jean-marc-governatori_63347482.html\" target=\"_blank\" rel=\"noopener\">une interview accord\u00e9e \u00e0 notre r\u00e9daction<\/a>.<\/p>\n<p class=\" wall-content\">En outre, Jean-Marc Governatori n\u2019annonce pas de nouveaut\u00e9s claires sur l\u2019axe routier.<\/p>\n<p>Une \u00e9coute des habitants pour Granouillac<\/p>\n<p class=\" wall-content\">\u00c0 l\u2019instar de tous les candidats \u00e0 l\u2019\u00e9lection municipale de Nice de 2026, la priorit\u00e9 d\u2019<a href=\"https:\/\/actu.fr\/provence-alpes-cote-d-azur\/nice_06088\/municipales-2026-de-nice-cette-conseillere-ecolo-lance-une-nouvelle-candidature-a-gauche_63188705.html\" target=\"_blank\" rel=\"noopener\">H\u00e9l\u00e8ne Granouillac<\/a> est de \u00ab\u2009r\u00e9pondre aux besoins et attentes des riverains\u2009\u00bb en les \u00e9coutant \u00ab\u2009via une consultation\u2009\u00bb.<\/p>\n<p class=\" wall-content\">La candidate d\u2019une liste \u00e9cologiste avance les grands aces qui permettront de r\u00e9pondre \u00e0 ces demandes\u2009: \u00ab\u2009Fluidifier le trafic, harmoniser l\u2019intermodalit\u00e9, am\u00e9liorer la voirie, redynamiser l\u2019\u00e9conomie, am\u00e9liorer leur qualit\u00e9 de vie\u2009\u00bb.<\/p>\n<p class=\" wall-content\">\u00c9ric Ciotti (UDR), Mireille Damiano (LFI) et C\u00e9dric Vella (Reconqu\u00eate\u2009!) n\u2019ont pas r\u00e9pondu \u00e0 nos questions.<\/p>\n<p class=\" wall-content\">Personnalisez votre actualit\u00e9 en ajoutant vos villes et m\u00e9dias en favori avec <a href=\"https:\/\/moncompte.actu.fr\" title=\"D\u00e9couvez Mon Actu\" rel=\"nofollow noopener\" data-trk=\"{&quot;cta&quot;:{&quot;action&quot;:&quot;https:\\\/\\\/moncompte.actu.fr&quot;,&quot;category&quot;:&quot;mon compte&quot;,&quot;from&quot;:&quot;article footer&quot;,&quot;name&quot;:&quot;Mon actu&quot;,&quot;type&quot;:&quot;cta&quot;}}\" target=\"_blank\">Mon Actu<\/a>.<\/p>\n","protected":false},"excerpt":{"rendered":"Par Ugo Maillard Publi\u00e9 le 11 janv. 2026 \u00e0 8h48 Lors du mois de d\u00e9cembre\u00a02025, la r\u00e9daction d\u2019actu&hellip;\n","protected":false},"author":2,"featured_media":655790,"comment_status":"","ping_status":"","sticky":false,"template":"","format":"standard","meta":{"footnotes":""},"categories":[2819],"tags":[1111,11,3542,1777,674,1011,27,12,2401,882,25,104,2803],"class_list":{"0":"post-655789","1":"post","2":"type-post","3":"status-publish","4":"format-standard","5":"has-post-thumbnail","7":"category-nice","8":"tag-actu","9":"tag-actualites","10":"tag-circulation","11":"tag-eu","12":"tag-europe","13":"tag-fr","14":"tag-france","15":"tag-news","16":"tag-nice","17":"tag-provence-alpes-cote-dazur","18":"tag-republique-francaise","19":"tag-societe","20":"tag-transport"},"share_on_mastodon":{"url":"https:\/\/pubeurope.com\/@fr\/115875679165667522","error":""},"_links":{"self":[{"href":"https:\/\/www.europesays.com\/fr\/wp-json\/wp\/v2\/posts\/655789","targetHints":{"allow":["GET"]}}],"collection":[{"href":"https:\/\/www.europesays.com\/fr\/wp-json\/wp\/v2\/posts"}],"about":[{"href":"https:\/\/www.europesays.com\/fr\/wp-json\/wp\/v2\/types\/post"}],"author":[{"embeddable":true,"href":"https:\/\/www.europesays.com\/fr\/wp-json\/wp\/v2\/users\/2"}],"replies":[{"embeddable":true,"href":"https:\/\/www.europesays.com\/fr\/wp-json\/wp\/v2\/comments?post=655789"}],"version-history":[{"count":0,"href":"https:\/\/www.europesays.com\/fr\/wp-json\/wp\/v2\/posts\/655789\/revisions"}],"wp:featuredmedia":[{"embeddable":true,"href":"https:\/\/www.europesays.com\/fr\/wp-json\/wp\/v2\/media\/655790"}],"wp:attachment":[{"href":"https:\/\/www.europesays.com\/fr\/wp-json\/wp\/v2\/media?parent=655789"}],"wp:term":[{"taxonomy":"category","embeddable":true,"href":"https:\/\/www.europesays.com\/fr\/wp-json\/wp\/v2\/categories?post=655789"},{"taxonomy":"post_tag","embeddable":true,"href":"https:\/\/www.europesays.com\/fr\/wp-json\/wp\/v2\/tags?post=655789"}],"curies":[{"name":"wp","href":"https:\/\/api.w.org\/{rel}","templated":true}]}}