{"id":655798,"date":"2026-01-11T09:14:09","date_gmt":"2026-01-11T09:14:09","guid":{"rendered":"https:\/\/www.europesays.com\/fr\/655798\/"},"modified":"2026-01-11T09:14:09","modified_gmt":"2026-01-11T09:14:09","slug":"voici-les-dimanches-ou-les-commerces-pourront-ouvrir-en-2026-a-toulouse-et-dans-sa-metropole","status":"publish","type":"post","link":"https:\/\/www.europesays.com\/fr\/655798\/","title":{"rendered":"Voici les dimanches o\u00f9 les commerces pourront ouvrir en 2026 \u00e0 Toulouse et dans sa m\u00e9tropole"},"content":{"rendered":"<p>                    Par<br \/>\n        <strong><br \/>\n            <a href=\"https:\/\/actu.fr\/auteur\/lea-afonso\" title=\"Consulter tous les articles de L\u00e9a Afonso\" target=\"_blank\" rel=\"noopener\">L\u00e9a Afonso<\/a><br \/>\n                    <\/strong><\/p>\n<p>        Publi\u00e9 le<\/p>\n<p>            11 janv. 2026 \u00e0 8h08        <\/p>\n<p>Pour faire vivre le commerce, dynamiser les centres-villes et r\u00e9pondre aux attentes des consommateurs, comme chaque ann\u00e9e certains <strong>commerces<\/strong> seront <strong>autoris\u00e9s \u00e0 ouvrir<\/strong> plusieurs dimanches dans l\u2019ann\u00e9e \u00e0 <a href=\"https:\/\/actu.fr\/toulouse\/\" target=\"_blank\" rel=\"noopener\">Toulouse<\/a> et dans sa m\u00e9tropole. En 2026, les dates d\u2019ouverture dominicale ont \u00e9t\u00e9 harmonis\u00e9es \u00e0 l\u2019\u00e9chelle de la Haute-Garonne par le<strong> Conseil d\u00e9partemental du commerc<\/strong>e (CDC). Sept dimanches ont ainsi \u00e9t\u00e9 retenus, avec quelques sp\u00e9cificit\u00e9s selon les secteurs.<\/p>\n<p>Sept dimanches autoris\u00e9s pour les commerces de d\u00e9tail en 2026<\/p>\n<p class=\" wall-content\">Les commerces de d\u00e9tail employant des salari\u00e9s dont le repos hebdomadaire est habituellement fix\u00e9 au dimanche pourront ouvrir sept dimanches en 2026. Des dates strat\u00e9giques, principalement li\u00e9es aux p\u00e9riodes de soldes et aux f\u00eates de fin d\u2019ann\u00e9e.<\/p>\n<p class=\" wall-content\">Voici les dimanches concern\u00e9s :<\/p>\n<ul class=\" wall-content\">\n<li>Le premier dimanche suivant le d\u00e9but des soldes d\u2019hiver, soit ce 11 janvier 2026<\/li>\n<li>Le premier dimanche suivant le d\u00e9but des soldes d\u2019\u00e9t\u00e9, soit le 28 juin 2026<\/li>\n<li>Le 29 novembre<\/li>\n<li>Le 6 d\u00e9cembre<\/li>\n<li>Le 13 d\u00e9cembre<\/li>\n<li>Le 20 d\u00e9cembre<\/li>\n<li>Le 27 d\u00e9cembre<\/li>\n<\/ul>\n<p>Grandes surfaces alimentaires : 7 dimanches parmi 10 possibles<\/p>\n<p class=\" wall-content\">Les commerces de d\u00e9tail alimentaires dont la surface de vente est sup\u00e9rieure \u00e0 400 m\u00b2 disposent d\u2019un r\u00e9gime sp\u00e9cifique. En 2026, ils pourront <strong>ouvrir 7 dimanches, \u00e0 choisir parmi une liste de 10 dates autoris\u00e9es.<\/strong><\/p>\n<p>Vid\u00e9os : en ce moment sur Actu<\/p>\n<p class=\" wall-content\">Les dimanches propos\u00e9s sont les suivants :<\/p>\n<ul class=\" wall-content\">\n<li>Le premier dimanche suivant le d\u00e9but des soldes d\u2019hiver, soit ce 11 janvier 2026<\/li>\n<li>Le premier dimanche suivant le d\u00e9but des soldes d\u2019\u00e9t\u00e9, soit le 28 juin 2026<\/li>\n<li>Le 15 mars<\/li>\n<li>Le 7 juin<\/li>\n<li>Le 27 septembre<\/li>\n<li>Le 29 novembre<\/li>\n<li>Les 6, 13, 20 et 27 d\u00e9cembre 2026<\/li>\n<\/ul>\n<p>Votre r\u00e9gion, votre actu !<\/p>\n<p>Recevez chaque jour les infos qui comptent pour vous.<\/p>\n<p>\t<a href=\"https:\/\/actu.fr\/newsletter\" class=\"ac-btn ac-btn--corner ac-btn--medium ac-btn--blue800\" target=\"_blank\" rel=\"noopener\">S&rsquo;incrire<\/a><\/p>\n<p class=\" wall-content\">Chaque enseigne devra donc s\u00e9lectionner sept dates maximum parmi cette liste.<\/p>\n<p>Ameublement : un cadre strictement encadr\u00e9<\/p>\n<p class=\" wall-content\">Du c\u00f4t\u00e9 du secteur de l\u2019ameublement, les r\u00e8gles restent particuli\u00e8rement encadr\u00e9es afin de \u00ab\u00a0garantir une concurrence saine et loyale entre professionnels\u00a0\u00bb, indique la mairie.<\/p>\n<p class=\" wall-content\">En dehors des foires ou salons organis\u00e9s en Haute-Garonne, les commerces de vente de meubles au d\u00e9tail s\u2019engagent \u00e0 ne pas ouvrir plus de sept dimanches en 2026. Voici les dates :<\/p>\n<ul class=\" wall-content\">\n<li>Le premier dimanche suivant le d\u00e9but des soldes d\u2019hiver, soit ce 11 janvier 2026<\/li>\n<li>Le premier dimanche suivant le d\u00e9but des soldes d\u2019\u00e9t\u00e9, soit le 28 juin 2026<\/li>\n<li>Le 29 novembre<\/li>\n<li>Le 6 d\u00e9cembre<\/li>\n<li>Le 13 d\u00e9cembre<\/li>\n<li>Le 20 d\u00e9cembre<\/li>\n<li>Le 27 d\u00e9cembre 2026<\/li>\n<\/ul>\n<p class=\" wall-content\">Personnalisez votre actualit\u00e9 en ajoutant vos villes et m\u00e9dias en favori avec <a href=\"https:\/\/moncompte.actu.fr\" title=\"D\u00e9couvez Mon Actu\" rel=\"nofollow noopener\" data-trk=\"{&quot;cta&quot;:{&quot;action&quot;:&quot;https:\\\/\\\/moncompte.actu.fr&quot;,&quot;category&quot;:&quot;mon compte&quot;,&quot;from&quot;:&quot;article footer&quot;,&quot;name&quot;:&quot;Mon actu&quot;,&quot;type&quot;:&quot;cta&quot;}}\" target=\"_blank\">Mon Actu<\/a>.<\/p>\n","protected":false},"excerpt":{"rendered":"Par L\u00e9a Afonso Publi\u00e9 le 11 janv. 2026 \u00e0 8h08 Pour faire vivre le commerce, dynamiser les centres-villes&hellip;\n","protected":false},"author":2,"featured_media":655799,"comment_status":"","ping_status":"","sticky":false,"template":"","format":"standard","meta":{"footnotes":""},"categories":[2816],"tags":[1111,11,215,1777,674,1011,27,12,2680,25,104,2312],"class_list":{"0":"post-655798","1":"post","2":"type-post","3":"status-publish","4":"format-standard","5":"has-post-thumbnail","7":"category-toulouse","8":"tag-actu","9":"tag-actualites","10":"tag-commerce","11":"tag-eu","12":"tag-europe","13":"tag-fr","14":"tag-france","15":"tag-news","16":"tag-occitanie","17":"tag-republique-francaise","18":"tag-societe","19":"tag-toulouse"},"share_on_mastodon":{"url":"https:\/\/pubeurope.com\/@fr\/115875706517522292","error":""},"_links":{"self":[{"href":"https:\/\/www.europesays.com\/fr\/wp-json\/wp\/v2\/posts\/655798","targetHints":{"allow":["GET"]}}],"collection":[{"href":"https:\/\/www.europesays.com\/fr\/wp-json\/wp\/v2\/posts"}],"about":[{"href":"https:\/\/www.europesays.com\/fr\/wp-json\/wp\/v2\/types\/post"}],"author":[{"embeddable":true,"href":"https:\/\/www.europesays.com\/fr\/wp-json\/wp\/v2\/users\/2"}],"replies":[{"embeddable":true,"href":"https:\/\/www.europesays.com\/fr\/wp-json\/wp\/v2\/comments?post=655798"}],"version-history":[{"count":0,"href":"https:\/\/www.europesays.com\/fr\/wp-json\/wp\/v2\/posts\/655798\/revisions"}],"wp:featuredmedia":[{"embeddable":true,"href":"https:\/\/www.europesays.com\/fr\/wp-json\/wp\/v2\/media\/655799"}],"wp:attachment":[{"href":"https:\/\/www.europesays.com\/fr\/wp-json\/wp\/v2\/media?parent=655798"}],"wp:term":[{"taxonomy":"category","embeddable":true,"href":"https:\/\/www.europesays.com\/fr\/wp-json\/wp\/v2\/categories?post=655798"},{"taxonomy":"post_tag","embeddable":true,"href":"https:\/\/www.europesays.com\/fr\/wp-json\/wp\/v2\/tags?post=655798"}],"curies":[{"name":"wp","href":"https:\/\/api.w.org\/{rel}","templated":true}]}}