{"id":655800,"date":"2026-01-11T09:15:17","date_gmt":"2026-01-11T09:15:17","guid":{"rendered":"https:\/\/www.europesays.com\/fr\/655800\/"},"modified":"2026-01-11T09:15:17","modified_gmt":"2026-01-11T09:15:17","slug":"champions-cup-certains-ont-pleure-dautres-ont-appele-les-leurs-retour-sur-le-dernier-saracens-toulouse-au-lendemain-des-attentats-terroristes-du-13-novembre-2015","status":"publish","type":"post","link":"https:\/\/www.europesays.com\/fr\/655800\/","title":{"rendered":"Champions Cup &#8211; \u00ab\u00a0Certains ont pleur\u00e9, d\u2019autres ont appel\u00e9 les leurs\u00a0\u00bb : retour sur le dernier Saracens &#8211; Toulouse au lendemain des attentats terroristes du 13 novembre 2015"},"content":{"rendered":"<p>\n                Le Stade toulousain ne s\u2019est plus d\u00e9plac\u00e9 sur le terrain des Saracens depuis un peu plus de dix ans. C\u2019\u00e9tait le 14 novembre 2015, au lendemain des attentats qui avaient frapp\u00e9 le Bataclan et la capitale fran\u00e7aise. Un match qui, bien au-del\u00e0 d\u2019un score aussi lourd qu\u2019anecdotique, avait marqu\u00e9 la vie des acteurs pr\u00e9sents.\n            <\/p>\n<p>En d\u00e9but de semaine, Peato Mauvaka avouait n\u2019avoir jamais affront\u00e9 les Saracens : \u00ab\u00a0La derni\u00e8re fois que Toulouse est all\u00e9 l\u00e0-bas, je crois que c\u2019\u00e9tait en 2015. Et on avait ramass\u00e9.\u00a0\u00bb Oui, les Rouge et Noir s\u2019\u00e9taient lourdement inclin\u00e9s dans le nord de Londres (32-7), le samedi 14 novembre 2015. Une autre \u00e9poque, creuse pour un Stade toulousain rentr\u00e9 dans le rang et en reconstruction alors qu\u2019Ugo Mola avait succ\u00e9d\u00e9 \u00e0 Guy Nov\u00e8s l\u2019\u00e9t\u00e9 pr\u00e9c\u00e9dent. Pour les Saracens aussi, qui s\u2019offriraient quelques mois plus tard le premier de leurs trois sacres europ\u00e9ens en quatre saisons.<\/p>\n<p>Mais ce soir-l\u00e0, le rugby n\u2019existait pas. Ou si peu. Si le sang des acteurs de la rencontre \u00e9tait glac\u00e9, cela n\u2019avait \u00e0 voir avec la vague de froid qui touchait le pays. C\u2019est l\u00e0-bas, depuis leur h\u00f4tel dans la capitale anglaise, que les Toulousains ont v\u00e9cu les terribles attentats qui ont frapp\u00e9 Paris la veille, et notamment le Bataclan. \u00ab\u00a0On n\u2019a pas dormi de la nuit, on a pass\u00e9 notre temps au t\u00e9l\u00e9phone avec nos proches, nos amis, expliquera Mola. Chacun \u00e9tait sous le choc, comme tous les Fran\u00e7ais, et on avait juste besoin d\u2019entendre les voix de ceux qu\u2019on aime.\u00a0\u00bb Autant dire que les heures suivantes furent longues, interminables m\u00eame\u2026 \u00ab\u00a0On n\u2019avait qu\u2019une envie sur le coup, c\u2019\u00e9tait de rentrer chez nous, d\u2019\u00eatre aupr\u00e8s des n\u00f4tres\u00a0\u00bb, dira m\u00eame Maxime M\u00e9dard apr\u00e8s la rencontre. Un match maintenu, alors que tous ceux programm\u00e9s dans l\u2019Hexagone furent report\u00e9s. Toulouse fut ainsi la seule \u00e9quipe fran\u00e7aise engag\u00e9e en Champions Cup \u00e0 jouer apr\u00e8s les attentats (le Stade fran\u00e7ais ayant perdu \u00e0 Leicester le vendredi soir). \u00ab\u00a0Je ne me suis pas dit dans la journ\u00e9e que le match n\u2019aurait pas lieu, poursuivait l\u2019ancien arri\u00e8re. Il fallait jouer, malgr\u00e9 ce qu\u2019il s\u2019est pass\u00e9\u2026 Mais, en tant que Fran\u00e7ais, nous \u00e9tions tr\u00e8s touch\u00e9s. Nous n\u2019\u00e9tions pas concentr\u00e9s \u00e0 100 %, c\u2019\u00e9tait impossible. On ne peut pas parler de pr\u00e9paration rat\u00e9e mais elle n\u2019\u00e9tait pas comme les autres. Le contexte \u00e9tait trop lourd.\u00a0\u00bb<\/p>\n<p>        <img decoding=\"async\" class=\"std-img__img responsive-img\" src=\"https:\/\/www.europesays.com\/fr\/wp-content\/uploads\/2026\/01\/1768122917_363_image.jpg\" alt=\"Maro Itoje face aux Toulousains.\"\/><\/p>\n<p>                Maro Itoje face aux Toulousains.<br \/>\n                                    Dave Winter \/ Icon Sport<\/p>\n<blockquote><p>\n<strong>On n\u2019\u00e9tait pas \u00e0 notre place<\/strong>\n<\/p><\/blockquote>\n<p>\u00e0 l\u2019a\u00e9roport d\u2019Heathrow ou \u00e0 la gare de Saint-Pancras, les militaires \u00e9taient partout, fusils \u00e0 la main, tant le risque \u00e9tait aussi \u00e9lev\u00e9 en Grande-Bretagne. Et les marques de soutien furent innombrables, m\u00eame pour les journalistes ayant effectu\u00e9 le d\u00e9placement, d\u00e8s que l\u2019accent fran\u00e7ais \u00e9tait d\u00e9cel\u00e9. Une \u00e9motion palpable dans l\u2019avant-match, lors d\u2019une minute de silence qui a vu les deux \u00e9quipes et les membres des diff\u00e9rents staffs se r\u00e9unir sur la pelouse de l\u2019ex-Allianz Park. Soixante secondes hors du temps, auxquelles a succ\u00e9d\u00e9 une Marseillaise poignante, reprise en ch\u0153ur par tous les Fran\u00e7ais. Pas seulement\u2026 Les joueurs \u00e9trangers du Stade toulousain l\u2019ont \u00e9galement entonn\u00e9e. Ce que racontait l\u2019ouvreur anglais Toby Flood : \u00ab\u00a0Il \u00e9tait important de se montrer unis. C\u2019\u00e9tait dur d\u2019apprendre ces paroles que je n\u2019avais jamais chant\u00e9es. Mais c\u2019\u00e9tait une fantastique marque de solidarit\u00e9.\u00a0\u00bb M\u00e9dard confirmait : \u00ab\u00a0Tous les joueurs l\u2019ont voulu pour les victimes, leurs familles et leurs proches.\u00a0\u00bb La suite ? Presque anecdotique, m\u00eame si elle pr\u00e9cipita la chute de Toulouse lors de cette campagne, avec cinq d\u00e9faites en six matchs. Emmen\u00e9s par un Owen Farrell chirurgical, les Sarries menaient d\u00e9j\u00e0 27-0 \u00e0 la pause. Pas forc\u00e9ment un hasard\u2026 \u00ab\u00a0Je ne dis pas que cela explique que nous ne soyons pas entr\u00e9s dans la partie, soulignait M\u00e9dard. Mais c\u2019\u00e9tait particulier.\u00a0\u00bb<\/p>\n<p>        <img decoding=\"async\" class=\"std-img__img responsive-img\" src=\"https:\/\/www.europesays.com\/fr\/wp-content\/uploads\/2026\/01\/1768122917_466_image.jpg\" alt=\"Le 14 novembre 2015, les Toulousains s'inclinaient 33-7 sur la pelouse des Saracens.\"\/><\/p>\n<p>                Le 14 novembre 2015, les Toulousains s&rsquo;inclinaient 33-7 sur la pelouse des Saracens.<br \/>\n                                    Dave Winter \/ Icon Sport<\/p>\n<p>M\u00eame Mola, face \u00e0 l\u2019impuissance qui habitait ses troupes depuis vingt-quatre heures, l\u2019affirmait : \u00ab\u00a0On n\u2019a pas vraiment la t\u00eate au rugby. Il ne nous tarde qu\u2019une chose : rentrer \u00e0 Toulouse.\u00a0\u00bb Quelques jours plus tard, il avait accept\u00e9 de revenir sur ce week-end marquant : \u00ab\u00a0Avec le recul, on n\u2019aurait peut-\u00eatre pas d\u00fb jouer. On \u00e9tait physiquement pr\u00e9sents, mais mentalement absents. On a fait le job, mis les tenues, enfil\u00e9 le brassard de coach, essay\u00e9 de faire semblant le temps d\u2019un match, mais on n\u2019\u00e9tait pas \u00e0 notre place. C\u2019est la premi\u00e8re fois que je ressens \u00e7a. La seule chose dont on avait envie, c\u2019\u00e9tait de serrer nos proches dans nos bras. \u00c0 la fin, dans le vestiaire, la pression est retomb\u00e9e. Certains ont pleur\u00e9, d\u2019autres ont appel\u00e9 les leurs. Et en d\u00e9but de semaine, comme d\u2019autres au club, j\u2019ai amen\u00e9 mes gosses \u00e0 l\u2019\u00e9cole, chose qu\u2019on ne fait pas trop habituellement. Tout \u00e7a nous a beaucoup remu\u00e9s.\u00a0\u00bb Nul doute que lui, comme Cl\u00e9ment Poitrenaud, Joe Tekori, Julien Marchand ou Dorian Aldegheri, qui \u00e9taient d\u00e9j\u00e0 du d\u00e9placement il y a dix ans, devraient voir quelques douloureux souvenirs remonter dimanche.<\/p>\n","protected":false},"excerpt":{"rendered":"Le Stade toulousain ne s\u2019est plus d\u00e9plac\u00e9 sur le terrain des Saracens depuis un peu plus de dix&hellip;\n","protected":false},"author":2,"featured_media":655801,"comment_status":"","ping_status":"","sticky":false,"template":"","format":"standard","meta":{"footnotes":""},"categories":[2816],"tags":[1111,11,1777,674,1011,27,68895,12,2680,25,68796,2312],"class_list":{"0":"post-655800","1":"post","2":"type-post","3":"status-publish","4":"format-standard","5":"has-post-thumbnail","7":"category-toulouse","8":"tag-actu","9":"tag-actualites","10":"tag-eu","11":"tag-europe","12":"tag-fr","13":"tag-france","14":"tag-investec-champions-cup","15":"tag-news","16":"tag-occitanie","17":"tag-republique-francaise","18":"tag-rugby-u00e0-xv","19":"tag-toulouse"},"share_on_mastodon":{"url":"https:\/\/pubeurope.com\/@fr\/115875710653867560","error":""},"_links":{"self":[{"href":"https:\/\/www.europesays.com\/fr\/wp-json\/wp\/v2\/posts\/655800","targetHints":{"allow":["GET"]}}],"collection":[{"href":"https:\/\/www.europesays.com\/fr\/wp-json\/wp\/v2\/posts"}],"about":[{"href":"https:\/\/www.europesays.com\/fr\/wp-json\/wp\/v2\/types\/post"}],"author":[{"embeddable":true,"href":"https:\/\/www.europesays.com\/fr\/wp-json\/wp\/v2\/users\/2"}],"replies":[{"embeddable":true,"href":"https:\/\/www.europesays.com\/fr\/wp-json\/wp\/v2\/comments?post=655800"}],"version-history":[{"count":0,"href":"https:\/\/www.europesays.com\/fr\/wp-json\/wp\/v2\/posts\/655800\/revisions"}],"wp:featuredmedia":[{"embeddable":true,"href":"https:\/\/www.europesays.com\/fr\/wp-json\/wp\/v2\/media\/655801"}],"wp:attachment":[{"href":"https:\/\/www.europesays.com\/fr\/wp-json\/wp\/v2\/media?parent=655800"}],"wp:term":[{"taxonomy":"category","embeddable":true,"href":"https:\/\/www.europesays.com\/fr\/wp-json\/wp\/v2\/categories?post=655800"},{"taxonomy":"post_tag","embeddable":true,"href":"https:\/\/www.europesays.com\/fr\/wp-json\/wp\/v2\/tags?post=655800"}],"curies":[{"name":"wp","href":"https:\/\/api.w.org\/{rel}","templated":true}]}}