{"id":655806,"date":"2026-01-11T09:18:09","date_gmt":"2026-01-11T09:18:09","guid":{"rendered":"https:\/\/www.europesays.com\/fr\/655806\/"},"modified":"2026-01-11T09:18:09","modified_gmt":"2026-01-11T09:18:09","slug":"naissances-a-marseille-voici-les-20-prenoms-les-plus-donnes-aux-bebes-en-2025","status":"publish","type":"post","link":"https:\/\/www.europesays.com\/fr\/655806\/","title":{"rendered":"Naissances \u00e0 Marseille. Voici les 20 pr\u00e9noms les plus donn\u00e9s aux b\u00e9b\u00e9s en 2025"},"content":{"rendered":"<p>                    Par<br \/>\n        <strong><br \/>\n            <a href=\"https:\/\/actu.fr\/auteur\/thibault-nadal-actu-fr\" title=\"Consulter tous les articles de Thibault Nadal\" target=\"_blank\" rel=\"noopener\">Thibault Nadal<\/a><br \/>\n                    <\/strong><\/p>\n<p>        Publi\u00e9 le<\/p>\n<p>            11 janv. 2026 \u00e0 7h52        <\/p>\n<p>Un nombre de naissances en l\u00e9ger recul. En 2025, <strong>12912 b\u00e9b\u00e9s<\/strong> sont n\u00e9s \u00e0 <a href=\"https:\/\/actu.fr\/marseille\/\" target=\"_blank\" rel=\"noopener\">Marseille<\/a>. C\u2019est un peu moins qu\u2019en 2024 o\u00f9 13233 petits Marseillais avaient vu le jour. actu Marseille vous d\u00e9voile le top\u00a020 des pr\u00e9noms les plus donn\u00e9s dans la cit\u00e9 phoc\u00e9enne l\u2019ann\u00e9e derni\u00e8re.<\/p>\n<p>Peu de changements notables<\/p>\n<p class=\" wall-content\">Choisir un pr\u00e9nom n\u2019est pas toujours ais\u00e9. Mais \u00e0 Marseille, certains reviennent chaque ann\u00e9e. Tous sexes confondus, Isaac arrive en t\u00eate, comme en 2024. Et, cette ann\u00e9e, il est rejoint par <strong>Gabriel<\/strong>, d\u00e9j\u00e0 class\u00e9 deuxi\u00e8me l\u2019an dernier.<\/p>\n<p class=\" wall-content\">Troisi\u00e8me en 2024, <strong>Mohamed chute lourdement<\/strong> et se retrouve en 17e position. Sur la troisi\u00e8me marche du podium, il est d\u00e9tr\u00f4n\u00e9 par Eden.<\/p>\n<p class=\" wall-content\">Chez les filles, le classement est quelque peu boulevers\u00e9. <strong>Inaya est le pr\u00e9nom le plus donn\u00e9<\/strong>, devant Alma et Alba. En 2024, le duo de t\u00eate \u00e9tait invers\u00e9 avec Alma devant Inaya. Charlie compl\u00e9tait le podium.<\/p>\n<p class=\" wall-content\">Parmi les pr\u00e9noms qui n\u2019\u00e9taient pas pr\u00e9sents en 2024, on retrouve Alba qui r\u00e9alise une perc\u00e9e spectaculaire, mais aussi Noah, Nour, Andrea, L\u00e9o, Romy et Alya.<\/p>\n<p class=\" wall-content\"><strong>Voici les 20 pr\u00e9noms les plus donn\u00e9s \u00e0 Marseille<\/strong>\u2009:<\/p>\n<ul class=\" wall-content\">\n<li>Gabriel et Isaac (\u00e0 \u00e9galit\u00e9),<\/li>\n<li>Eden,<\/li>\n<li>Adam,<\/li>\n<li>Inaya,<\/li>\n<li>Alma,<\/li>\n<li>Alba,<\/li>\n<li>Noah et Nour (\u00e0 \u00e9galit\u00e9),<\/li>\n<li>Aylan,<\/li>\n<li>Imran et Rapha\u00ebl (\u00e0 \u00e9galit\u00e9),<\/li>\n<li>Andrea et Lina (\u00e0 \u00e9galit\u00e9),<\/li>\n<li>Aaron et Anna (\u00e0 \u00e9galit\u00e9),<\/li>\n<li>L\u00e9o,<\/li>\n<li>Mohamed,<\/li>\n<li>Romy,<\/li>\n<li>Alya.<\/li>\n<\/ul>\n<p class=\" wall-content\">Personnalisez votre actualit\u00e9 en ajoutant vos villes et m\u00e9dias en favori avec <a href=\"https:\/\/moncompte.actu.fr\" title=\"D\u00e9couvez Mon Actu\" rel=\"nofollow noopener\" data-trk=\"{&quot;cta&quot;:{&quot;action&quot;:&quot;https:\\\/\\\/moncompte.actu.fr&quot;,&quot;category&quot;:&quot;mon compte&quot;,&quot;from&quot;:&quot;article footer&quot;,&quot;name&quot;:&quot;Mon actu&quot;,&quot;type&quot;:&quot;cta&quot;}}\" target=\"_blank\">Mon Actu<\/a>.<\/p>\n","protected":false},"excerpt":{"rendered":"Par Thibault Nadal Publi\u00e9 le 11 janv. 2026 \u00e0 7h52 Un nombre de naissances en l\u00e9ger recul. En&hellip;\n","protected":false},"author":2,"featured_media":655807,"comment_status":"","ping_status":"","sticky":false,"template":"","format":"standard","meta":{"footnotes":""},"categories":[2814],"tags":[1111,11,1719,1777,674,1011,27,884,12,882,25,104],"class_list":{"0":"post-655806","1":"post","2":"type-post","3":"status-publish","4":"format-standard","5":"has-post-thumbnail","7":"category-marseille","8":"tag-actu","9":"tag-actualites","10":"tag-enfants","11":"tag-eu","12":"tag-europe","13":"tag-fr","14":"tag-france","15":"tag-marseille","16":"tag-news","17":"tag-provence-alpes-cote-dazur","18":"tag-republique-francaise","19":"tag-societe"},"share_on_mastodon":{"url":"https:\/\/pubeurope.com\/@fr\/115875722245152683","error":""},"_links":{"self":[{"href":"https:\/\/www.europesays.com\/fr\/wp-json\/wp\/v2\/posts\/655806","targetHints":{"allow":["GET"]}}],"collection":[{"href":"https:\/\/www.europesays.com\/fr\/wp-json\/wp\/v2\/posts"}],"about":[{"href":"https:\/\/www.europesays.com\/fr\/wp-json\/wp\/v2\/types\/post"}],"author":[{"embeddable":true,"href":"https:\/\/www.europesays.com\/fr\/wp-json\/wp\/v2\/users\/2"}],"replies":[{"embeddable":true,"href":"https:\/\/www.europesays.com\/fr\/wp-json\/wp\/v2\/comments?post=655806"}],"version-history":[{"count":0,"href":"https:\/\/www.europesays.com\/fr\/wp-json\/wp\/v2\/posts\/655806\/revisions"}],"wp:featuredmedia":[{"embeddable":true,"href":"https:\/\/www.europesays.com\/fr\/wp-json\/wp\/v2\/media\/655807"}],"wp:attachment":[{"href":"https:\/\/www.europesays.com\/fr\/wp-json\/wp\/v2\/media?parent=655806"}],"wp:term":[{"taxonomy":"category","embeddable":true,"href":"https:\/\/www.europesays.com\/fr\/wp-json\/wp\/v2\/categories?post=655806"},{"taxonomy":"post_tag","embeddable":true,"href":"https:\/\/www.europesays.com\/fr\/wp-json\/wp\/v2\/tags?post=655806"}],"curies":[{"name":"wp","href":"https:\/\/api.w.org\/{rel}","templated":true}]}}