{"id":655815,"date":"2026-01-11T09:24:11","date_gmt":"2026-01-11T09:24:11","guid":{"rendered":"https:\/\/www.europesays.com\/fr\/655815\/"},"modified":"2026-01-11T09:24:11","modified_gmt":"2026-01-11T09:24:11","slug":"on-voulait-retrouver-notre-nid-sept-ans-apres-lexplosion-mortelle-ils-racontent-leur-retour-rue-de-trevise","status":"publish","type":"post","link":"https:\/\/www.europesays.com\/fr\/655815\/","title":{"rendered":"\u00ab\u00a0On voulait retrouver notre nid\u00a0\u00bb\u00a0: sept ans apr\u00e8s l\u2019explosion mortelle, ils racontent leur retour rue de Tr\u00e9vise"},"content":{"rendered":"<p class=\"\">Pr\u00e8s de six ans plus tard, fin 2024, Jacques Gianoly a red\u00e9couvert l\u2019appartement \u2014 achet\u00e9 en 2018 mais qu\u2019il n\u2019avait donc jamais occup\u00e9 \u2014 reconstruit \u00ab comme s\u2019il \u00e9tait neuf, avec des am\u00e9liorations, dont le plancher \u00bb. Un retour \u00f4 combien attendu pour tous ces propri\u00e9taires dont le domicile a \u00e9t\u00e9 soit d\u00e9grad\u00e9, soit totalement d\u00e9truit par le souffle. Mais une victoire parfois nuanc\u00e9e, comme nous le racontent les habitants.<\/p>\n","protected":false},"excerpt":{"rendered":"Pr\u00e8s de six ans plus tard, fin 2024, Jacques Gianoly a red\u00e9couvert l\u2019appartement \u2014 achet\u00e9 en 2018 mais&hellip;\n","protected":false},"author":2,"featured_media":655816,"comment_status":"","ping_status":"","sticky":false,"template":"","format":"standard","meta":{"footnotes":""},"categories":[1888],"tags":[1111,1928,11,1927,1777,674,118,1011,27,1944,12,1926,626,1925,25],"class_list":{"0":"post-655815","1":"post","2":"type-post","3":"status-publish","4":"format-standard","5":"has-post-thumbnail","7":"category-paris","8":"tag-actu","9":"tag-actu-paris","10":"tag-actualites","11":"tag-actualites-paris","12":"tag-eu","13":"tag-europe","14":"tag-faits-divers","15":"tag-fr","16":"tag-france","17":"tag-ma-ville","18":"tag-news","19":"tag-news-paris","20":"tag-paris","21":"tag-paris-news","22":"tag-republique-francaise"},"share_on_mastodon":{"url":"https:\/\/pubeurope.com\/@fr\/115875745895819402","error":""},"_links":{"self":[{"href":"https:\/\/www.europesays.com\/fr\/wp-json\/wp\/v2\/posts\/655815","targetHints":{"allow":["GET"]}}],"collection":[{"href":"https:\/\/www.europesays.com\/fr\/wp-json\/wp\/v2\/posts"}],"about":[{"href":"https:\/\/www.europesays.com\/fr\/wp-json\/wp\/v2\/types\/post"}],"author":[{"embeddable":true,"href":"https:\/\/www.europesays.com\/fr\/wp-json\/wp\/v2\/users\/2"}],"replies":[{"embeddable":true,"href":"https:\/\/www.europesays.com\/fr\/wp-json\/wp\/v2\/comments?post=655815"}],"version-history":[{"count":0,"href":"https:\/\/www.europesays.com\/fr\/wp-json\/wp\/v2\/posts\/655815\/revisions"}],"wp:featuredmedia":[{"embeddable":true,"href":"https:\/\/www.europesays.com\/fr\/wp-json\/wp\/v2\/media\/655816"}],"wp:attachment":[{"href":"https:\/\/www.europesays.com\/fr\/wp-json\/wp\/v2\/media?parent=655815"}],"wp:term":[{"taxonomy":"category","embeddable":true,"href":"https:\/\/www.europesays.com\/fr\/wp-json\/wp\/v2\/categories?post=655815"},{"taxonomy":"post_tag","embeddable":true,"href":"https:\/\/www.europesays.com\/fr\/wp-json\/wp\/v2\/tags?post=655815"}],"curies":[{"name":"wp","href":"https:\/\/api.w.org\/{rel}","templated":true}]}}