{"id":655817,"date":"2026-01-11T09:25:13","date_gmt":"2026-01-11T09:25:13","guid":{"rendered":"https:\/\/www.europesays.com\/fr\/655817\/"},"modified":"2026-01-11T09:25:13","modified_gmt":"2026-01-11T09:25:13","slug":"municipales-a-paris-la-gauche-unie-sans-lfi-devant-rachida-dati-au-premier-tour-selon-un-sondage","status":"publish","type":"post","link":"https:\/\/www.europesays.com\/fr\/655817\/","title":{"rendered":"Municipales \u00e0 Paris: la gauche unie, sans LFI, devant Rachida Dati au premier tour, selon un sondage"},"content":{"rendered":"<p class=\"mb-4 text-lg md:leading-8 break-words\">La <a href=\"https:\/\/www.bfmtv.com\/politique\/elections\/municipales\/video-voter-pour-lfi-c-est-voter-pour-rachid-dati-estime-emmanuel-gregoire_VN-202512180876.html\" rel=\"nofollow noopener\" target=\"_blank\" data-ylk=\"slk:liste d&#039;union de la gauche;elm:context_link;itc:0;sec:content-canvas\" class=\"link \">liste d&rsquo;union de la gauche<\/a> men\u00e9e par le socialiste Emmanuel Gr\u00e9goire, sans LFI, arriverait en t\u00eate du premier tour des municipales des 15 et 22 mars \u00e0 Paris, devant la candidate de droite Rachida Dati, selon deux sondages parus ce samedi 10 janvier.<\/p>\n<p class=\"mb-4 text-lg md:leading-8 break-words\">Quatre candidats sont en capacit\u00e9 de se maintenir au second tour, avec Pierre-Yves Bournazel, candidat Horizons soutenu par Renaissance, en troisi\u00e8me position, devant l&rsquo;Insoumise Sophia Chikirou, selon un sondage Elabe-Berger-Levrault pour La Tribune Dimanche et BFMTV.<\/p>\n<p class=\"mb-4 text-lg md:leading-8 break-words\">\u00ab\u00a0M\u00eame si les deux premiers candidats sont tr\u00e8s largement en t\u00eate au premier tour, ils sont entre les mains de faiseurs de roi\u00a0\u00bb, analyse le pr\u00e9sident d&rsquo;Elabe, Bernard Sanan\u00e8s.<\/p>\n<p><b>33% des intentions de vote pour la gauche<\/b><\/p>\n<p class=\"mb-4 text-lg md:leading-8 break-words\">Selon l&rsquo;enqu\u00eate d&rsquo;Elabe, qui donne le d\u00e9put\u00e9 PS \u00e0 33% et la ministre de la Culture \u00e0 26%.<\/p>\n<p class=\"mb-4 text-lg md:leading-8 break-words\">\u00ab\u00a0Je porte la seule liste d\u00e9sormais capable de battre Rachida Dati et ses amis d&rsquo;extr\u00eame droite\u00a0\u00bb, s&rsquo;est f\u00e9licit\u00e9 Emmanuel Gr\u00e9goire sur la plateforme X.<\/p>\n<p class=\"mb-4 text-lg md:leading-8 break-words\">\u00ab\u00a0La dynamique est r\u00e9elle, sur le terrain comme dans les sondages\u00a0\u00bb, a r\u00e9agi sa rivale de droite sur le m\u00eame r\u00e9seau social.<\/p>\n<p><b>Vers une quadrangulaire?<\/b><\/p>\n<p class=\"mb-4 text-lg md:leading-8 break-words\">Pierre-Yves Bournazel, candidat d&rsquo;Horizons auquel s&rsquo;est ralli\u00e9 le parti de Gabriel Attal, r\u00e9colte 16% des voix, progressant de deux points par rapport \u00e0 celui de novembre. La liste LFI de Sophia Chikirou est donn\u00e9e \u00e0 11% par Elabe.<\/p>\n<p class=\"mb-4 text-lg md:leading-8 break-words\">\u00c0 l&rsquo;extr\u00eame droite, Sarah Knafo, qui a officialis\u00e9 cette semaine sa candidature pour Reconqu\u00eate, recueille de 8 \u00e0 9% des intentions de vote, non loin du seuil minimal (10%) pour se qualifier au second tour. La candidate du parti d&rsquo;Eric Zemmour devance son concurrent du RN, Thierry Mariani, (de 5 \u00e0 7%) dans les deux enqu\u00eates.<\/p>\n<p class=\"mb-4 text-lg md:leading-8 break-words\">Selon Elabe, dans l&rsquo;hypoth\u00e8se o\u00f9 chacune des listes d\u00e9passant actuellement les 10% se maintiendraient, donnant lieu \u00e0 une quadrangulaire, Emmanuel Gr\u00e9goire et Rachida Dati seraient quasiment \u00e0 \u00e9galit\u00e9, avec respectivement 36% et 35%.<\/p>\n<p class=\"mb-4 text-lg md:leading-8 break-words\"><a href=\"https:\/\/www.bfmtv.com\/politique\/elections\/municipales\/municipales-a-paris-la-gauche-unie-sans-lfi-devant-rachida-dati-au-premier-tour-selon-un-sondage_AV-202601100395.html#xtor=AL-68\" rel=\"nofollow noopener\" target=\"_blank\" data-ylk=\"slk:Article original publi\u00e9 sur BFMTV.com;elm:context_link;itc:0;sec:content-canvas\" class=\"link \">Article original publi\u00e9 sur BFMTV.com<\/a><\/p>\n","protected":false},"excerpt":{"rendered":"La liste d&rsquo;union de la gauche men\u00e9e par le socialiste Emmanuel Gr\u00e9goire, sans LFI, arriverait en t\u00eate du&hellip;\n","protected":false},"author":2,"featured_media":655818,"comment_status":"","ping_status":"","sticky":false,"template":"","format":"standard","meta":{"footnotes":""},"categories":[1888],"tags":[1111,1928,11,1927,8186,1777,674,1011,27,33566,780,2616,12,1926,626,1925,59616,417,25,18834],"class_list":{"0":"post-655817","1":"post","2":"type-post","3":"status-publish","4":"format-standard","5":"has-post-thumbnail","7":"category-paris","8":"tag-actu","9":"tag-actu-paris","10":"tag-actualites","11":"tag-actualites-paris","12":"tag-emmanuel-gregoire","13":"tag-eu","14":"tag-europe","15":"tag-fr","16":"tag-france","17":"tag-intentions-de-vote","18":"tag-lfi","19":"tag-ministre-de-la-culture","20":"tag-news","21":"tag-news-paris","22":"tag-paris","23":"tag-paris-news","24":"tag-pierre-yves-bournazel","25":"tag-rachida-dati","26":"tag-republique-francaise","27":"tag-sophia-chikirou"},"share_on_mastodon":{"url":"https:\/\/pubeurope.com\/@fr\/115875749809398324","error":""},"_links":{"self":[{"href":"https:\/\/www.europesays.com\/fr\/wp-json\/wp\/v2\/posts\/655817","targetHints":{"allow":["GET"]}}],"collection":[{"href":"https:\/\/www.europesays.com\/fr\/wp-json\/wp\/v2\/posts"}],"about":[{"href":"https:\/\/www.europesays.com\/fr\/wp-json\/wp\/v2\/types\/post"}],"author":[{"embeddable":true,"href":"https:\/\/www.europesays.com\/fr\/wp-json\/wp\/v2\/users\/2"}],"replies":[{"embeddable":true,"href":"https:\/\/www.europesays.com\/fr\/wp-json\/wp\/v2\/comments?post=655817"}],"version-history":[{"count":0,"href":"https:\/\/www.europesays.com\/fr\/wp-json\/wp\/v2\/posts\/655817\/revisions"}],"wp:featuredmedia":[{"embeddable":true,"href":"https:\/\/www.europesays.com\/fr\/wp-json\/wp\/v2\/media\/655818"}],"wp:attachment":[{"href":"https:\/\/www.europesays.com\/fr\/wp-json\/wp\/v2\/media?parent=655817"}],"wp:term":[{"taxonomy":"category","embeddable":true,"href":"https:\/\/www.europesays.com\/fr\/wp-json\/wp\/v2\/categories?post=655817"},{"taxonomy":"post_tag","embeddable":true,"href":"https:\/\/www.europesays.com\/fr\/wp-json\/wp\/v2\/tags?post=655817"}],"curies":[{"name":"wp","href":"https:\/\/api.w.org\/{rel}","templated":true}]}}